{"id":90,"date":"2007-12-20T05:40:58","date_gmt":"2007-12-20T09:40:58","guid":{"rendered":"http:\/\/www.soniamoura.com.br\/?p=90"},"modified":"2007-12-20T20:37:08","modified_gmt":"2007-12-21T00:37:08","slug":"um-enigma-da-natureza","status":"publish","type":"post","link":"http:\/\/www.soniamoura.com.br\/?p=90","title":{"rendered":"Mensagem da m\u00e3e Natureza"},"content":{"rendered":"<p><img loading=\"lazy\" src=\"http:\/\/www.soniamoura.com.br\/wp-content\/uploads\/2007\/12\/paisagem.thumbnail.jpg\" alt=\"ilha da lua e estrela\" align=\"left\" height=\"96\" vspace=\"6\" width=\"128\" \/>Embora essa possa ser uma fotomontagem, eu prefiro crer que seja uma montagem da pr\u00f3pria natureza.<\/p>\n<p>Confiando na segunda hip\u00f3tese, pergunto:<\/p>\n<p>O que a m\u00e3e Natureza deseja nos mostrar atrav\u00e9s dessa imagem?<\/p>\n<p>N\u00e3o posso precisar se estava dormindo ou acordada, se foi sonho ou se \u00e9 realidade, mas creio ter ouvido da m\u00e3e  Natureza seguinte mensagem:<\/p>\n<p>&#8211;\tMeninos, fala-nos a m\u00e3e Natureza, h\u00e1 um c\u00e9u aqui na terra. E, embora possa parecer parodoxal um c\u00e9u encravado em pleno mar, essa \u00e9 apenas uma confirma\u00e7\u00e3o da uni\u00e3o que deve existir entre os meus filhos.  Homens! Mulheres! Crian\u00e7as!, acordem, voc\u00eas fazem parte da minha prole, se integrem e n\u00e3o destruam seus irm\u00e3os: o mar, o ar, as florestas, enfim n\u00e3o destruam a nossa fam\u00edlia.Deixo para voc\u00eas a minha b\u00ean\u00e7\u00e3o e deleitem-se com esta bela imagem<\/p>\n","protected":false},"excerpt":{"rendered":"<p>Embora essa possa ser uma fotomontagem, eu prefiro crer que seja uma montagem da pr\u00f3pria natureza. Confiando na segunda hip\u00f3tese, pergunto: O que a m\u00e3e Natureza deseja nos mostrar atrav\u00e9s dessa imagem? N\u00e3o posso precisar se estava dormindo ou acordada, se foi sonho ou se \u00e9 realidade, mas creio ter ouvido da m\u00e3e Natureza seguinte [&hellip;]<\/p>\n","protected":false},"author":1,"featured_media":0,"comment_status":"open","ping_status":"open","sticky":false,"template":"","format":"standard","meta":{"spay_email":"","jetpack_publicize_message":"","jetpack_is_tweetstorm":false},"categories":[1,5],"tags":[],"jetpack_featured_media_url":"","jetpack_publicize_connections":[],"jetpack_sharing_enabled":true,"jetpack_shortlink":"https:\/\/wp.me\/pmZuW-1s","jetpack-related-posts":[{"id":61,"url":"http:\/\/www.soniamoura.com.br\/?p=61","url_meta":{"origin":90,"position":0},"title":"Rio (-mar) de Janeiro","date":"16 novembro 2007","format":false,"excerpt":"Numa perfeita comunh\u00e3o com a natureza, Docemente, meus p\u00e9s seguem beijando a areia E embora o dia esteja t\u00e3o nublado Uma nesga de sol apareceu Para alegrar meu rosto. Caminho olhando o mar da minha terra Aben\u00e7oada terra! Mesmo com todas as mazelas e Ainda que digam que tudo est\u00e1\u2026","rel":"","context":"Em &quot;Poesias&quot;","img":{"alt_text":"","src":"","width":0,"height":0},"classes":[]},{"id":2256,"url":"http:\/\/www.soniamoura.com.br\/?p=2256","url_meta":{"origin":90,"position":1},"title":"Do folhetim ao folhetim-  Entretenimento \u2013 educa\u00e7\u00e3o- ideologia (Parte III)","date":"8 maio 2015","format":false,"excerpt":"Do folhetim ao folhetim (S\u00f4nia Moura \u2013 UFF) \u00a0 Parte III \u00a0 II - LI\u00c7\u00d5ES DE MESTRES (escritores e cineasta) \u00a0 \u00a0 Assim, chegamos a Humberto Mauro e \u00e0 sua cria\u00e7\u00e3o ARGILA, filme que tem a forte marca do nacionalismo \u2013 redesenhado pelo prisma pol\u00edtico da era Vargas e pelo\u2026","rel":"","context":"Em &quot;ensaios&quot;","img":{"alt_text":"","src":"https:\/\/i1.wp.com\/www.soniamoura.com.br\/wp-content\/uploads\/2015\/05\/brasilll-300x236.jpg?resize=350%2C200","width":350,"height":200},"classes":[]},{"id":93,"url":"http:\/\/www.soniamoura.com.br\/?p=93","url_meta":{"origin":90,"position":2},"title":"O NATAL JAMAIS SER\u00c1 O MESMO","date":"25 dezembro 2007","format":false,"excerpt":"Pensava em minha inesquec\u00edvel amiga. Quanta saudade! Com ela aprendi tanto, e, infelizmente foi com sua partida que aprendi que a aus\u00eancia plantada pela morte \u00e9 cruel. Ah! Amiga, que falta voc\u00ea ainda me faz... Acho que pensei alto. - Ela deve ter sido algu\u00e9m muito importante, falou minha neta.\u2026","rel":"","context":"Em &quot;Contos&quot;","img":{"alt_text":"","src":"","width":0,"height":0},"classes":[]},{"id":84,"url":"http:\/\/www.soniamoura.com.br\/?p=84","url_meta":{"origin":90,"position":3},"title":"A sutileza de uma imagem","date":"10 dezembro 2007","format":false,"excerpt":"A sutileza dessa imagem seduziu- me. Esse \u00e9 o arame mais macio que j\u00e1 vi. Numa de suas garras uma gota pendura-se como a pedir socorro. Voltada para o c\u00e9u,\u00a0outra\u00a0garra parece um soldado de plant\u00e3o a defender seu territ\u00f3rio. Virada para solo,\u00a0outra\u00a0garra, em posi\u00e7\u00e3o de sentido, parece aguardar alguma ordem.\u2026","rel":"","context":"Post similar","img":{"alt_text":"","src":"","width":0,"height":0},"classes":[]},{"id":929,"url":"http:\/\/www.soniamoura.com.br\/?p=929","url_meta":{"origin":90,"position":4},"title":"SER FELIZ","date":"6 outubro 2009","format":false,"excerpt":"SER FELIZ (por S\u00f4nia Moura) \u00a0 A paz que tanto buscamos, quase sempre, nos invade, quando permitimos que nossos sentidos se espraiem, isto \u00e9, quando nos deixamos invadir por purezas e alegrias que de t\u00e3o maravilhosas nada custam. S\u00e3o estes momentos de tamanha magnitude que enriquecem nossas vidas e nos\u2026","rel":"","context":"Em &quot;Mensagens&quot;","img":{"alt_text":"","src":"","width":0,"height":0},"classes":[]},{"id":1383,"url":"http:\/\/www.soniamoura.com.br\/?p=1383","url_meta":{"origin":90,"position":5},"title":"HOR\u00c1RIO DE VER\u00c3O","date":"18 outubro 2010","format":false,"excerpt":"\u00a0 \u00a0HOR\u00c1RIO DE VER\u00c3O (2) \u00a0 \u00a0 \u00a0 \u00a0 \u00a0 \u00a0 \u00a0 \u00a0 \u00a0 \u00a0 \u00a0 \u00a0 \u00a0 \u201cOs deuses instalaram ansiedade no primeiro homem que \u00a0 \u00a0 \u00a0 \u00a0 \u00a0 \u00a0 \u00a0 \u00a0 \u00a0 \u00a0 descobriu como distinguir\u00a0as horas\u201d. \u00a0 \u00a0 \u00a0 \u00a0 \u00a0 \u00a0 \u00a0 \u00a0 \u00a0 \u00a0\u2026","rel":"","context":"Em &quot;Blogroll&quot;","img":{"alt_text":"","src":"","width":0,"height":0},"classes":[]}],"_links":{"self":[{"href":"http:\/\/www.soniamoura.com.br\/index.php?rest_route=\/wp\/v2\/posts\/90"}],"collection":[{"href":"http:\/\/www.soniamoura.com.br\/index.php?rest_route=\/wp\/v2\/posts"}],"about":[{"href":"http:\/\/www.soniamoura.com.br\/index.php?rest_route=\/wp\/v2\/types\/post"}],"author":[{"embeddable":true,"href":"http:\/\/www.soniamoura.com.br\/index.php?rest_route=\/wp\/v2\/users\/1"}],"replies":[{"embeddable":true,"href":"http:\/\/www.soniamoura.com.br\/index.php?rest_route=%2Fwp%2Fv2%2Fcomments&post=90"}],"version-history":[{"count":0,"href":"http:\/\/www.soniamoura.com.br\/index.php?rest_route=\/wp\/v2\/posts\/90\/revisions"}],"wp:attachment":[{"href":"http:\/\/www.soniamoura.com.br\/index.php?rest_route=%2Fwp%2Fv2%2Fmedia&parent=90"}],"wp:term":[{"taxonomy":"category","embeddable":true,"href":"http:\/\/www.soniamoura.com.br\/index.php?rest_route=%2Fwp%2Fv2%2Fcategories&post=90"},{"taxonomy":"post_tag","embeddable":true,"href":"http:\/\/www.soniamoura.com.br\/index.php?rest_route=%2Fwp%2Fv2%2Ftags&post=90"}],"curies":[{"name":"wp","href":"https:\/\/api.w.org\/{rel}","templated":true}]}}