{"id":85,"date":"2007-12-11T10:13:06","date_gmt":"2007-12-11T14:13:06","guid":{"rendered":"http:\/\/www.soniamoura.com.br\/?p=85"},"modified":"2007-12-11T20:18:18","modified_gmt":"2007-12-12T00:18:18","slug":"historias-de-amor","status":"publish","type":"post","link":"http:\/\/www.soniamoura.com.br\/?p=85","title":{"rendered":"Hist\u00f3rias de Amor"},"content":{"rendered":"<p><img ALIGN=\"left\" HEIGHT=\"152\" WIDTH=\"203\" HSPACE=\"6\" TITLE=\"cisnes e amor\" SRC=\"http:\/\/www.bbc.co.uk\/worldservice\/images\/2007\/12\/20071211091217cisne203.gif\" \/><\/p>\n<p><strong>*Cisne &#8216;apaixonado&#8217; por pedalinho vira atra\u00e7\u00e3o na Alemanha<\/strong><\/p>\n<p>&#8221; Um cisne &#8220;apaixonado&#8221; por um pedalinho em forma de ave virou atra\u00e7\u00e3o do zool\u00f3gico da cidade de Muenster, no norte da Alemanha.&#8221;<br \/>\n&#8220;H\u00e1 v\u00e1rios meses, o cisne negro passa os dias ao lado do pedalinho, que tem forma de um cisne branco e \u00e9 bem maior que o companheiro. &#8221;<\/p>\n<p>*<strong>Gatinhos abandonados adotam coelha como m\u00e3e na Esc\u00f3cia<\/strong> <img ALIGN=\"right\" HEIGHT=\"152\" WIDTH=\"203\" HSPACE=\"6\" TITLE=\"gatinhos e coelha\" SRC=\"http:\/\/www.bbc.co.uk\/worldservice\/images\/2007\/11\/20071119160422071119kitten203.jpg\" \/><\/p>\n<p>\u201cSeis gatinhos abandonados na Esc\u00f3cia encontraram uma nova m\u00e3e em uma coelha de estima\u00e7\u00e3o (&#8230;) \u201c&#8230;os gatinhos parecem ter gostado muito dela, pensando que era a m\u00e3e deles&#8221;, disse Humble \u00e0 BBC.<br \/>\n&#8220;Eles estavam tentando mamar nela e subiam em cima dela. E Summer, a coelha,  n\u00e3o se sentiu incomodada por eles em momento algum.&#8221;<br \/>\n&#8220;&#8221;<\/p>\n<p><strong><u>Como \u00e9 simples o amor!<\/u><\/strong><\/p>\n<p><strong>*Fonte: http:\/\/www.bbc.co.uk\/portuguese\/reporterbbc\/story\/2007\/11\/071119<\/strong><\/p>\n","protected":false},"excerpt":{"rendered":"<p>*Cisne &#8216;apaixonado&#8217; por pedalinho vira atra\u00e7\u00e3o na Alemanha &#8221; Um cisne &#8220;apaixonado&#8221; por um pedalinho em forma de ave virou atra\u00e7\u00e3o do zool\u00f3gico da cidade de Muenster, no norte da Alemanha.&#8221; &#8220;H\u00e1 v\u00e1rios meses, o cisne negro passa os dias ao lado do pedalinho, que tem forma de um cisne branco e \u00e9 bem maior [&hellip;]<\/p>\n","protected":false},"author":1,"featured_media":0,"comment_status":"open","ping_status":"open","sticky":false,"template":"","format":"standard","meta":{"spay_email":"","jetpack_publicize_message":"","jetpack_is_tweetstorm":false},"categories":[1],"tags":[],"jetpack_featured_media_url":"","jetpack_publicize_connections":[],"jetpack_sharing_enabled":true,"jetpack_shortlink":"https:\/\/wp.me\/pmZuW-1n","jetpack-related-posts":[{"id":463,"url":"http:\/\/www.soniamoura.com.br\/?p=463","url_meta":{"origin":85,"position":0},"title":"O COELHO MARQUITO","date":"10 novembro 2008","format":false,"excerpt":"\u00a0 \u00a0 \u00a0 \u00a0 \u00a0 \u00a0 \u00a0 \u00a0 \u00a0 \u00a0 \u00a0 \u00a0 \u00a0 \u00a0 \u00a0 \u00a0 \u00a0 \u00a0 \u00a0 \u00a0 \u00a0 \u00a0 \u00a0 \u00a0 \u00a0 \u00a0 \u00a0 \u00a0 \u00a0 \u00a0 \u00a0 \u00a0 \u00a0 \u00a0 \u00a0 \u00a0 \u00a0 \u00a0 \u00a0 \u00a0 \u00a0 \u00a0 \u00a0 \u00a0 \u00a0 \u00a0 \u00a0 \u00a0 \u00a0 \u00a0\u2026","rel":"","context":"Em &quot;Poesias&quot;","img":{"alt_text":"","src":"","width":0,"height":0},"classes":[]},{"id":1518,"url":"http:\/\/www.soniamoura.com.br\/?p=1518","url_meta":{"origin":85,"position":1},"title":"Cisne Negro","date":"16 fevereiro 2011","format":false,"excerpt":"\u00a0 Cisne Negro\u00a0\u00a0 (Autoria: S\u00f4nia Moura) Vamos dar um tempo em O Baile das M\u00e1scaras, mas, ainda assim vamos continuar bailando, para falarmos sobre o filme Cisne Negro, que tem como pano de fundo o bal\u00e9 O Lago dos Cisnes. Assim, entre o voo do cisne e as margens do\u2026","rel":"","context":"Em &quot;Blogroll&quot;","img":{"alt_text":"","src":"","width":0,"height":0},"classes":[]},{"id":429,"url":"http:\/\/www.soniamoura.com.br\/?p=429","url_meta":{"origin":85,"position":2},"title":"SELVA CELESTE","date":"27 outubro 2008","format":false,"excerpt":"Selva Celeste (AUTORIA: S\u00d4NIA MOURA) Tire um tempo e conhe\u00e7a a Selva Celeste Que, l\u00e1 no c\u00e9u, eles chamam de Constela\u00e7\u00e3o As Boreais s\u00e3o privil\u00e9gio de quem est\u00e1 ao norte, As Austrais s\u00f3 presenteiam quem est\u00e1 no sul, J\u00e1 as Zodiacais, mais dadivosas, s\u00e3o f\u00e1ceis de achar E se deixam\u2026","rel":"","context":"Em &quot;Poesias&quot;","img":{"alt_text":"","src":"","width":0,"height":0},"classes":[]},{"id":1230,"url":"http:\/\/www.soniamoura.com.br\/?p=1230","url_meta":{"origin":85,"position":3},"title":"M\u00c3E, M\u00daLTIPLAS IMAGENS!","date":"8 maio 2010","format":false,"excerpt":"\u00a0 \u00a0 \u00a0 \u00a0 \u00a0 \u00a0 \u00a0 \u00a0 \u00a0 \u00a0 \u00a0 \u00a0 \u00a0 \u00a0 \u00a0 \u00a0 \u00a0 \u00a0 \u00a0 \u00a0 \u00a0 \u00a0 \u00a0 \u00a0 \u00a0 \u00a0 \u00a0 \u00a0 \u00a0 \u00a0 \u00a0 \u00a0 \u00a0 \u00a0 \u00a0 \u00a0 \u00a0 \u00a0 \u00a0 \u00a0 M\u00c3E, M\u00daLTIPLAS IMAGENS!(Autoria:S\u00f4nia Moura) \u00a0 M\u00e3e \u00e9 este segredo que\u2026","rel":"","context":"Em &quot;Mensagens&quot;","img":{"alt_text":"","src":"","width":0,"height":0},"classes":[]},{"id":710,"url":"http:\/\/www.soniamoura.com.br\/?p=710","url_meta":{"origin":85,"position":4},"title":"\u201cHONRAR\u00c1S, AMAR\u00c1S E N\u00c3O MATAR\u00c1S TEUS FILHOS\u201d","date":"29 abril 2009","format":false,"excerpt":"\u201cHonra teu pai e tua m\u00e3e, para que teus dias se prolonguem sobre a terra.\u201d \u00a0 (Autoria: S\u00f4nia Moura) Segundo as religi\u00f5es judaico-crist\u00e3s, este \u00e9 um dos mandamentos divinos. \u00c9 um mandamento belo e justo. Creio que n\u00e3o h\u00e1 um mandamento sobre os pais amarem e honrarem seus filhos, porque\u2026","rel":"","context":"Em &quot;Mensagens&quot;","img":{"alt_text":"","src":"","width":0,"height":0},"classes":[]},{"id":133,"url":"http:\/\/www.soniamoura.com.br\/?p=133","url_meta":{"origin":85,"position":5},"title":"Non, Je me regrette rien\/ Je me fous du passe\u201d","date":"7 fevereiro 2008","format":false,"excerpt":"\u00a0\u00a0\u00a0 \u00a0 \u00a0Na 4a. Feira de Cinzas (algu\u00e9m ainda se lembra dessa nomenclatura?), fui ao cinema, \u00a0assistir \u201cLa M\u00f4me\u201d ou \u201cPiaf \u2013 Um Hino ao Amor\u201d , filme que reproduz a vida triste, louca,\u00a0linda e conturbada de uma das mais belas vozes do s\u00e9culo XX \u2013 a\u00a0vida\u00a0da\u00a0cantora Edith Piaf (1915-1963),\u2026","rel":"","context":"Em &quot;Mensagens&quot;","img":{"alt_text":"","src":"","width":0,"height":0},"classes":[]}],"_links":{"self":[{"href":"http:\/\/www.soniamoura.com.br\/index.php?rest_route=\/wp\/v2\/posts\/85"}],"collection":[{"href":"http:\/\/www.soniamoura.com.br\/index.php?rest_route=\/wp\/v2\/posts"}],"about":[{"href":"http:\/\/www.soniamoura.com.br\/index.php?rest_route=\/wp\/v2\/types\/post"}],"author":[{"embeddable":true,"href":"http:\/\/www.soniamoura.com.br\/index.php?rest_route=\/wp\/v2\/users\/1"}],"replies":[{"embeddable":true,"href":"http:\/\/www.soniamoura.com.br\/index.php?rest_route=%2Fwp%2Fv2%2Fcomments&post=85"}],"version-history":[{"count":0,"href":"http:\/\/www.soniamoura.com.br\/index.php?rest_route=\/wp\/v2\/posts\/85\/revisions"}],"wp:attachment":[{"href":"http:\/\/www.soniamoura.com.br\/index.php?rest_route=%2Fwp%2Fv2%2Fmedia&parent=85"}],"wp:term":[{"taxonomy":"category","embeddable":true,"href":"http:\/\/www.soniamoura.com.br\/index.php?rest_route=%2Fwp%2Fv2%2Fcategories&post=85"},{"taxonomy":"post_tag","embeddable":true,"href":"http:\/\/www.soniamoura.com.br\/index.php?rest_route=%2Fwp%2Fv2%2Ftags&post=85"}],"curies":[{"name":"wp","href":"https:\/\/api.w.org\/{rel}","templated":true}]}}