{"id":84,"date":"2007-12-10T19:34:29","date_gmt":"2007-12-10T23:34:29","guid":{"rendered":"http:\/\/www.soniamoura.com.br\/?p=84"},"modified":"2007-12-11T20:25:45","modified_gmt":"2007-12-12T00:25:45","slug":"a-sutileza-de-uma-imagem","status":"publish","type":"post","link":"http:\/\/www.soniamoura.com.br\/?p=84","title":{"rendered":"A sutileza de uma imagem"},"content":{"rendered":"<p><img ALIGN=\"left\" HEIGHT=\"94\" WIDTH=\"125\" HSPACE=\"6\" TITLE=\"arame\" SRC=\"http:\/\/tbn0.google.com\/images?q=tbn:9DwEftKjRF5nvM:http:\/\/deltablogs01.no.sapo.pt\/0012556.jpg\" \/>A sutileza dessa imagem seduziu- me.<br \/>\nEsse \u00e9 o arame mais macio que j\u00e1 vi.<\/p>\n<p>Numa de suas garras uma gota pendura-se como a pedir socorro.    Voltada para o c\u00e9u,\u00a0outra\u00a0garra parece um soldado de plant\u00e3o a defender seu territ\u00f3rio.<\/p>\n<p>Virada para   solo,\u00a0outra\u00a0garra, em posi\u00e7\u00e3o de sentido, parece aguardar alguma ordem. De quem ser\u00e1?<br \/>\nTeias sutis se amparam nos bra\u00e7os do arame, \u00e9 o refor\u00e7o que protege a pequenina gota de orvalho (ou ser\u00e1 a sobra de alguma chuvinha que j\u00e1 se foi?).<br \/>\nOlho essa imagem torcendo para que a suave gota fique presa ali, e desejo ardentemente que as garras do arame farpado e a teia de alguma aranha solid\u00e1ria a protejam e n\u00e3o deixem cair.<br \/>\nMais uma vez, olho a imagem com tanta do\u00e7ura que uma gota de  mel escorre do meu olhar e beija a minha boca, pendurando-se em meu sorriso, docemente.<\/p>\n","protected":false},"excerpt":{"rendered":"<p>A sutileza dessa imagem seduziu- me. Esse \u00e9 o arame mais macio que j\u00e1 vi. Numa de suas garras uma gota pendura-se como a pedir socorro. Voltada para o c\u00e9u,\u00a0outra\u00a0garra parece um soldado de plant\u00e3o a defender seu territ\u00f3rio. Virada para solo,\u00a0outra\u00a0garra, em posi\u00e7\u00e3o de sentido, parece aguardar alguma ordem. De quem ser\u00e1? Teias sutis [&hellip;]<\/p>\n","protected":false},"author":1,"featured_media":0,"comment_status":"open","ping_status":"open","sticky":false,"template":"","format":"standard","meta":{"spay_email":"","jetpack_publicize_message":"","jetpack_is_tweetstorm":false},"categories":[1],"tags":[],"jetpack_featured_media_url":"","jetpack_publicize_connections":[],"jetpack_sharing_enabled":true,"jetpack_shortlink":"https:\/\/wp.me\/pmZuW-1m","jetpack-related-posts":[{"id":1220,"url":"http:\/\/www.soniamoura.com.br\/?p=1220","url_meta":{"origin":84,"position":0},"title":"GOTA D\u00b4\u00c1GUA","date":"29 abril 2010","format":false,"excerpt":"\u00a0 \u00a0 GOTA D\u00b4\u00c1GUA (por S\u00f4nia Moura) \u00a0 Maria acordou com l\u00e1grimas nos olhos, emba\u00e7ando o raiar do seu dia, era o cora\u00e7\u00e3o que lhe saltava pelos olhos. As coisas do cora\u00e7\u00e3o s\u00e3o, quase sempre, lan\u00e7adas ao mundo atrav\u00e9s dos nossos olhos ou dos nossos olhares, pois s\u00e3o eles que\u2026","rel":"","context":"Em &quot;Livros&quot;","img":{"alt_text":"","src":"","width":0,"height":0},"classes":[]},{"id":1624,"url":"http:\/\/www.soniamoura.com.br\/?p=1624","url_meta":{"origin":84,"position":1},"title":"As Flores, o P\u00e1ssaro e os \u201cEspinhos\u201d     (Pelas palavras do poeta)","date":"31 julho 2011","format":false,"excerpt":"\u00a0 As Flores, o p\u00e1ssaro e os \u201cespinhos\u201d\u00a0 (Pelas palavras do poeta) \u00a0 \u00a0 \u00a0 \u00a0 \u00a0 [Autoria: S\u00d4NIA MOURA] \u00a0 O arame mal encarado Fingindo fazer carinho, No tronco tosco se enrosca, Crava-lhe seus espinhos, Sufoca o tronco abandonado E, nesta cruel brincadeira, Quase fere o n\u00f3 da madeira\u2026","rel":"","context":"Em &quot;Livros&quot;","img":{"alt_text":"","src":"","width":0,"height":0},"classes":[]},{"id":144,"url":"http:\/\/www.soniamoura.com.br\/?p=144","url_meta":{"origin":84,"position":2},"title":"Sangrando","date":"4 mar\u00e7o 2008","format":false,"excerpt":"A hist\u00f3ria de \u201cSangue Negro\u201d come\u00e7a no ano de 1898, num lugar denominado Novo M\u00e9xico. Numa modesta mina de prata, Daniel luta para tirar algo mais do que algumas fa\u00edscas da pedra t\u00e3o dura quanto ele e consegue, encontra uma pedra preciosa. Neste \u00ednterim, sofre um pequeno acidente, mas, com\u2026","rel":"","context":"Post similar","img":{"alt_text":"","src":"","width":0,"height":0},"classes":[]},{"id":1283,"url":"http:\/\/www.soniamoura.com.br\/?p=1283","url_meta":{"origin":84,"position":3},"title":"Perfil de Uma Realidade","date":"29 junho 2010","format":false,"excerpt":"PERFIL DE UMA REALIDADE (Autoria: S\u00f4nia Moura) \u00a0 Vi minha alma ca\u00edda no ch\u00e3o E ao lado dela havia um imenso drag\u00e3o Pondo lenha na fogueira da minha dor Queimando o rastro do meu amor \u00a0 E pelos olhos de minh\u00b4alma abatida Sentia a ilus\u00e3o esvair-se em horror Porque n\u00e3o\u2026","rel":"","context":"Em &quot;Livros&quot;","img":{"alt_text":"","src":"","width":0,"height":0},"classes":[]},{"id":1498,"url":"http:\/\/www.soniamoura.com.br\/?p=1498","url_meta":{"origin":84,"position":4},"title":"GOTA DE ORVALHO","date":"26 janeiro 2011","format":false,"excerpt":"\u00a0 GOTA DE ORVALHO (Autoria: S\u00f4nia Moura) \u00a0Amava as rosas de seu jardim, guardi\u00e3s de sua bela hist\u00f3ria de amor. Percorria-o todos os dias, em busca de um passado escondido, que sempre renascia no sil\u00eancio de suas rosas. O primeiro encontro e a primeira rosa ofertada renasciam a cada manh\u00e3\u2026","rel":"","context":"Em &quot;Contos&quot;","img":{"alt_text":"","src":"","width":0,"height":0},"classes":[]},{"id":232,"url":"http:\/\/www.soniamoura.com.br\/?p=232","url_meta":{"origin":84,"position":5},"title":"AUS\u00caNCIA PRESENTE","date":"15 junho 2008","format":false,"excerpt":"AUS\u00caNCIA PRESENTE \u00a0\u00a0\u00a0\u00a0\u00a0\u00a0\u00a0\u00a0\u00a0\u00a0\u00a0\u00a0\u00a0\u00a0\u00a0\u00a0\u00a0\u00a0\u00a0\u00a0\u00a0\u00a0 (Autoria: S\u00d4NIA MOURA) A tua presen\u00e7a na minha lembran\u00e7a Espelho incandescente a multiplicar a dor A espalhar fragr\u00e2ncias da tua ternura Saudade - a cobrir-me o sono Aus\u00eancia \u2013 sin\u00f4nimo de abandono? Porque n\u00e3o posso te abra\u00e7ar, eu canto E o lamento que de minh\u2019alma emana Espalha-se\u2026","rel":"","context":"Em &quot;Poesias&quot;","img":{"alt_text":"","src":"","width":0,"height":0},"classes":[]}],"_links":{"self":[{"href":"http:\/\/www.soniamoura.com.br\/index.php?rest_route=\/wp\/v2\/posts\/84"}],"collection":[{"href":"http:\/\/www.soniamoura.com.br\/index.php?rest_route=\/wp\/v2\/posts"}],"about":[{"href":"http:\/\/www.soniamoura.com.br\/index.php?rest_route=\/wp\/v2\/types\/post"}],"author":[{"embeddable":true,"href":"http:\/\/www.soniamoura.com.br\/index.php?rest_route=\/wp\/v2\/users\/1"}],"replies":[{"embeddable":true,"href":"http:\/\/www.soniamoura.com.br\/index.php?rest_route=%2Fwp%2Fv2%2Fcomments&post=84"}],"version-history":[{"count":0,"href":"http:\/\/www.soniamoura.com.br\/index.php?rest_route=\/wp\/v2\/posts\/84\/revisions"}],"wp:attachment":[{"href":"http:\/\/www.soniamoura.com.br\/index.php?rest_route=%2Fwp%2Fv2%2Fmedia&parent=84"}],"wp:term":[{"taxonomy":"category","embeddable":true,"href":"http:\/\/www.soniamoura.com.br\/index.php?rest_route=%2Fwp%2Fv2%2Fcategories&post=84"},{"taxonomy":"post_tag","embeddable":true,"href":"http:\/\/www.soniamoura.com.br\/index.php?rest_route=%2Fwp%2Fv2%2Ftags&post=84"}],"curies":[{"name":"wp","href":"https:\/\/api.w.org\/{rel}","templated":true}]}}