{"id":79,"date":"2007-12-06T09:15:34","date_gmt":"2007-12-06T13:15:34","guid":{"rendered":"http:\/\/www.soniamoura.com.br\/?p=79"},"modified":"2007-12-06T09:15:34","modified_gmt":"2007-12-06T13:15:34","slug":"a-historia-de-lourival","status":"publish","type":"post","link":"http:\/\/www.soniamoura.com.br\/?p=79","title":{"rendered":"A hist\u00f3ria de Lourival"},"content":{"rendered":"<p><img ALIGN=\"left\" HEIGHT=\"93\" WIDTH=\"124\" HSPACE=\"6\" TITLE=\"O bem e o mal\" SRC=\"http:\/\/tbn0.google.com\/images?q=tbn:2CcZ_jGbXrav9M:http:\/\/huizen.daxis.nl\/~henkt\/plaatjes\/good-and-evil.gif\" \/><br \/>\nVou-lhes contar a hist\u00f3ria<br \/>\nDe um conhecido meu<br \/>\nSeu nome \u00e9 Lourival<\/p>\n<p>Estranha a situa\u00e7\u00e3o<br \/>\nDo meu amigo  Lourival<br \/>\nN\u00e3o sabia se era do bem<br \/>\nOu se amava o mal<\/p>\n<p>Coitado do Lourival<br \/>\nTudo o que lhe ensinado<br \/>\nParecia a ele dizer<br \/>\nQue tudo do que ele gostava<br \/>\nEra pecado\u00a0e\u00a0n\u00e3o\u00a0prazer, ent\u00e3o,<br \/>\nO melhor era, &#8220;certas coisas&#8221;<\/p>\n<p>N\u00e3o fazer<\/p>\n<p>Pobrezinho do Lourival<br \/>\nVivia amuado l\u00e1 no fundo do quintal<br \/>\nFoi minguando<br \/>\nFoi secando<\/p>\n<p>At\u00e9 desaparecer<\/p>\n<p>Assim morreu Lourival<br \/>\nN\u00e3o t\u00e3o velho e<br \/>\nNem t\u00e3o mo\u00e7o<br \/>\nN\u00e3o t\u00e3o magro<br \/>\nNem t\u00e3o gordo<br \/>\nN\u00e3o t\u00e3o bom e<br \/>\nNem t\u00e3o mal<\/p>\n<p>A alma de Lourival, dizem<br \/>\nQue hoje vaga por a\u00ed<br \/>\nAtormentando quem passa<br \/>\nPelo fundo do quintal<br \/>\nPois l\u00e1 est\u00e1 a alma do Lourival<br \/>\nA perguntar a todo mundo:<br \/>\nIsto \u00e9 bom ou isto \u00e9 mal?<\/p>\n","protected":false},"excerpt":{"rendered":"<p>Vou-lhes contar a hist\u00f3ria De um conhecido meu Seu nome \u00e9 Lourival Estranha a situa\u00e7\u00e3o Do meu amigo Lourival N\u00e3o sabia se era do bem Ou se amava o mal Coitado do Lourival Tudo o que lhe ensinado Parecia a ele dizer Que tudo do que ele gostava Era pecado\u00a0e\u00a0n\u00e3o\u00a0prazer, ent\u00e3o, O melhor era, &#8220;certas [&hellip;]<\/p>\n","protected":false},"author":1,"featured_media":0,"comment_status":"open","ping_status":"open","sticky":false,"template":"","format":"standard","meta":{"spay_email":"","jetpack_publicize_message":"","jetpack_is_tweetstorm":false},"categories":[1],"tags":[],"jetpack_featured_media_url":"","jetpack_publicize_connections":[],"jetpack_sharing_enabled":true,"jetpack_shortlink":"https:\/\/wp.me\/pmZuW-1h","jetpack-related-posts":[{"id":757,"url":"http:\/\/www.soniamoura.com.br\/?p=757","url_meta":{"origin":79,"position":0},"title":"NEM VEM QUE N\u00c3O TEM!!!","date":"24 maio 2009","format":false,"excerpt":"NEM VEM QUE N\u00c3O TEM!!! (Autoria: S\u00f4nia Moura) Assistindo ao bom document\u00e1rio: \u201cSimonal \u2013 Ningu\u00e9m Sabe o Duro que Dei\u201d, confesso que chorei, que me revoltei e me rebelei, por saber que Simonal n\u00e3o est\u00e1 mais aqui para, ao menos, ter a chance de ouvir os aplausos que ecoaram ao\u2026","rel":"","context":"Post similar","img":{"alt_text":"","src":"","width":0,"height":0},"classes":[]},{"id":63,"url":"http:\/\/www.soniamoura.com.br\/?p=63","url_meta":{"origin":79,"position":1},"title":"O Quadro da saudade","date":"18 novembro 2007","format":false,"excerpt":"No fundo do quintal, descobriu um quadro, jogado num canto do celeiro abandonado, dentro de um ba\u00fa mais abandonado ainda. A poeira praticamente tirava do alcance dos olhos a delicada pintura que ali dormia, por muitos e muitos anos, sem ser incomodada por ningu\u00e9m. Amarrou algumas folhas ca\u00eddas das \u00e1rvores,\u2026","rel":"","context":"Post similar","img":{"alt_text":"","src":"","width":0,"height":0},"classes":[]},{"id":2243,"url":"http:\/\/www.soniamoura.com.br\/?p=2243","url_meta":{"origin":79,"position":2},"title":"Marcha \u00e0 r\u00e9   (ou Tempo do Rei Velho)","date":"23 mar\u00e7o 2015","format":false,"excerpt":"CAP\u00cdTULO VI Marcha \u00e0 r\u00e9\u00a0\u00a0 (ou Tempo do Rei Velho) \u00a0 Ao av\u00f4, do passado narrador, Disse o jovem e atento ouvinte: - Meu av\u00f4, para ser bem franco, Ao ouvir suas hist\u00f3rias sobre o ontem, Quando a vida era revelada em preto e branco Nos livros, nas revistas, nas\u2026","rel":"","context":"Em &quot;Livros&quot;","img":{"alt_text":"","src":"https:\/\/i2.wp.com\/www.soniamoura.com.br\/wp-content\/uploads\/2015\/03\/preto-branco-300x225.jpg?resize=350%2C200","width":350,"height":200},"classes":[]},{"id":332,"url":"http:\/\/www.soniamoura.com.br\/?p=332","url_meta":{"origin":79,"position":3},"title":"O DONO DO BANCO","date":"30 agosto 2008","format":false,"excerpt":"O Dono do Banco (Autoria: S\u00d4NIA MOURA) Era pessoa importante. Todos o conheciam e todos (ou quase todos), naquela cidade, deviam a ele. A bem da verdade, n\u00e3o tinha mesmo como escapar, por isso os moradores confessavam abertamente sua depend\u00eancia em rela\u00e7\u00e3o \u00e0quele homem. Ele era bondoso, por isso todos\u2026","rel":"","context":"Em &quot;Contos&quot;","img":{"alt_text":"","src":"","width":0,"height":0},"classes":[]},{"id":358,"url":"http:\/\/www.soniamoura.com.br\/?p=358","url_meta":{"origin":79,"position":4},"title":"Na cozinha ou na mesa brasileira...","date":"12 setembro 2008","format":false,"excerpt":"\u00a0 \u00a0 \u00a0 \u00a0 \u00a0 \u00a0 \u00a0 \u00a0 \u00a0 \u00a0 \u00a0 Na cozinha ou na mesa brasileira... (Autoria: S\u00f4nia Moura) Antigamente, mas, nem t\u00e3o antigamente assim, na cozinha ou na mesa brasileira... \u00b7 Quando se coava um caf\u00e9, no coador de pano, o cheiro ia longe, bem longe... \u00b7 O\u2026","rel":"","context":"Em &quot;Mensagens&quot;","img":{"alt_text":"","src":"","width":0,"height":0},"classes":[]},{"id":802,"url":"http:\/\/www.soniamoura.com.br\/?p=802","url_meta":{"origin":79,"position":5},"title":"COSTELA DO AD\u00c3O","date":"11 julho 2009","format":false,"excerpt":"\u00a0 COSTELA DO AD\u00c3O (Autoria: S\u00f4nia Moura) Quero entender a costela do Ad\u00e3o Dizem que dela eu vim Por isso agora preciso conhec\u00ea-la J\u00e1 que ela faz parte de mim Quero poder analis\u00e1-la Irei consultar os deuses do Olimpo Para saber se \u00e9 mesmo verdade Que de uma costela do\u2026","rel":"","context":"Em &quot;Poesias&quot;","img":{"alt_text":"","src":"","width":0,"height":0},"classes":[]}],"_links":{"self":[{"href":"http:\/\/www.soniamoura.com.br\/index.php?rest_route=\/wp\/v2\/posts\/79"}],"collection":[{"href":"http:\/\/www.soniamoura.com.br\/index.php?rest_route=\/wp\/v2\/posts"}],"about":[{"href":"http:\/\/www.soniamoura.com.br\/index.php?rest_route=\/wp\/v2\/types\/post"}],"author":[{"embeddable":true,"href":"http:\/\/www.soniamoura.com.br\/index.php?rest_route=\/wp\/v2\/users\/1"}],"replies":[{"embeddable":true,"href":"http:\/\/www.soniamoura.com.br\/index.php?rest_route=%2Fwp%2Fv2%2Fcomments&post=79"}],"version-history":[{"count":0,"href":"http:\/\/www.soniamoura.com.br\/index.php?rest_route=\/wp\/v2\/posts\/79\/revisions"}],"wp:attachment":[{"href":"http:\/\/www.soniamoura.com.br\/index.php?rest_route=%2Fwp%2Fv2%2Fmedia&parent=79"}],"wp:term":[{"taxonomy":"category","embeddable":true,"href":"http:\/\/www.soniamoura.com.br\/index.php?rest_route=%2Fwp%2Fv2%2Fcategories&post=79"},{"taxonomy":"post_tag","embeddable":true,"href":"http:\/\/www.soniamoura.com.br\/index.php?rest_route=%2Fwp%2Fv2%2Ftags&post=79"}],"curies":[{"name":"wp","href":"https:\/\/api.w.org\/{rel}","templated":true}]}}