{"id":73,"date":"2007-11-28T19:51:31","date_gmt":"2007-11-28T23:51:31","guid":{"rendered":"http:\/\/www.soniamoura.com.br\/?p=73"},"modified":"2007-11-28T19:57:51","modified_gmt":"2007-11-28T23:57:51","slug":"eco-logico","status":"publish","type":"post","link":"http:\/\/www.soniamoura.com.br\/?p=73","title":{"rendered":"Eco L\u00f3gico"},"content":{"rendered":"<p><img SRC=\"http:\/\/tbn0.google.com\/images?q=tbn:weJVkp84if6DtM:http:\/\/www.metodista.org.br\/imagens\/logo_eco_site.jpg\" TITLE=\"Eco L\u00f3gico\" HSPACE=\"6\" WIDTH=\"108\" HEIGHT=\"143\" ALIGN=\"left\" \/>De repente, os versos de uma can\u00e7\u00e3o infantil espalharam-se pelo mundo. Os versos eram repetidos por todos os continentes e nos mais diversos idiomas.<br \/>\nA can\u00e7\u00e3o dizia  assim:  \u201cUm dois, feij\u00e3o com arroz, tr\u00eas quatro, feij\u00e3o no prato!\u201d<br \/>\nCada vez mais alto, estes versos iam-se alojando nos ouvidos de quem quisesse ouvir  o seu clamor.<br \/>\nOutras vozes iam  se juntando e formando um grande bloco de vozes, era um verdadeiro eco l\u00f3gico a pedir<\/p>\n<p><u><\/u>\u00a0\u00a0\u00a0\u00a0\u00a0\u00a0\u00a0\u00a0\u00a0\u00a0\u00a0\u00a0\u00a0\u00a0\u00a0\u00a0\u00a0\u00a0\u00a0\u00a0\u00a0\u00a0\u00a0\u00a0\u00a0\u00a0\u00a0\u00a0\u00a0\u00a0\u00a0\u00a0\u00a0\u00a0\u00a0\u00a0\u00a0\u00a0\u00a0\u00a0\u00a0\u00a0\u00a0\u00a0\u00a0\u00a0\u00a0\u00a0<u>SOCORRO!<\/u><\/p>\n<p><strong>Oxal\u00e1 o mundo  ou\u00e7a essas vozes, antes que seja tarde demais.<\/strong><\/p>\n","protected":false},"excerpt":{"rendered":"<p>De repente, os versos de uma can\u00e7\u00e3o infantil espalharam-se pelo mundo. Os versos eram repetidos por todos os continentes e nos mais diversos idiomas. A can\u00e7\u00e3o dizia assim: \u201cUm dois, feij\u00e3o com arroz, tr\u00eas quatro, feij\u00e3o no prato!\u201d Cada vez mais alto, estes versos iam-se alojando nos ouvidos de quem quisesse ouvir o seu clamor. [&hellip;]<\/p>\n","protected":false},"author":1,"featured_media":0,"comment_status":"open","ping_status":"open","sticky":false,"template":"","format":"standard","meta":{"spay_email":"","jetpack_publicize_message":"","jetpack_is_tweetstorm":false},"categories":[5],"tags":[],"jetpack_featured_media_url":"","jetpack_publicize_connections":[],"jetpack_sharing_enabled":true,"jetpack_shortlink":"https:\/\/wp.me\/pmZuW-1b","jetpack-related-posts":[{"id":1099,"url":"http:\/\/www.soniamoura.com.br\/?p=1099","url_meta":{"origin":73,"position":0},"title":"O RITMO DA POESIA","date":"9 janeiro 2010","format":false,"excerpt":"\u00a0 \u00a0 O RITMO DA POESIA\u00a0 (Autoria: S\u00f4nia Moura) \u00a0 Em qualquer atividade humana o ritmo \u00e9 essencial e necess\u00e1rio, pois, \u00e9 o ritmo que d\u00e1 o andamento de cada atividade e \u00e9 ele tamb\u00e9m que alimenta a criatividade art\u00edstica, uma vez que tudo \u00e9 marcado, vivido e sentido por\u2026","rel":"","context":"Em &quot;Ensaios&quot;","img":{"alt_text":"","src":"","width":0,"height":0},"classes":[]},{"id":1576,"url":"http:\/\/www.soniamoura.com.br\/?p=1576","url_meta":{"origin":73,"position":1},"title":"O RITMO DA POESIA","date":"8 maio 2011","format":false,"excerpt":"\u00a0 \u00a0O RITMO DA POESIA\u00a0 (Autoria: S\u00f4nia Moura) \u00a0Em qualquer atividade humana o ritmo \u00e9 essencial e necess\u00e1rio, pois, \u00e9 o ritmo que d\u00e1 o andamento de cada atividade e \u00e9 ele tamb\u00e9m que alimenta a criatividade art\u00edstica, uma vez que tudo \u00e9 marcado, vivido e sentido por meio de\u00a0\u2026","rel":"","context":"Em &quot;Ensaios&quot;","img":{"alt_text":"","src":"","width":0,"height":0},"classes":[]},{"id":133,"url":"http:\/\/www.soniamoura.com.br\/?p=133","url_meta":{"origin":73,"position":2},"title":"Non, Je me regrette rien\/ Je me fous du passe\u201d","date":"7 fevereiro 2008","format":false,"excerpt":"\u00a0\u00a0\u00a0 \u00a0 \u00a0Na 4a. Feira de Cinzas (algu\u00e9m ainda se lembra dessa nomenclatura?), fui ao cinema, \u00a0assistir \u201cLa M\u00f4me\u201d ou \u201cPiaf \u2013 Um Hino ao Amor\u201d , filme que reproduz a vida triste, louca,\u00a0linda e conturbada de uma das mais belas vozes do s\u00e9culo XX \u2013 a\u00a0vida\u00a0da\u00a0cantora Edith Piaf (1915-1963),\u2026","rel":"","context":"Em &quot;Mensagens&quot;","img":{"alt_text":"","src":"","width":0,"height":0},"classes":[]},{"id":744,"url":"http:\/\/www.soniamoura.com.br\/?p=744","url_meta":{"origin":73,"position":3},"title":"ENCONTROS","date":"15 maio 2009","format":false,"excerpt":"\u00a0ENCONTROS (Autoria S\u00f4nia Moura) Ser\u00e1 um sonho ou \u00e9 esta emo\u00e7\u00e3o Que me faz sentir Tua presen\u00e7a em mim Convidando-me a Seguirmos juntos, de m\u00e3os dadas Como p\u00e1ssaros libertos a voar por a\u00ed Ser\u00e1 um sonho ou \u00e9 o meu desejo Que, no sil\u00eancio da noite enluarada, Mostra-me que sou\u2026","rel":"","context":"Em &quot;Livros&quot;","img":{"alt_text":"","src":"","width":0,"height":0},"classes":[]},{"id":795,"url":"http:\/\/www.soniamoura.com.br\/?p=795","url_meta":{"origin":73,"position":4},"title":"O ESPELHO E AS MUSAS","date":"4 julho 2009","format":false,"excerpt":"I - O ESPELHO e as MUSAS (Autoria: S\u00d4NIA MOURA) Estas s\u00e3o algumas das perguntas que circulam atualmente nos meios acad\u00eamicos, institucionais, empresariais, quando se pensa na institui\u00e7\u00e3o secular que historicamente, at\u00e9 pouco tempo, tinha seu papel bem delineado e delimitado nos campos sociais e art\u00edsticos: recolher, classificar, conservar e\u2026","rel":"","context":"Em &quot;Ensaios&quot;","img":{"alt_text":"","src":"","width":0,"height":0},"classes":[]},{"id":765,"url":"http:\/\/www.soniamoura.com.br\/?p=765","url_meta":{"origin":73,"position":5},"title":"DOCES E SALGADOS","date":"1 junho 2009","format":false,"excerpt":"\u00a0 \u00a0 \u00a0 \u00a0 \u00a0 \u00a0 \u00a0 \u00a0 \u00a0 \u00a0 \u00a0 \u00a0 \u00a0 \u00a0 \u00a0 \u00a0 \u00a0 \u00a0 \u00a0 DOCES e SALGADOS (Autoria: S\u00d4NIA MOURA) Nossa vida se mistura ao sentido das palavras, pois ela \u00e9 uma sequ\u00eancia de rela\u00e7\u00f5es nem sempre lineares, mas com um encadeamento associativo de id\u00e9ias,\u2026","rel":"","context":"Em &quot;Mensagens&quot;","img":{"alt_text":"","src":"","width":0,"height":0},"classes":[]}],"_links":{"self":[{"href":"http:\/\/www.soniamoura.com.br\/index.php?rest_route=\/wp\/v2\/posts\/73"}],"collection":[{"href":"http:\/\/www.soniamoura.com.br\/index.php?rest_route=\/wp\/v2\/posts"}],"about":[{"href":"http:\/\/www.soniamoura.com.br\/index.php?rest_route=\/wp\/v2\/types\/post"}],"author":[{"embeddable":true,"href":"http:\/\/www.soniamoura.com.br\/index.php?rest_route=\/wp\/v2\/users\/1"}],"replies":[{"embeddable":true,"href":"http:\/\/www.soniamoura.com.br\/index.php?rest_route=%2Fwp%2Fv2%2Fcomments&post=73"}],"version-history":[{"count":0,"href":"http:\/\/www.soniamoura.com.br\/index.php?rest_route=\/wp\/v2\/posts\/73\/revisions"}],"wp:attachment":[{"href":"http:\/\/www.soniamoura.com.br\/index.php?rest_route=%2Fwp%2Fv2%2Fmedia&parent=73"}],"wp:term":[{"taxonomy":"category","embeddable":true,"href":"http:\/\/www.soniamoura.com.br\/index.php?rest_route=%2Fwp%2Fv2%2Fcategories&post=73"},{"taxonomy":"post_tag","embeddable":true,"href":"http:\/\/www.soniamoura.com.br\/index.php?rest_route=%2Fwp%2Fv2%2Ftags&post=73"}],"curies":[{"name":"wp","href":"https:\/\/api.w.org\/{rel}","templated":true}]}}