{"id":70,"date":"2007-11-25T04:14:02","date_gmt":"2007-11-25T08:14:02","guid":{"rendered":"http:\/\/www.soniamoura.com.br\/?p=70"},"modified":"2007-11-25T05:32:09","modified_gmt":"2007-11-25T09:32:09","slug":"cacos","status":"publish","type":"post","link":"http:\/\/www.soniamoura.com.br\/?p=70","title":{"rendered":"Cacos"},"content":{"rendered":"<p><img ALIGN=\"left\" HEIGHT=\"274\" WIDTH=\"200\" HSPACE=\"6\" TITLE=\"Cacos\" SRC=\"http:\/\/www.dominiofeminino.com.br\/artigos_tematicos\/seguranca\/ilustrs\/cacos.jpg\" \/><\/p>\n<p>Ontem fui a um encontro de sempre<br \/>\nCom os amigos de sempre<br \/>\nApenas o lugar, desta vez, n\u00e3o era o de sempre<\/p>\n<p>Descobri que o tempo \u00e9 como uma vassoura<br \/>\nQue vai varrendo os cacos de nossas vidas<br \/>\nSelecionando o que vai ficar e o que ele vai levar<\/p>\n<p>H\u00e1 cacos que o tempo varre para debaixo do tapete,<br \/>\nOutros, ele varre para longe,<br \/>\nE nem mesmo a imagem desses cacos voltar\u00e1<\/p>\n<p>E h\u00e1 tamb\u00e9m aqueles<br \/>\nQue nem o tempo consegue descartar<br \/>\nPorque esses se escondem num canto de nossa mem\u00f3ria<br \/>\nDriblando o tempo e<br \/>\nFazendo-nos lembrar do que fomos,<br \/>\nDo que t\u00ednhamos e do que perdemos<\/p>\n<p>Cacos de uma vida que,<br \/>\nCertamente, nunca mais vai retornar<\/p>\n<p>\u00c0 sa\u00edda, juntei os cacos que podia juntar,<br \/>\nE fui embora com a quase certeza de que<br \/>\nDesse encontro, nunca mais vou participar<\/p>\n<p>Conseguirei?<br \/>\nS\u00f3 o tempo dir\u00e1<\/p>\n<p>(Do livro POEMAS EM TR\u00c2NSITO de S\u00f4nia Moura)<\/p>\n","protected":false},"excerpt":{"rendered":"<p>Ontem fui a um encontro de sempre Com os amigos de sempre Apenas o lugar, desta vez, n\u00e3o era o de sempre Descobri que o tempo \u00e9 como uma vassoura Que vai varrendo os cacos de nossas vidas Selecionando o que vai ficar e o que ele vai levar H\u00e1 cacos que o tempo varre [&hellip;]<\/p>\n","protected":false},"author":1,"featured_media":0,"comment_status":"open","ping_status":"open","sticky":false,"template":"","format":"standard","meta":{"spay_email":"","jetpack_publicize_message":"","jetpack_is_tweetstorm":false},"categories":[2],"tags":[],"jetpack_featured_media_url":"","jetpack_publicize_connections":[],"jetpack_sharing_enabled":true,"jetpack_shortlink":"https:\/\/wp.me\/smZuW-cacos","jetpack-related-posts":[{"id":716,"url":"http:\/\/www.soniamoura.com.br\/?p=716","url_meta":{"origin":70,"position":0},"title":"CACOS DE LEMBRAN\u00c7AS","date":"1 maio 2009","format":false,"excerpt":"\u00a0 CACOS DE LEMBRAN\u00c7AS (Autoria: S\u00f4nia Moura) Dos por\u00f5es das minhas saudades Recolho tempos S\u00e3o cacos de lembran\u00e7as Nada mais Mas como valem estes cacos Que, \u00e0s vezes, jogamos fora Expulsando esperan\u00e7as Matando nosso eu -crian\u00e7a Que deveria viver Os cacos de nossas lembran\u00e7as Servem para lavar a alma E\u2026","rel":"","context":"Em &quot;Livros&quot;","img":{"alt_text":"","src":"","width":0,"height":0},"classes":[]},{"id":1943,"url":"http:\/\/www.soniamoura.com.br\/?p=1943","url_meta":{"origin":70,"position":1},"title":"(DES)ENREDO","date":"14 fevereiro 2013","format":false,"excerpt":"\u00a0 DESENREDO\u00a0 (Autoria: S\u00f4nia Moura) Num cora\u00e7\u00e3o despeda\u00e7ado Borboletas voam desvairadas Num tempo perdido Em tristezas achadas Entre d\u00favidas atormentadas Afogando-se em l\u00e1grimas roladas O que fa\u00e7o com a vida? Essa eterna lida a me confrontar A dizer: ame! Vale a pena arriscar E, ao mesmo tempo, Me bota na\u2026","rel":"","context":"Em &quot;Livros&quot;","img":{"alt_text":"","src":"","width":0,"height":0},"classes":[]},{"id":1206,"url":"http:\/\/www.soniamoura.com.br\/?p=1206","url_meta":{"origin":70,"position":2},"title":"POEMA P\u00d3S-TUDO de AUGUSTO DE CAMPOS \u2013 parte III","date":"18 abril 2010","format":false,"excerpt":"POEMA P\u00d3S-TUDO de AUGUSTO DE CAMPOS \u2013 parte III (Autoria: S\u00f4nia Moura) \u00a0 \u00a0\u00a0\u00a0 Modernismo x P\u00f3s \u2013 Moderno\u00a0 \u00a0 \u00a0 \u00a0 \u00a0 \u00a0 \u00a0 Enquanto os modernistas eram a imagem da EXALTA\u00c7\u00c3O, os p\u00f3s \u2013 modernos s\u00e3o a pr\u00f3pria EXAUST\u00c3O. \u00a0\u00a0\u00a0\u00a0\u00a0\u00a0\u00a0\u00a0\u00a0 A arte Moderna tem total liberdade criadora, \u00e9\u2026","rel":"","context":"Em &quot;Ensaios&quot;","img":{"alt_text":"","src":"","width":0,"height":0},"classes":[]},{"id":725,"url":"http:\/\/www.soniamoura.com.br\/?p=725","url_meta":{"origin":70,"position":3},"title":"POR AMOR \u00c0 ARTE","date":"4 maio 2009","format":false,"excerpt":"POR AMOR \u00c0 ARTE \u00a0 \u00a0 \u00a0 \u00a0( Autoria: S\u00d4NIA MOURA) \u00a0 Movendo-se pelo palco, o ator precisa conquistar a sua plat\u00e9ia, sua miss\u00e3o \u00e9 fazer o seu p\u00fablico compreender, sentir e participar da arte, uma vez que s\u00f3 a compreendemos, de fato, quando dela participamos, quando a sentimos, quando\u2026","rel":"","context":"Em &quot;Ensaios&quot;","img":{"alt_text":"","src":"","width":0,"height":0},"classes":[]},{"id":920,"url":"http:\/\/www.soniamoura.com.br\/?p=920","url_meta":{"origin":70,"position":4},"title":"TEMPO! TEMPO! TEMPO!","date":"30 setembro 2009","format":false,"excerpt":"\u00a0 TEMPO! TEMPO! TEMPO! (Autoria: S\u00f4nia Moura) \u00a0 Por ser multifacetado, o tempo \u00e9 crian\u00e7a, jovem, velho; \u00e9 tamb\u00e9m presente, passado e futuro, \u00e9 finito e infinito e pode ser\u00a0 longo ou curto. O tempo \u00e9 t\u00e3o poderoso que pode ser de espera ou de encontro, de alegria ou de\u2026","rel":"","context":"Em &quot;Mensagens&quot;","img":{"alt_text":"","src":"","width":0,"height":0},"classes":[]},{"id":334,"url":"http:\/\/www.soniamoura.com.br\/?p=334","url_meta":{"origin":70,"position":5},"title":"AFRODITE E AS ROSAS","date":"2 setembro 2008","format":false,"excerpt":"AFRODITE E AS ROSAS \u00a0 \u00a0 \u00a0 \u00a0 \u00a0 \u00a0 \u00a0 \u00a0 \u00a0 \u00a0 \u00a0 \u00a0 \u00a0 \u00a0 \u00a0 \u00a0 (Autoria: S\u00d4NIA MOURA) Carregava nos bra\u00e7os as marcas de um tempo em que em seu leito, tal qual o leito de um rio, via passar encantos e encantadores de ilus\u00e3o,\u2026","rel":"","context":"Em &quot;Contos&quot;","img":{"alt_text":"","src":"","width":0,"height":0},"classes":[]}],"_links":{"self":[{"href":"http:\/\/www.soniamoura.com.br\/index.php?rest_route=\/wp\/v2\/posts\/70"}],"collection":[{"href":"http:\/\/www.soniamoura.com.br\/index.php?rest_route=\/wp\/v2\/posts"}],"about":[{"href":"http:\/\/www.soniamoura.com.br\/index.php?rest_route=\/wp\/v2\/types\/post"}],"author":[{"embeddable":true,"href":"http:\/\/www.soniamoura.com.br\/index.php?rest_route=\/wp\/v2\/users\/1"}],"replies":[{"embeddable":true,"href":"http:\/\/www.soniamoura.com.br\/index.php?rest_route=%2Fwp%2Fv2%2Fcomments&post=70"}],"version-history":[{"count":0,"href":"http:\/\/www.soniamoura.com.br\/index.php?rest_route=\/wp\/v2\/posts\/70\/revisions"}],"wp:attachment":[{"href":"http:\/\/www.soniamoura.com.br\/index.php?rest_route=%2Fwp%2Fv2%2Fmedia&parent=70"}],"wp:term":[{"taxonomy":"category","embeddable":true,"href":"http:\/\/www.soniamoura.com.br\/index.php?rest_route=%2Fwp%2Fv2%2Fcategories&post=70"},{"taxonomy":"post_tag","embeddable":true,"href":"http:\/\/www.soniamoura.com.br\/index.php?rest_route=%2Fwp%2Fv2%2Ftags&post=70"}],"curies":[{"name":"wp","href":"https:\/\/api.w.org\/{rel}","templated":true}]}}