{"id":65,"date":"2007-11-20T11:03:08","date_gmt":"2007-11-20T15:03:08","guid":{"rendered":"http:\/\/www.soniamoura.com.br\/?p=65"},"modified":"2007-11-20T11:10:37","modified_gmt":"2007-11-20T15:10:37","slug":"zumbi-dos-palmares-ou-na-marra-2","status":"publish","type":"post","link":"http:\/\/www.soniamoura.com.br\/?p=65","title":{"rendered":"ZUMBI DOS PALMARES (ou NA MARRA 2)"},"content":{"rendered":"<p><img ALIGN=\"left\" HEIGHT=\"74\" WIDTH=\"130\" HSPACE=\"6\" TITLE=\"zumbi dos palmares\" SRC=\"http:\/\/tbn0.google.com\/images?q=tbn:djBjvoO2s4sksM:http:\/\/stat.correioweb.com.br\/cw\/EDICAO_20061118\/fotos\/s04-1.jpg\" \/>J\u00e1 faz um bom tempo que, na MARRA , tentaram \u201ccivilizar\u201d um negro batizado Francisco, mas que se imortalizou como ZUMBI, o Zumbi dos Palmares. O negro chamado Francisco aprendeu portugu\u00eas e latim e  ajudava na celebra\u00e7\u00e3o da missa, cresceu forte e inteligente.<br \/>\nAos quinze anos Zumbi foi para um lugar onde pudesse desfrutar do bem maior que a todos pertence: a liberdade. Neste lugar, logo se torna conhecido pela sua destreza e ast\u00facia na luta. Chega aos vinte e poucos anos, como um estrategista militar respeit\u00e1vel, e,  h\u00e1 um bom tempo, dizem que tamb\u00e9m,  na MARRA,  Zumbi tomou o comando do Quilombo de Palmares.<br \/>\nTalvez tenha sido num  domingo, que um tal   Domingos Jorge Velho foi chamado para organizar uma invas\u00e3o ao Quilombo dos Palmares, onde viviam negros e brancos,  n\u00e3o importava, eram aceitos no Quilomgo, todos os exclu\u00eddos.<br \/>\nEm 6 de fevereiro de 1694 a capital de Palmares, Macaco, foi destru\u00edda e Zumbi ferido. Apesar de ter sobrevivido, foi tra\u00eddo por Antonio Soares e, surpreendido pelo cap. Furtado de Mendon\u00e7a em seu reduto (talvez a Serra Dois Irm\u00e3os),  na MARRA, mas na MARRA, mesmo, foi morto.<br \/>\nCortaram-lhe a cabe\u00e7a, salgaram-na, introduziram em sua boca um p\u00eanis, expuseram esta cabe\u00e7a cortada em pra\u00e7a p\u00fablica, tentando acabar com a cren\u00e7a de que Zumbi era imortal. Hoje se sabe que ZUMBI \u00e9 imortal. Talvez sua imortalidade j\u00e1 comece pelo seu verdadeiro nome:  ZUMBI, oriundo do africano quimbundo \u201cnzumbi\u201d, que significa algo pr\u00f3ximo da palavra \u201cduende\u201d.<br \/>\nZUMBI!ZUMBI!, guerreiro que d\u00e1 orgulho aos descendentes da m\u00e3e \u00c1frica e a todos os brasileiros de bom senso, lutou  por sua gente de pele negra, que no Brasil \u201cclareou-se\u201d, quando vieram os \u201cmulatos\u201d. Na  MARRA precisavam branquear o povo, sem contar que tiraram dos negros uma de suas marcas da identidade, que estes  traziam  em lindos nomes africanos, com suas significa\u00e7\u00f5es e simbologias. Mas n\u00e3o lhes tiraram o \u00e2nimo, por tanto, as almas.<br \/>\nTamb\u00e9m, na MARRA, todos foram batizados;\u00a0 na MARRA, a hist\u00f3ria escondeu muitas verdades sobre os negros e sobre suas lutas em prol da liberdade, pois os negros sempre fugiam em busca de sua liberdade, e, como se sabe, Quilombo n\u00e3o foi o \u00fanico reduto dos negros fugitivos.<br \/>\nNa MARRA, por um longo tempo e at\u00e9 hoje, os negros s\u00e3o escondidos pelo n\u00e3o &#8211; discurso ou pela nega\u00e7\u00e3o: \u201cnegro n\u00e3o \u00e9 bonito, inteligente, honesto, limpo, n\u00e3o tem \u201cboa apar\u00eancia\u201d e muitos outros \u201cn\u00e3os\u201d.\u201d Tudo feito na encolha, na hipocrisia, assim, na MARRA, a negritude brasileira \u00e9 anulada.<br \/>\nNa MARRA, tentaram e n\u00e3o conseguiram escravizar Zumbi dos Palmares, tentaram e n\u00e3o conseguiram apag\u00e1-lo da mem\u00f3ria do seu povo. N\u00e3o conseguiram, pois Zumbi, como qualquer ser,  nasceu livre.<br \/>\nE esta \u00e9 a verdade:  ainda que , na MARRA , consigam escravizar o corpo de um ser, o que os donos de escravos n\u00e3o sabem \u00e9 que, aquele que \u00e9 verdadeiramente livre, jamais ser\u00e1 escravo, pois ter\u00e1 uma alma eternamente livre, \u00e9 o caso de ZUMBI DOS PALMARES &#8211; s\u00edmbolo da resist\u00eancia negra \u00e0 escravid\u00e3o,  assassinado em 20 de novembro de 1695.<\/p>\n","protected":false},"excerpt":{"rendered":"<p>J\u00e1 faz um bom tempo que, na MARRA , tentaram \u201ccivilizar\u201d um negro batizado Francisco, mas que se imortalizou como ZUMBI, o Zumbi dos Palmares. O negro chamado Francisco aprendeu portugu\u00eas e latim e ajudava na celebra\u00e7\u00e3o da missa, cresceu forte e inteligente. Aos quinze anos Zumbi foi para um lugar onde pudesse desfrutar do [&hellip;]<\/p>\n","protected":false},"author":1,"featured_media":0,"comment_status":"open","ping_status":"open","sticky":false,"template":"","format":"standard","meta":{"spay_email":"","jetpack_publicize_message":"","jetpack_is_tweetstorm":false},"categories":[1],"tags":[],"jetpack_featured_media_url":"","jetpack_publicize_connections":[],"jetpack_sharing_enabled":true,"jetpack_shortlink":"https:\/\/wp.me\/pmZuW-13","jetpack-related-posts":[{"id":180,"url":"http:\/\/www.soniamoura.com.br\/?p=180","url_meta":{"origin":65,"position":0},"title":"\"EU TENHO UM SONHO\"!","date":"4 abril 2008","format":false,"excerpt":"Ao ler, pela internet,\u00a0um\u00a0informativo sobre a hist\u00f3ria da luta dos negros nos Estados Unidos, em que os nomes de seus l\u00edderes se mostra, pensei:\u00a0\u00a0- Certamente haver\u00e1 algo na internet sobre a lideran\u00e7a ou sobre os l\u00edderes negros no Brasil. No entanto, o que encontrei foi desanimador e triste, ou seja,\u2026","rel":"","context":"Em &quot;Mensagens&quot;","img":{"alt_text":"","src":"","width":0,"height":0},"classes":[]},{"id":1411,"url":"http:\/\/www.soniamoura.com.br\/?p=1411","url_meta":{"origin":65,"position":1},"title":"ZUMBI, VALEU!","date":"20 novembro 2010","format":false,"excerpt":"\u00a0 ZUMBI, VALEU!\u00a0 (por S\u00d4NIA MOURA) \u00a0 \u201cAinda vai levar um tempo\/Pra fechar\/O que feriu por dentro...\u201d (LULU SANTOS) \u00a0 Estes versos de Lulu Santos nada t\u00eam a ver com escravid\u00e3o ou Zumbi dos Palmares, mas, neste instante, me servem como pretexto e inspira\u00e7\u00e3o para falar sobre ZUMBI DOS PALMARES.\u2026","rel":"","context":"Em &quot;Mensagens&quot;","img":{"alt_text":"","src":"","width":0,"height":0},"classes":[]},{"id":486,"url":"http:\/\/www.soniamoura.com.br\/?p=486","url_meta":{"origin":65,"position":2},"title":"VALEU, ZUMBI!","date":"20 novembro 2008","format":false,"excerpt":"VALEU, ZUMBI! \u00a0[por S\u00d4NIA MOURA] \u00a0 Muitas s\u00e3o as dificuldades enfrentadas pela popula\u00e7\u00e3o negra no Brasil, para derrubar barreiras, caminhar com liberdade, ter orgulho da cor e da heran\u00e7a africana. Falta \u00e0 grande maioria destes brasileiros algo muito importante: a consci\u00eancia de sua negritude, o que pode ser definido assim:\u2026","rel":"","context":"Post similar","img":{"alt_text":"","src":"","width":0,"height":0},"classes":[]},{"id":1020,"url":"http:\/\/www.soniamoura.com.br\/?p=1020","url_meta":{"origin":65,"position":3},"title":"VALEU ZUMBI! VALEU BESOURO! VALEU MESTRE AL\u00cdPIO!","date":"21 novembro 2009","format":false,"excerpt":"\u00a0VALEU ZUMBI! VALEU BESOURO! VALEU MESTRE AL\u00cdPIO! (Autoria: S\u00f4nia Moura) \u00a0 A bem da verdade muitos s\u00e3o os nomes de her\u00f3is an\u00f4nimos que resistiram bravamente, lutando contra a imbecilidade da escravid\u00e3o. Homens e mulheres \u201cnegros como a noite\u201d guerrearam, como puderam, pelo seu povo, t\u00e3o injusti\u00e7ado e massacrado. Tenho certeza\u2026","rel":"","context":"Em &quot;Mensagens&quot;","img":{"alt_text":"","src":"","width":0,"height":0},"classes":[]},{"id":60,"url":"http:\/\/www.soniamoura.com.br\/?p=60","url_meta":{"origin":65,"position":4},"title":"Na marra I","date":"15 novembro 2007","format":false,"excerpt":"Na marra 1 Na pra\u00e7a da Aclama\u00e7\u00e3o (hoje, Pra\u00e7a da Rep\u00fablica), um grupo de militares, liderados pelo marechal Deodoro da Fonseca, deu um golpe de estado e dep\u00f4s o Imperador D.Pedro II, em 15 de novembro de 1889. \u00c9..., j\u00e1 faz um bom tempo que, na marra, aconteceu de o\u2026","rel":"","context":"Em &quot;R\u00e1pidas&quot;","img":{"alt_text":"","src":"","width":0,"height":0},"classes":[]},{"id":93,"url":"http:\/\/www.soniamoura.com.br\/?p=93","url_meta":{"origin":65,"position":5},"title":"O NATAL JAMAIS SER\u00c1 O MESMO","date":"25 dezembro 2007","format":false,"excerpt":"Pensava em minha inesquec\u00edvel amiga. Quanta saudade! Com ela aprendi tanto, e, infelizmente foi com sua partida que aprendi que a aus\u00eancia plantada pela morte \u00e9 cruel. Ah! Amiga, que falta voc\u00ea ainda me faz... Acho que pensei alto. - Ela deve ter sido algu\u00e9m muito importante, falou minha neta.\u2026","rel":"","context":"Em &quot;Contos&quot;","img":{"alt_text":"","src":"","width":0,"height":0},"classes":[]}],"_links":{"self":[{"href":"http:\/\/www.soniamoura.com.br\/index.php?rest_route=\/wp\/v2\/posts\/65"}],"collection":[{"href":"http:\/\/www.soniamoura.com.br\/index.php?rest_route=\/wp\/v2\/posts"}],"about":[{"href":"http:\/\/www.soniamoura.com.br\/index.php?rest_route=\/wp\/v2\/types\/post"}],"author":[{"embeddable":true,"href":"http:\/\/www.soniamoura.com.br\/index.php?rest_route=\/wp\/v2\/users\/1"}],"replies":[{"embeddable":true,"href":"http:\/\/www.soniamoura.com.br\/index.php?rest_route=%2Fwp%2Fv2%2Fcomments&post=65"}],"version-history":[{"count":0,"href":"http:\/\/www.soniamoura.com.br\/index.php?rest_route=\/wp\/v2\/posts\/65\/revisions"}],"wp:attachment":[{"href":"http:\/\/www.soniamoura.com.br\/index.php?rest_route=%2Fwp%2Fv2%2Fmedia&parent=65"}],"wp:term":[{"taxonomy":"category","embeddable":true,"href":"http:\/\/www.soniamoura.com.br\/index.php?rest_route=%2Fwp%2Fv2%2Fcategories&post=65"},{"taxonomy":"post_tag","embeddable":true,"href":"http:\/\/www.soniamoura.com.br\/index.php?rest_route=%2Fwp%2Fv2%2Ftags&post=65"}],"curies":[{"name":"wp","href":"https:\/\/api.w.org\/{rel}","templated":true}]}}