{"id":64,"date":"2007-11-19T22:03:18","date_gmt":"2007-11-20T02:03:18","guid":{"rendered":"http:\/\/www.soniamoura.com.br\/?p=64"},"modified":"2007-11-19T22:03:18","modified_gmt":"2007-11-20T02:03:18","slug":"ir-e-vir","status":"publish","type":"post","link":"http:\/\/www.soniamoura.com.br\/?p=64","title":{"rendered":"Ir e vir"},"content":{"rendered":"<p>Jap\u00e3o come\u00e7a a controlar dados biom\u00e9tricos dos estrangeiros.<\/p>\n<p>\u201c T\u00f3quio, 20 nov (EFE).- O Jap\u00e3o come\u00e7ou nesta ter\u00e7a-feira a registrar os dados biom\u00e9tricos dos estrangeiros maiores de 16 anos que visitam o pa\u00eds, com a entrada em vigor de uma nova lei que endurece os controles de imigra\u00e7\u00e3o em aeroportos e portos.<\/p>\n<p>Segundo a ag\u00eancia<strong><a HREF=\"http:\/\/noticias.uol.com.br\/ultnot\/efe\/2007\/11\/19\/ult1808u105866.jhtm\"> &#8220;Kyodo&#8221;, o Jap\u00e3o <\/a><\/strong>\u00e9 o segundo pa\u00eds, depois dos Estados Unidos, a introduzir um sistema para recolher dados biom\u00e9tricos. Os estrangeiros que entrarem no pa\u00eds ser\u00e3o fotografados e ter\u00e3o que tirar as impress\u00f5es digitais.O Governo japon\u00eas alega que o objetivo \u00e9 refor\u00e7ar a luta contra o terrorismo internacional. Mas associa\u00e7\u00f5es de advogados denunciam a utiliza\u00e7\u00e3o dos dados nas investiga\u00e7\u00f5es criminais sem nenhum tipo de controle.Os dados pessoais v\u00e3o ser recolhidos por equipamentos fabricados por empresas japonesas especialmente para esta tarefa.<\/p>\n<p>A nova Lei para Controle da Imigra\u00e7\u00e3o e de Refugiados foi aprovada em maio e entrou em vigor nesta ter\u00e7a-feira, 20 de novembro.\u201d<\/p>\n<p><strong>Vejam, senhoras e senhores, tudo come\u00e7a assim, eles sempre alegam que \u00e9 para o bem, que \u00e9 para defender a P\u00e1tria, o povo, a fam\u00edlia,  a f\u00e9, mas de  verdade mesmo, o que eles querem \u00e9 manter o poder, o dinheiro, o territ\u00f3rio, as riquezas.<\/strong><\/p>\n<p><strong>Algu\u00e9m,\u00a0r\u00e1pido,\u00a0salve\u00a0a\u00a0liberdade,\u00a0ao\u00a0menos\u00a0a\u00a0de\u00a0ir\u00a0e\u00a0vir.\u00a0<\/strong><\/p>\n","protected":false},"excerpt":{"rendered":"<p>Jap\u00e3o come\u00e7a a controlar dados biom\u00e9tricos dos estrangeiros. \u201c T\u00f3quio, 20 nov (EFE).- O Jap\u00e3o come\u00e7ou nesta ter\u00e7a-feira a registrar os dados biom\u00e9tricos dos estrangeiros maiores de 16 anos que visitam o pa\u00eds, com a entrada em vigor de uma nova lei que endurece os controles de imigra\u00e7\u00e3o em aeroportos e portos. Segundo a ag\u00eancia [&hellip;]<\/p>\n","protected":false},"author":1,"featured_media":0,"comment_status":"open","ping_status":"open","sticky":false,"template":"","format":"standard","meta":{"spay_email":"","jetpack_publicize_message":"","jetpack_is_tweetstorm":false},"categories":[5],"tags":[],"jetpack_featured_media_url":"","jetpack_publicize_connections":[],"jetpack_sharing_enabled":true,"jetpack_shortlink":"https:\/\/wp.me\/pmZuW-12","jetpack-related-posts":[{"id":221,"url":"http:\/\/www.soniamoura.com.br\/?p=221","url_meta":{"origin":64,"position":0},"title":"DE GR\u00c3O EM GR\u00c3O...","date":"2 junho 2008","format":false,"excerpt":"DE GR\u00c3O EM GR\u00c3O... \u00a0\u00a0\u00a0\u00a0 Inpe aponta desmatamento de 1.123 km2 na Amaz\u00f4nia; 794 km2 em MT S\u00c3O PAULO (Reuters) - A Amaz\u00f4nia perdeu 1.123 quil\u00f4metros quadrados de floresta por corte raso ou degrada\u00e7\u00e3o progressiva durante o m\u00eas de abril, informou nesta segunda-feira o Instituto Nacional de Pesquisas Espaciais (Inpe).\u2026","rel":"","context":"Post similar","img":{"alt_text":"","src":"","width":0,"height":0},"classes":[]},{"id":279,"url":"http:\/\/www.soniamoura.com.br\/?p=279","url_meta":{"origin":64,"position":1},"title":"Todos s\u00e3o iguais perante a Lei!!???","date":"15 julho 2008","format":false,"excerpt":"http:\/\/jbonline.terra.com.br\/extra\/2008\/07\/15\/e150715659.html [via www.niu.com.br] Ag\u00eancia Brasil Satiagraha: exposi\u00e7\u00e3o de presos foi erro, diz Tarso \u00a0 \u00a0 A respeito da reuni\u00e3o com o presidente Lula, o ministro afirmou que \"o presidente disse que a conveni\u00eancia de us\u00e1-las (algemas) ou n\u00e3o, de acordo com a lei, \u00e9 do pr\u00f3prio agente. E que o\u2026","rel":"","context":"Em &quot;Mensagens&quot;","img":{"alt_text":"","src":"","width":0,"height":0},"classes":[]},{"id":740,"url":"http:\/\/www.soniamoura.com.br\/?p=740","url_meta":{"origin":64,"position":2},"title":"ABOLI\u00c7\u00c3O DA ESCRAVATURA","date":"13 maio 2009","format":false,"excerpt":"ABOLI\u00c7\u00c3O DA ESCRAVATURA (Autoria: S\u00f4nia Moura) \u00a0 \u00a0 \u00a0 \u00a0 ABOLI\u00c7\u00c3O DA ESCRAVATURA (Autoria: S\u00f4nia Moura0 A lei n\u00ba 3.353, de 13 de maio de 1888, de autoria de Rodrigo Augusto da Silva, ministro dos Neg\u00f3cios da Agricultura, Com\u00e9rcio e Obras P\u00fablicas e interino dos Neg\u00f3cios Estrangeiros, deputado e depois\u2026","rel":"","context":"Com 1 coment\u00e1rio","img":{"alt_text":"","src":"","width":0,"height":0},"classes":[]},{"id":114,"url":"http:\/\/www.soniamoura.com.br\/?p=114","url_meta":{"origin":64,"position":3},"title":"A Vida e a Arte","date":"23 janeiro 2008","format":false,"excerpt":"A vida e a arte Leiam este artigo: \u201cEmpregada descobre que patr\u00e3o era o pai desaparecido\u201d e comprovem que nem sempre o ficcionista \u201cinventa\u201d, como geralmente se sup\u00f5e, mas, certamente ele aproveita o que a vida tem de melhor ou de pior, para recriar. Recolhe os dados, rearruma os fatos,\u2026","rel":"","context":"Post similar","img":{"alt_text":"","src":"","width":0,"height":0},"classes":[]},{"id":55,"url":"http:\/\/www.soniamoura.com.br\/?p=55","url_meta":{"origin":64,"position":4},"title":"P\u00e1tria e amadas, salve! salve!","date":"12 novembro 2007","format":false,"excerpt":"\u201cEstudo relaciona curvas femininas \u00e0 intelig\u00eancia dos filhos. Os pesquisadores Stephen Gaulin, da Universidade da Calif\u00f3rnia, e William Lassek, da Universidade de Pittsburgh, usaram dados do Centro Nacional de Estat\u00edsticas de Sa\u00fade, nos Estados Unidos, para fazer o estudo e descobriram que a rela\u00e7\u00e3o cintura-quadril das m\u00e3es estava diretamente relacionada\u2026","rel":"","context":"Em &quot;R\u00e1pidas&quot;","img":{"alt_text":"","src":"","width":0,"height":0},"classes":[]},{"id":1090,"url":"http:\/\/www.soniamoura.com.br\/?p=1090","url_meta":{"origin":64,"position":5},"title":"Di\u00e1logos entre as cavernas de Plat\u00e3o e Saramago -INTERTEXTU[ATUAL]IDADES","date":"3 janeiro 2010","format":false,"excerpt":"\u00a0 \u00a0 \u00a0Di\u00e1logos entre as cavernas de Plat\u00e3o e Saramago - INTERTEXTU[ATUAL]IDADES \u00a0 \u00a0(Autoria: S\u00f4nia Moura) \u00a0 Uma obra nunca pertence a um s\u00f3 autor, a um s\u00f3 \u201cdono\u201d, uma vez que este autor \u201cassocia-se\u201d a outros autores, leitores, textos, cita\u00e7\u00f5es, ditos populares e a intertextualiza\u00e7\u00e3o acontece, acrescentando algo novo\u2026","rel":"","context":"Em &quot;Ensaios&quot;","img":{"alt_text":"","src":"","width":0,"height":0},"classes":[]}],"_links":{"self":[{"href":"http:\/\/www.soniamoura.com.br\/index.php?rest_route=\/wp\/v2\/posts\/64"}],"collection":[{"href":"http:\/\/www.soniamoura.com.br\/index.php?rest_route=\/wp\/v2\/posts"}],"about":[{"href":"http:\/\/www.soniamoura.com.br\/index.php?rest_route=\/wp\/v2\/types\/post"}],"author":[{"embeddable":true,"href":"http:\/\/www.soniamoura.com.br\/index.php?rest_route=\/wp\/v2\/users\/1"}],"replies":[{"embeddable":true,"href":"http:\/\/www.soniamoura.com.br\/index.php?rest_route=%2Fwp%2Fv2%2Fcomments&post=64"}],"version-history":[{"count":0,"href":"http:\/\/www.soniamoura.com.br\/index.php?rest_route=\/wp\/v2\/posts\/64\/revisions"}],"wp:attachment":[{"href":"http:\/\/www.soniamoura.com.br\/index.php?rest_route=%2Fwp%2Fv2%2Fmedia&parent=64"}],"wp:term":[{"taxonomy":"category","embeddable":true,"href":"http:\/\/www.soniamoura.com.br\/index.php?rest_route=%2Fwp%2Fv2%2Fcategories&post=64"},{"taxonomy":"post_tag","embeddable":true,"href":"http:\/\/www.soniamoura.com.br\/index.php?rest_route=%2Fwp%2Fv2%2Ftags&post=64"}],"curies":[{"name":"wp","href":"https:\/\/api.w.org\/{rel}","templated":true}]}}