{"id":613,"date":"2009-02-02T11:49:56","date_gmt":"2009-02-02T15:49:56","guid":{"rendered":"http:\/\/www.soniamoura.com.br\/?p=613"},"modified":"2009-02-02T11:52:09","modified_gmt":"2009-02-02T15:52:09","slug":"quem-afiou-o-machado-de-assis","status":"publish","type":"post","link":"http:\/\/www.soniamoura.com.br\/?p=613","title":{"rendered":"QUEM AFIOU O MACHADO DE ASSIS?"},"content":{"rendered":"<p><strong>Quem afiou a Machado de Assis?  (por S\u00d4NIA MOURA)<\/strong><\/p>\n<p><strong>Teria sido Lima Barreto ou, mais contemporaneamente, Lima Duarte?<\/strong><\/p>\n<p><a title=\"Machado de Assis\" href=\"http:\/\/www.soniamoura.com.br\/wp-content\/uploads\/2009\/02\/machado.jpg\"><img alt=\"Machado de Assis\" src=\"http:\/\/www.soniamoura.com.br\/wp-content\/uploads\/2009\/02\/machado.jpg\" \/><\/a><\/p>\n<p>Esta e outras perguntas faziam parte de um repert\u00f3rio das chamadas \u201dperguntas tolas\u201d, que s\u00f3 serviam para divertir, alegrar.<br \/>\nVejamos alguns exemplos:<\/p>\n<p>1-\tQuem \u00e9 o centro avante do ataque card\u00edaco?<br \/>\n2-\tEm perna de pau nasce pelo?<br \/>\n3-\tLinha de \u00f4nibus serve para costurar?<br \/>\n4-\tQuem nasce na ilha da madeira \u00e9 cara de pau?<br \/>\n5-\tQuantos filhos tem o pai Sand\u00f9?<br \/>\n6-\tP\u00e9 de alface tem chul\u00e9?<\/p>\n<p>(Esta era uma inocente brincadeira de tempos que l\u00e1 se v\u00e3o.)<\/p>\n<p>A bem da verdade, o que era afiado em Machado de Assis era o seu humor que, para alguns, beirava o cinismo, e tamb\u00e9m era sin\u00f4nimo de uma ironia,  que andava em perfeita  sintonia fina com a vida.<\/p>\n<p>Para outros, o humor machadiano era a prova viva de uma intelig\u00eancia sagaz.<\/p>\n<p>Quem afiou sua mente para que ele conseguisse penetrar com tanta aud\u00e1cia e certeza nos meandros da psique e da alma alheia?<\/p>\n<p>Quem afinou sua pena para que ele ousasse conversar com o leitor, chamando-o para o centro da roda narrativa, o que acaba por tornar leitor e autor c\u00famplices do que estava sendo narrado?<\/p>\n<p>Quem afinou a l\u00f3gica da escrita machadiana que, atrav\u00e9s de per\u00edodos curtos, diretos, alcan\u00e7ava o objetivo desejado, prendendo a aten\u00e7\u00e3o do leitor, sem deixar o texto tornar-se tedioso, a fim de que a leitura fosse o mais poss\u00edvel prazerosa.<\/p>\n<p>Este afiado Machado de Assis era um implac\u00e1vel cr\u00edtico da sociedade e do ser humano, sabia como \u201climar\u201d as apar\u00eancias, buscando revelar ao leitor os lugares secretos das a\u00e7\u00f5es humanas, as ess\u00eancias da vida, atrav\u00e9s da an\u00e1lise do mundo interior dos personagens.<\/p>\n<p>A afiada  ironia machadiana, na maioria das vezes marcada por pinceladas amargas e at\u00e9 mesmo beirando \u00e0 crueldade, arranca feroz ou brandamente as m\u00e1scaras que escondem os muitos jogos de interesse circulantes na sociedade, fazendo vir \u00e0 tona uma descren\u00e7a mostrada por um desespero quase velado, para que as nuances da alma humana fossem reveladas.<\/p>\n<p>Preclaros leitores, de fato n\u00e3o sabemos quem afiou o Machado de Assis, mas, certamente, podemos afirmar que a sociedade da \u00e9poca e tudo mais que ela representava naquele \u201cnovo\u201d mundo, por meio de suas  descobertas e id\u00e9ias revolucion\u00e1rias, ajudaram a afiar este escritor genial e sua obra, por meio da qual ele se mostra um observador  do mundo, de seus pares e de si mesmo, sendo ao mesmo tempo ca\u00e7a e ca\u00e7ador.<\/p>\n<p><a href=\"http:\/\/www.soniamoura.com.br\/wp-content\/uploads\/2009\/02\/machado_de_assis.jpg\" title=\"Machado de Assis\"><img src=\"http:\/\/www.soniamoura.com.br\/wp-content\/uploads\/2009\/02\/machado_de_assis.jpg\" alt=\"Machado de Assis\" \/><\/a><\/p>\n","protected":false},"excerpt":{"rendered":"<p>Quem afiou a Machado de Assis? (por S\u00d4NIA MOURA) Teria sido Lima Barreto ou, mais contemporaneamente, Lima Duarte? Esta e outras perguntas faziam parte de um repert\u00f3rio das chamadas \u201dperguntas tolas\u201d, que s\u00f3 serviam para divertir, alegrar. Vejamos alguns exemplos: 1- Quem \u00e9 o centro avante do ataque card\u00edaco? 2- Em perna de pau nasce [&hellip;]<\/p>\n","protected":false},"author":1,"featured_media":0,"comment_status":"open","ping_status":"open","sticky":false,"template":"","format":"standard","meta":{"spay_email":"","jetpack_publicize_message":"","jetpack_is_tweetstorm":false},"categories":[6],"tags":[],"jetpack_featured_media_url":"","jetpack_publicize_connections":[],"jetpack_sharing_enabled":true,"jetpack_shortlink":"https:\/\/wp.me\/pmZuW-9T","jetpack-related-posts":[{"id":1486,"url":"http:\/\/www.soniamoura.com.br\/?p=1486","url_meta":{"origin":613,"position":0},"title":"SOS - Regi\u00e3o Serrana (postos de arrecada\u00e7\u00e3o)","date":"16 janeiro 2011","format":false,"excerpt":"\u00c9 sempre bom ajudar a quem precisa, concordam? Uma verdadeira rede de solidariedade se forma em prol das v\u00edtimas das chuvas que atigiram a Regi\u00e3o Serrana do Estado do Rio. A maior necessidade \u00e9 por \u00e1gua, leite em p\u00f3, materiais de higiene e limpeza e colch\u00f5es. Confira os endere\u00e7os onde\u2026","rel":"","context":"Em &quot;Mensagens&quot;","img":{"alt_text":"","src":"","width":0,"height":0},"classes":[]},{"id":865,"url":"http:\/\/www.soniamoura.com.br\/?p=865","url_meta":{"origin":613,"position":1},"title":"LIVRO DE MEM\u00d3RIAS","date":"24 agosto 2009","format":false,"excerpt":"\u00a0 LIVRO DE MEM\u00d3RIAS \u00a0 (por S\u00f4nia Moura) Um livro de mem\u00f3rias n\u00e3o guarda tudo, mas, como arte, guarda para sempre as muitas faces de hist\u00f3rias \u00fanicas e m\u00faltiplas, e, ao mesmo tempo, t\u00e3o singulares e t\u00e3o plurais, ele guarda a hist\u00f3ria de um e a hist\u00f3ria de todos, que\u2026","rel":"","context":"Em &quot;Mensagens&quot;","img":{"alt_text":"","src":"","width":0,"height":0},"classes":[]},{"id":1664,"url":"http:\/\/www.soniamoura.com.br\/?p=1664","url_meta":{"origin":613,"position":2},"title":"JOGO DA VIDA","date":"16 outubro 2011","format":false,"excerpt":"\u00a0 JOGO DA VIDA (Autoria: S\u00f4nia Moura) Reli suas cartas Embaralhei sentidos e sentimentos Vi meu rei abandonar a mim, sua rainha, A\u00ed, veio o valete e me cortejou E em mangas de camisa Entre ases e curingas me guardou Deitou-me em um leito Debaixo das copas das \u00e1rvores Amou-me\u2026","rel":"","context":"Em &quot;Livros&quot;","img":{"alt_text":"","src":"","width":0,"height":0},"classes":[]},{"id":2388,"url":"http:\/\/www.soniamoura.com.br\/?p=2388","url_meta":{"origin":613,"position":3},"title":"As contas de um desencanto","date":"27 abril 2016","format":false,"excerpt":"Os vendedores j\u00e1 a conheciam. Mais uma vez, comprou um livro no sebo, gostava disso. Livros antigos, j\u00e1 manuseados por outros. O que teriam achado da hist\u00f3ria? Leram por prazer ou por obriga\u00e7\u00e3o? Comprava, lia e passava adiante. Dizia sempre que livro foi feito para trocar de dono e que\u2026","rel":"","context":"Em &quot;Contos&quot;","img":{"alt_text":"","src":"https:\/\/i2.wp.com\/www.soniamoura.com.br\/wp-content\/uploads\/2016\/04\/FotoRasgada2-300x290.gif?resize=350%2C200","width":350,"height":200},"classes":[]},{"id":559,"url":"http:\/\/www.soniamoura.com.br\/?p=559","url_meta":{"origin":613,"position":4},"title":"FELIZ NATAL! FELIZ NATAL!","date":"24 dezembro 2008","format":false,"excerpt":"\u00a0 \u00a0 \u00a0 \u00a0 \u00a0 \u00a0 \u00a0 \u00a0 \u00a0 \u00a0 \u00a0 \u00a0 \u00a0 \u00a0 \u00a0 \u00a0 \u00a0 \u00a0 \u00a0 \u00a0 \u00a0\u00a0 \u00c9 NATAL! (Autoria: S\u00f4nia Moura) Era uma vez uma menininha que morava num vilarejo muito, mas muito tranq\u00fcilo. Neste lugar, as noites eram muito, mas muito mais claras e\u2026","rel":"","context":"Em &quot;Mensagens&quot;","img":{"alt_text":"","src":"","width":0,"height":0},"classes":[]},{"id":643,"url":"http:\/\/www.soniamoura.com.br\/?p=643","url_meta":{"origin":613,"position":5},"title":"VIVA O CARNAVAL CARIOCA!","date":"24 fevereiro 2009","format":false,"excerpt":"VIVA O CARNAVAL CARIOCA! Se todos os blocos carnavalescos da cidade do Rio de Janeiro, desfilassem concentrados num \u00fanico lugar, como fazem as escolas, creio que o n\u00famero de participantes iria calar vozes, que insistem em dizer que, na minha cidade maravilhosa, n\u00e3o h\u00e1 mais carnaval de rua. Uma das\u2026","rel":"","context":"Em &quot;R\u00e1pidas&quot;","img":{"alt_text":"","src":"","width":0,"height":0},"classes":[]}],"_links":{"self":[{"href":"http:\/\/www.soniamoura.com.br\/index.php?rest_route=\/wp\/v2\/posts\/613"}],"collection":[{"href":"http:\/\/www.soniamoura.com.br\/index.php?rest_route=\/wp\/v2\/posts"}],"about":[{"href":"http:\/\/www.soniamoura.com.br\/index.php?rest_route=\/wp\/v2\/types\/post"}],"author":[{"embeddable":true,"href":"http:\/\/www.soniamoura.com.br\/index.php?rest_route=\/wp\/v2\/users\/1"}],"replies":[{"embeddable":true,"href":"http:\/\/www.soniamoura.com.br\/index.php?rest_route=%2Fwp%2Fv2%2Fcomments&post=613"}],"version-history":[{"count":0,"href":"http:\/\/www.soniamoura.com.br\/index.php?rest_route=\/wp\/v2\/posts\/613\/revisions"}],"wp:attachment":[{"href":"http:\/\/www.soniamoura.com.br\/index.php?rest_route=%2Fwp%2Fv2%2Fmedia&parent=613"}],"wp:term":[{"taxonomy":"category","embeddable":true,"href":"http:\/\/www.soniamoura.com.br\/index.php?rest_route=%2Fwp%2Fv2%2Fcategories&post=613"},{"taxonomy":"post_tag","embeddable":true,"href":"http:\/\/www.soniamoura.com.br\/index.php?rest_route=%2Fwp%2Fv2%2Ftags&post=613"}],"curies":[{"name":"wp","href":"https:\/\/api.w.org\/{rel}","templated":true}]}}