{"id":60,"date":"2007-11-15T13:20:22","date_gmt":"2007-11-15T17:20:22","guid":{"rendered":"http:\/\/www.soniamoura.com.br\/?p=60"},"modified":"2007-11-15T13:22:24","modified_gmt":"2007-11-15T17:22:24","slug":"na-marra-i","status":"publish","type":"post","link":"http:\/\/www.soniamoura.com.br\/?p=60","title":{"rendered":"Na marra I"},"content":{"rendered":"<p><img SRC=\"http:\/\/tbn0.google.com\/images?q=tbn:lPITMv01WGAjlM:http:\/\/www.canalkids.com.br\/cultura\/historia\/imagens\/golpe_15nov_ultparag.gif\" TITLE=\"Proclama\u00e7\u00e3o da Rep\u00fablica\" HSPACE=\"6\" WIDTH=\"107\" HEIGHT=\"111\" ALIGN=\"left\" \/>Na marra 1<\/p>\n<p>Na pra\u00e7a da Aclama\u00e7\u00e3o (hoje, Pra\u00e7a da Rep\u00fablica), um grupo de militares, liderados pelo marechal Deodoro da Fonseca, deu um golpe de estado e dep\u00f4s o Imperador D.Pedro II,  em 15 de novembro de 1889.<br \/>\n<strong>\u00c9&#8230;, j\u00e1 faz um bom tempo que, na marra,  aconteceu de o Imp\u00e9rio dar vez \u00e0 Rep\u00fablica.<\/strong><\/p>\n","protected":false},"excerpt":{"rendered":"<p>Na marra 1 Na pra\u00e7a da Aclama\u00e7\u00e3o (hoje, Pra\u00e7a da Rep\u00fablica), um grupo de militares, liderados pelo marechal Deodoro da Fonseca, deu um golpe de estado e dep\u00f4s o Imperador D.Pedro II, em 15 de novembro de 1889. \u00c9&#8230;, j\u00e1 faz um bom tempo que, na marra, aconteceu de o Imp\u00e9rio dar vez \u00e0 Rep\u00fablica.<\/p>\n","protected":false},"author":1,"featured_media":0,"comment_status":"open","ping_status":"open","sticky":false,"template":"","format":"standard","meta":{"spay_email":"","jetpack_publicize_message":"","jetpack_is_tweetstorm":false},"categories":[8],"tags":[],"jetpack_featured_media_url":"","jetpack_publicize_connections":[],"jetpack_sharing_enabled":true,"jetpack_shortlink":"https:\/\/wp.me\/pmZuW-Y","jetpack-related-posts":[{"id":65,"url":"http:\/\/www.soniamoura.com.br\/?p=65","url_meta":{"origin":60,"position":0},"title":"ZUMBI DOS PALMARES (ou NA MARRA 2)","date":"20 novembro 2007","format":false,"excerpt":"J\u00e1 faz um bom tempo que, na MARRA , tentaram \u201ccivilizar\u201d um negro batizado Francisco, mas que se imortalizou como ZUMBI, o Zumbi dos Palmares. O negro chamado Francisco aprendeu portugu\u00eas e latim e ajudava na celebra\u00e7\u00e3o da missa, cresceu forte e inteligente. Aos quinze anos Zumbi foi para um\u2026","rel":"","context":"Com 1 coment\u00e1rio","img":{"alt_text":"","src":"","width":0,"height":0},"classes":[]},{"id":93,"url":"http:\/\/www.soniamoura.com.br\/?p=93","url_meta":{"origin":60,"position":1},"title":"O NATAL JAMAIS SER\u00c1 O MESMO","date":"25 dezembro 2007","format":false,"excerpt":"Pensava em minha inesquec\u00edvel amiga. Quanta saudade! Com ela aprendi tanto, e, infelizmente foi com sua partida que aprendi que a aus\u00eancia plantada pela morte \u00e9 cruel. Ah! Amiga, que falta voc\u00ea ainda me faz... Acho que pensei alto. - Ela deve ter sido algu\u00e9m muito importante, falou minha neta.\u2026","rel":"","context":"Em &quot;Contos&quot;","img":{"alt_text":"","src":"","width":0,"height":0},"classes":[]},{"id":332,"url":"http:\/\/www.soniamoura.com.br\/?p=332","url_meta":{"origin":60,"position":2},"title":"O DONO DO BANCO","date":"30 agosto 2008","format":false,"excerpt":"O Dono do Banco (Autoria: S\u00d4NIA MOURA) Era pessoa importante. Todos o conheciam e todos (ou quase todos), naquela cidade, deviam a ele. A bem da verdade, n\u00e3o tinha mesmo como escapar, por isso os moradores confessavam abertamente sua depend\u00eancia em rela\u00e7\u00e3o \u00e0quele homem. Ele era bondoso, por isso todos\u2026","rel":"","context":"Em &quot;Contos&quot;","img":{"alt_text":"","src":"","width":0,"height":0},"classes":[]},{"id":56,"url":"http:\/\/www.soniamoura.com.br\/?p=56","url_meta":{"origin":60,"position":3},"title":"Gr\u00e1tis","date":"13 novembro 2007","format":false,"excerpt":"Do livro ENTRE BEIJOS E VINHOS, de S\u00d4NIA MOURA Passeando na pra\u00e7a abra\u00e7ados Parec\u00edamos de fato namorados Eu aquecia sua m\u00e3o macia Nos beijamos t\u00e3o cheios de saudade Que se n\u00e3o fosse arriscado eu sonharia Hoje, longe, fecho os olhos e penso em voc\u00ea No seu jeito t\u00e3o calmo, no\u2026","rel":"","context":"Em &quot;Poesias&quot;","img":{"alt_text":"","src":"","width":0,"height":0},"classes":[]},{"id":389,"url":"http:\/\/www.soniamoura.com.br\/?p=389","url_meta":{"origin":60,"position":4},"title":"UM DISCURSO SEDUTOR - artista, p\u00fablico e arte [Parte I]","date":"5 outubro 2008","format":false,"excerpt":"UM DISCURSO SEDUTOR -\u00a0 artista, p\u00fablico e arte [Parte I] \u00a0 [AUTORIA: SONIA MOURA] A arte exibida em pra\u00e7a p\u00fablica ou na rua \u00e9 uma\u00a0 forma de comunica\u00e7\u00e3o, que funciona como uma ponte de convencimento sobre a qual transitam sujeitos(artista\/p\u00fablico) e um objeto(arte), onde acontece a comunh\u00e3o que promove as\u2026","rel":"","context":"Em &quot;Ensaios&quot;","img":{"alt_text":"","src":"","width":0,"height":0},"classes":[]},{"id":1923,"url":"http:\/\/www.soniamoura.com.br\/?p=1923","url_meta":{"origin":60,"position":5},"title":"CHICOTES DO TEMPO","date":"30 janeiro 2013","format":false,"excerpt":"\u00a0 CHICOTES DO TEMPO (Autoria: S\u00f4nia Moura) Como a louca perdida na pra\u00e7a Os meus versos amarfanhados, descabelados Vagam errantes, sem alegria, sem gra\u00e7a Igual ao palha\u00e7o triste quando sai do picadeiro Desamparados na noite fria, sem lua e sem estrelas Os meus versos perambulam, sem rumo, sem prumo Velando\u2026","rel":"","context":"Em &quot;Livros&quot;","img":{"alt_text":"","src":"","width":0,"height":0},"classes":[]}],"_links":{"self":[{"href":"http:\/\/www.soniamoura.com.br\/index.php?rest_route=\/wp\/v2\/posts\/60"}],"collection":[{"href":"http:\/\/www.soniamoura.com.br\/index.php?rest_route=\/wp\/v2\/posts"}],"about":[{"href":"http:\/\/www.soniamoura.com.br\/index.php?rest_route=\/wp\/v2\/types\/post"}],"author":[{"embeddable":true,"href":"http:\/\/www.soniamoura.com.br\/index.php?rest_route=\/wp\/v2\/users\/1"}],"replies":[{"embeddable":true,"href":"http:\/\/www.soniamoura.com.br\/index.php?rest_route=%2Fwp%2Fv2%2Fcomments&post=60"}],"version-history":[{"count":0,"href":"http:\/\/www.soniamoura.com.br\/index.php?rest_route=\/wp\/v2\/posts\/60\/revisions"}],"wp:attachment":[{"href":"http:\/\/www.soniamoura.com.br\/index.php?rest_route=%2Fwp%2Fv2%2Fmedia&parent=60"}],"wp:term":[{"taxonomy":"category","embeddable":true,"href":"http:\/\/www.soniamoura.com.br\/index.php?rest_route=%2Fwp%2Fv2%2Fcategories&post=60"},{"taxonomy":"post_tag","embeddable":true,"href":"http:\/\/www.soniamoura.com.br\/index.php?rest_route=%2Fwp%2Fv2%2Ftags&post=60"}],"curies":[{"name":"wp","href":"https:\/\/api.w.org\/{rel}","templated":true}]}}