{"id":57,"date":"2007-11-14T12:50:10","date_gmt":"2007-11-14T16:50:10","guid":{"rendered":"http:\/\/www.soniamoura.com.br\/?p=57"},"modified":"2007-11-15T11:48:23","modified_gmt":"2007-11-15T15:48:23","slug":"7","status":"publish","type":"post","link":"http:\/\/www.soniamoura.com.br\/?p=57","title":{"rendered":"7"},"content":{"rendered":"<p><img loading=\"lazy\" src=\"http:\/\/tbn0.google.com\/images?q=tbn:ChIxSJYqgr8uzM:http:\/\/www.actobrasil.com.br.megaloja.com\/arq_clientes\/actoilbr\/itens\/0sete.jpg\" title=\"SETE\" align=\"left\" height=\"105\" hspace=\"7\" width=\"126\" \/><\/p>\n<p>7 s\u00e3o os pecados capitais, 7 s\u00e3o as cores do arco-\u00edris<br \/>\n7 s\u00e3o as notas musicais, 7 s\u00e3o dos dias da semana<br \/>\n7 s\u00e3o as maravilhas do mundo antigo, 7 s\u00e3o as artes<\/p>\n<p><strong>Isso, todo mundo sabe.<\/strong><\/p>\n<p>Mas o que voc\u00eas n\u00e3o sabem \u00e9 que adoro pintar o sete,<br \/>\nEste n\u00famero m\u00e1gico, o quarto n\u00famero primo,<br \/>\nMas que, em minha lembran\u00e7a de menina,<br \/>\nSobre umas   f\u00e9rias de ver\u00e3o, \u00e0 beira mar,<br \/>\nAssim como eu, titubeando pelo corredor,<br \/>\nMeus pensamentos iam e viam<br \/>\nCom uma vontade louca<br \/>\nDe bater \u00e0 porta do quarto n\u00famero 7<br \/>\nOnde dormia um lindo menino<br \/>\nQuase fui at\u00e9 l\u00e1,<br \/>\nMas um anjo de plant\u00e3o,<br \/>\nNa hora errada gritou:<br \/>\nQuanto desatino!<br \/>\nE, eu assustada e com as faces rosadas,<br \/>\nDisfarcei, dizendo,<br \/>\nVim olhar para o n\u00famero 7 da porta, primo!<\/p>\n","protected":false},"excerpt":{"rendered":"<p>7 s\u00e3o os pecados capitais, 7 s\u00e3o as cores do arco-\u00edris 7 s\u00e3o as notas musicais, 7 s\u00e3o dos dias da semana 7 s\u00e3o as maravilhas do mundo antigo, 7 s\u00e3o as artes Isso, todo mundo sabe. Mas o que voc\u00eas n\u00e3o sabem \u00e9 que adoro pintar o sete, Este n\u00famero m\u00e1gico, o quarto n\u00famero [&hellip;]<\/p>\n","protected":false},"author":1,"featured_media":0,"comment_status":"open","ping_status":"open","sticky":false,"template":"","format":"standard","meta":{"spay_email":"","jetpack_publicize_message":"","jetpack_is_tweetstorm":false},"categories":[2],"tags":[],"jetpack_featured_media_url":"","jetpack_publicize_connections":[],"jetpack_sharing_enabled":true,"jetpack_shortlink":"https:\/\/wp.me\/smZuW-7","jetpack-related-posts":[{"id":732,"url":"http:\/\/www.soniamoura.com.br\/?p=732","url_meta":{"origin":57,"position":0},"title":"M\u00c3E- HIST\u00d3RIA VERDADEIRA","date":"9 maio 2009","format":false,"excerpt":"\u00a0 \u00a0 \u00a0 \u00a0 \u00a0 \u00a0 \u00a0 \u00a0 \u00a0 \u00a0 \u00a0 \u00a0 \u00a0 \u00a0 \u00a0 \u00a0 \u00a0 \u00a0 \u00a0 \u00a0 \u00a0 \u00a0 \u00a0 \u00a0 \u00a0 \u00a0 \u00a0 \u00a0 \u00a0\u00a0 M\u00c3E \u2013 HIST\u00d3RIA VERDADEIRA!(Autoria: S\u00d4NIA MOURA) Sentada em sua cadeira de balan\u00e7o, naquele canto da sala, onde o sol bate todas\u2026","rel":"","context":"Em &quot;Mensagens&quot;","img":{"alt_text":"","src":"","width":0,"height":0},"classes":[]},{"id":1290,"url":"http:\/\/www.soniamoura.com.br\/?p=1290","url_meta":{"origin":57,"position":1},"title":"O POETA INACABADO","date":"6 julho 2010","format":false,"excerpt":"\u00a0 O POETA INACABADO (Autoria: S\u00d4NIA MOURA) \u00a0 Entre o corpo e a alma, o que \u00e9 igual? O que \u00e9 diferente? Esta era a segunda quest\u00e3o da prova de religi\u00e3o, a primeira era mesmo para que ningu\u00e9m tirasse zero, estava t\u00e3o f\u00e1cil. Resolveu a primeira rapidamente, pois quem tivesse\u2026","rel":"","context":"Em &quot;Contos&quot;","img":{"alt_text":"","src":"","width":0,"height":0},"classes":[]},{"id":1262,"url":"http:\/\/www.soniamoura.com.br\/?p=1262","url_meta":{"origin":57,"position":2},"title":"COPA 2010 > 2+1= 3","date":"11 junho 2010","format":false,"excerpt":"\u00a0 COPA 2010 >\u00a02+1= 3\u00a0 (por S\u00f4nia Moura) \u00a0Segundo os numer\u00f3logos, quem \u201ccarrega\u201d o n\u00famero tr\u00eas em seu destino \u00e9 um otimista incondicional, alegre por natureza e sua alegria \u00e9 contagiante, al\u00e9m disso, o n\u00famero 3 representa o passado, o presente e o futuro; \u00e9 pai, m\u00e3e e filho. \u00a0Bem...\u2026","rel":"","context":"Em &quot;Mensagens&quot;","img":{"alt_text":"","src":"","width":0,"height":0},"classes":[]},{"id":583,"url":"http:\/\/www.soniamoura.com.br\/?p=583","url_meta":{"origin":57,"position":3},"title":"A PORTA SE ABRIU...","date":"3 janeiro 2009","format":false,"excerpt":"\u00a0 \u00a0 \u00a0 \u00a0 \u00a0 \u00a0 \u00a0 \u00a0\u00a0 A Porta se abriu... (Autoria: S\u00f4nia Moura) Era como se Elka estivesse em pleno deserto, um calor insuport\u00e1vel, a boca seca, a sede e a solid\u00e3o consumindo suas entranhas. Sozinha, era assim que se sentia, embora bastasse olhar pela janela para ver\u2026","rel":"","context":"Em &quot;Contos&quot;","img":{"alt_text":"","src":"","width":0,"height":0},"classes":[]},{"id":1580,"url":"http:\/\/www.soniamoura.com.br\/?p=1580","url_meta":{"origin":57,"position":4},"title":"MIST\u00c9RIOS","date":"13 maio 2011","format":false,"excerpt":"\u00a0 MIST\u00c9RIOS (por S\u00f4nia Moura) -Tem gente que \u00e9 feita de sonhos! Disse Maria, olhando para o c\u00e9u estrelado, que cobria a ilha dourada. Ri de suas palavras, mas sabia que ela estava certa, eu mesma era feita de sonhos. Tudo para mim, naquela noite, tinha a face do mist\u00e9rio.\u2026","rel":"","context":"Em &quot;Contos&quot;","img":{"alt_text":"","src":"","width":0,"height":0},"classes":[]},{"id":253,"url":"http:\/\/www.soniamoura.com.br\/?p=253","url_meta":{"origin":57,"position":5},"title":"JANELAS","date":"1 julho 2008","format":false,"excerpt":"JANELAS \u201cA mo\u00e7a feia debru\u00e7ou na janela \/ Pensando que a banda tocava pra ela\u201d [A Banda \u2013 Chico Buarque] \u201cL\u00e1 fora, amor, uma rosa nasceu, todo mundo sambou, uma estrela caiu \/ Eu bem que mostrei sorrindo, pela janela, ah que lindo\/ Mas Carolina n\u00e3o viu...\u201d [Carolina - Chico\u2026","rel":"","context":"Post similar","img":{"alt_text":"","src":"","width":0,"height":0},"classes":[]}],"_links":{"self":[{"href":"http:\/\/www.soniamoura.com.br\/index.php?rest_route=\/wp\/v2\/posts\/57"}],"collection":[{"href":"http:\/\/www.soniamoura.com.br\/index.php?rest_route=\/wp\/v2\/posts"}],"about":[{"href":"http:\/\/www.soniamoura.com.br\/index.php?rest_route=\/wp\/v2\/types\/post"}],"author":[{"embeddable":true,"href":"http:\/\/www.soniamoura.com.br\/index.php?rest_route=\/wp\/v2\/users\/1"}],"replies":[{"embeddable":true,"href":"http:\/\/www.soniamoura.com.br\/index.php?rest_route=%2Fwp%2Fv2%2Fcomments&post=57"}],"version-history":[{"count":0,"href":"http:\/\/www.soniamoura.com.br\/index.php?rest_route=\/wp\/v2\/posts\/57\/revisions"}],"wp:attachment":[{"href":"http:\/\/www.soniamoura.com.br\/index.php?rest_route=%2Fwp%2Fv2%2Fmedia&parent=57"}],"wp:term":[{"taxonomy":"category","embeddable":true,"href":"http:\/\/www.soniamoura.com.br\/index.php?rest_route=%2Fwp%2Fv2%2Fcategories&post=57"},{"taxonomy":"post_tag","embeddable":true,"href":"http:\/\/www.soniamoura.com.br\/index.php?rest_route=%2Fwp%2Fv2%2Ftags&post=57"}],"curies":[{"name":"wp","href":"https:\/\/api.w.org\/{rel}","templated":true}]}}