{"id":55,"date":"2007-11-12T10:34:58","date_gmt":"2007-11-12T14:34:58","guid":{"rendered":"http:\/\/www.soniamoura.com.br\/?p=55"},"modified":"2007-11-13T12:52:57","modified_gmt":"2007-11-13T16:52:57","slug":"patria-e-amadas-salve-salve","status":"publish","type":"post","link":"http:\/\/www.soniamoura.com.br\/?p=55","title":{"rendered":"P\u00e1tria e amadas, salve! salve!"},"content":{"rendered":"<p CLASS=\"MsoBodyText\"><em>\u201cEstudo relaciona curvas femininas \u00e0 intelig\u00eancia dos filhos. Os pesquisadores Stephen Gaulin, da Universidade da Calif\u00f3rnia, e William Lassek, da Universidade de Pittsburgh, usaram dados do Centro Nacional de Estat\u00edsticas de Sa\u00fade, nos Estados Unidos, para fazer o estudo e descobriram que a rela\u00e7\u00e3o cintura-quadril das m\u00e3es estava diretamente relacionada ao desempenho delas e dos filhos em testes de cogni\u00e7\u00e3o.\u201d<\/em><\/p>\n<p CLASS=\"MsoNormal\" STYLE=\"text-align: justify\"><em>\u201cQuanto mais gordura acumulada na parte inferior do corpo das m\u00e3es, e n\u00e3o na cintura, melhor eram as notas nas provas.\u201d<\/em><\/p>\n<p CLASS=\"MsoNormal\" STYLE=\"text-align: justify\"><em>\u201c <strong><a HREF=\"http:\/\/www.bbc.co.uk\/portuguese\/reporterbbc\/story\/2007\/11\/071112_curvasinteligencia_is.shtml\">&#8220;Coxas e quadris fartos<\/a><\/strong><\/em><em><strong> <\/strong>guardam nutrientes essenciais que alimentam o c\u00e9rebro e podem produzir crian\u00e7as inteligentes tamb\u00e9m&#8221;, disse Gaulin ao jornal The Daily Telegraph.\u201d<\/em><\/p>\n<p CLASS=\"MsoNormal\" STYLE=\"text-align: justify\"><a HREF=\"http:\/\/www.bbc.co.uk\/portuguese\/reporterbbc\/story\/2007\/11\/071112_curvasinteligencia_is.shtml\"><img SRC=\"http:\/\/tbn0.google.com\/images?q=tbn:FE1HrfVQXf36TM:http:\/\/www.compostelacultura.org\/imxd\/destacados\/imx\/1139994035mulata.isabelmunhoz.2.3.jpg\" TITLE=\"Curvas\" ALIGN=\"left\" HEIGHT=\"96\" HSPACE=\"6\" WIDTH=\"96\" \/><\/a><\/p>\n<p CLASS=\"MsoNormal\" STYLE=\"text-align: justify\"><strong>Ent\u00e3o, sendo assim, salve o Brasil e a mulher brasileira!<\/strong><\/p>\n<p CLASS=\"MsoNormal\" STYLE=\"text-align: justify\">&nbsp;<\/p>\n<p CLASS=\"MsoNormal\" STYLE=\"text-align: justify\">&nbsp;<\/p>\n<p CLASS=\"MsoNormal\" STYLE=\"text-align: justify\">&nbsp;<\/p>\n<p CLASS=\"MsoNormal\" STYLE=\"text-align: justify\">&nbsp;<\/p>\n<p CLASS=\"MsoNormal\" STYLE=\"text-align: justify\">{O\u00a0artigo\u00a0<em>&#8220;Estudo\u00a0&#8230; Telegraph&#8221; foi compilado do site: <\/em><\/p>\n<p CLASS=\"MsoNormal\" STYLE=\"text-align: justify\">\u00a0http:\/\/www.bbc.co.uk\/portuguese\/reporterbbc\/story\/2007\/11\/071112_curvasinteligencia_is.shtml]<\/p>\n","protected":false},"excerpt":{"rendered":"<p>\u201cEstudo relaciona curvas femininas \u00e0 intelig\u00eancia dos filhos. Os pesquisadores Stephen Gaulin, da Universidade da Calif\u00f3rnia, e William Lassek, da Universidade de Pittsburgh, usaram dados do Centro Nacional de Estat\u00edsticas de Sa\u00fade, nos Estados Unidos, para fazer o estudo e descobriram que a rela\u00e7\u00e3o cintura-quadril das m\u00e3es estava diretamente relacionada ao desempenho delas e dos [&hellip;]<\/p>\n","protected":false},"author":1,"featured_media":0,"comment_status":"open","ping_status":"open","sticky":false,"template":"","format":"standard","meta":{"spay_email":"","jetpack_publicize_message":"","jetpack_is_tweetstorm":false},"categories":[8],"tags":[],"jetpack_featured_media_url":"","jetpack_publicize_connections":[],"jetpack_sharing_enabled":true,"jetpack_shortlink":"https:\/\/wp.me\/pmZuW-T","jetpack-related-posts":[{"id":517,"url":"http:\/\/www.soniamoura.com.br\/?p=517","url_meta":{"origin":55,"position":0},"title":"I - BRASIL DILACERADO  II- BRASIL DESPEDA\u00c7ADO","date":"6 dezembro 2008","format":false,"excerpt":"\u00a0 \u00a0 \u00a0 \u00a0 \u00a0 \u00a0 \u00a0 \u00a0 \u00a0 \u00a0 \u00a0 \u00a0 \u00a0 \u00a0 \u00a0 \u00a0 \u00a0 \u00a0 \u00a0 \u00a0 \u00a0 \u00a0 \u00a0 \u00a0 \u00a0 \u00a0 \u00a0 \u00a0 \u00a0 \u00a0 \u00a0 \u00a0 \u00a0 \u00a0 \u00a0 \u00a0 \u00a0 \u00a0 \u00a0 \u00a0 \u00a0 \u00a0 \u00a0 \u00a0 \u00a0 \u00a0 \u00a0 \u00a0 \u00a0 \u00a0\u2026","rel":"","context":"Em &quot;R\u00e1pidas&quot;","img":{"alt_text":"","src":"","width":0,"height":0},"classes":[]},{"id":177,"url":"http:\/\/www.soniamoura.com.br\/?p=177","url_meta":{"origin":55,"position":1},"title":"Tempo!!!!!","date":"2 abril 2008","format":false,"excerpt":"\u00a0 Ato sexual ideal dura de 3 a 13 minutos, diz estudo \u201cUma rela\u00e7\u00e3o sexual satisfat\u00f3ria dura entre tr\u00eas e 13 minutos, de acordo com um novo estudo realizado por pesquisadores da Universidade Penn State, no Estado americano da Pensilv\u00e2nia.\u201d Compilado do site: http:\/\/www.bbc.co.uk\/portuguese\/reporterbbc\/story - via - www.niu.com.br] \u00c9 s\u00e9rio,\u2026","rel":"","context":"Post similar","img":{"alt_text":"","src":"","width":0,"height":0},"classes":[]},{"id":223,"url":"http:\/\/www.soniamoura.com.br\/?p=223","url_meta":{"origin":55,"position":2},"title":"PENSO, LOGO EXISTO!","date":"4 junho 2008","format":false,"excerpt":"Penso, logo existo!\u00a0\u00a0\u00a0\u00a0\u00a0\u00a0\u00a0\u00a0\u00a0\u00a0\u00a0\u00a0\u00a0\u00a0\u00a0\u00a0\u00a0\u00a0\u00a0\u00a0\u00a0\u00a0\u00a0\u00a0\u00a0\u00a0\u00a0\u00a0\u00a0\u00a0\u00a0\u00a0\u00a0\u00a0\u00a0\u00a0\u00a0\u00a0\u00a0\u00a0 Leiam parte desta reportagem: Computador consegue 'ler pensamento' em experi\u00eancia feita nos Estados UnidosAp\u00f3s treinamento, aparelho conseguiu prever em que palavras pessoas estavam pensando. Pr\u00f3ximo desafio \u00e9 tentar usar funcionamento do c\u00e9rebro para 'decifrar' frases inteiras. Pesquisadores americanos est\u00e3o conseguindo treinar um computador para \"ler\" a mente\u2026","rel":"","context":"Post similar","img":{"alt_text":"","src":"","width":0,"height":0},"classes":[]},{"id":1703,"url":"http:\/\/www.soniamoura.com.br\/?p=1703","url_meta":{"origin":55,"position":3},"title":"SALVE!","date":"8 dezembro 2011","format":false,"excerpt":"\u00a0 Sob as b\u00ean\u00e7\u00e3os de Nossa Senhora da Concei\u00e7\u00e3o e Mam\u00e3e Oxum, hoje, receberei amigos para compartilhar alegrias com o lan\u00e7amento do meu novo livro Contos & Contas. Salve!","rel":"","context":"Em &quot;Blogroll&quot;","img":{"alt_text":"","src":"","width":0,"height":0},"classes":[]},{"id":286,"url":"http:\/\/www.soniamoura.com.br\/?p=286","url_meta":{"origin":55,"position":4},"title":"SALVEMOS NOSSAS CRIAN\u00c7AS!","date":"22 julho 2008","format":false,"excerpt":"\u00a0 \u00a0 \u00a0 Salvemos nossas crian\u00e7as! \u201cM\u00e3e esfaqueia filha depois de surto psic\u00f3tico em MGPlant\u00e3o | Publicada em 22\/07\/2008 \u00e0s 10h58m - CBN Minas BELO HORIZONTE - Permanece internada no CTI do Pronto Socorro Jo\u00e3o XXIII a menina de tr\u00eas anos que foi esfaqueada, na segunda-feira em Nova Lima, na\u2026","rel":"","context":"Com 1 coment\u00e1rio","img":{"alt_text":"","src":"","width":0,"height":0},"classes":[]},{"id":934,"url":"http:\/\/www.soniamoura.com.br\/?p=934","url_meta":{"origin":55,"position":5},"title":"SALVE NOSSA SENHORA APARECIDA","date":"12 outubro 2009","format":false,"excerpt":"\u00a0 Salve Nossa Senhora Aparecida! \u00a0 \u00a0 H\u00e1 muito tempo sei que tudo o que vale na vida n\u00e3o \u00e9 a religi\u00e3o e sim a f\u00e9. Assim, procuro exercitar a minha f\u00e9, tendo Deus como um pai amoroso e n\u00e3o como um pai punidor e junto a ele, todos os\u2026","rel":"","context":"Em &quot;Mensagens&quot;","img":{"alt_text":"","src":"","width":0,"height":0},"classes":[]}],"_links":{"self":[{"href":"http:\/\/www.soniamoura.com.br\/index.php?rest_route=\/wp\/v2\/posts\/55"}],"collection":[{"href":"http:\/\/www.soniamoura.com.br\/index.php?rest_route=\/wp\/v2\/posts"}],"about":[{"href":"http:\/\/www.soniamoura.com.br\/index.php?rest_route=\/wp\/v2\/types\/post"}],"author":[{"embeddable":true,"href":"http:\/\/www.soniamoura.com.br\/index.php?rest_route=\/wp\/v2\/users\/1"}],"replies":[{"embeddable":true,"href":"http:\/\/www.soniamoura.com.br\/index.php?rest_route=%2Fwp%2Fv2%2Fcomments&post=55"}],"version-history":[{"count":0,"href":"http:\/\/www.soniamoura.com.br\/index.php?rest_route=\/wp\/v2\/posts\/55\/revisions"}],"wp:attachment":[{"href":"http:\/\/www.soniamoura.com.br\/index.php?rest_route=%2Fwp%2Fv2%2Fmedia&parent=55"}],"wp:term":[{"taxonomy":"category","embeddable":true,"href":"http:\/\/www.soniamoura.com.br\/index.php?rest_route=%2Fwp%2Fv2%2Fcategories&post=55"},{"taxonomy":"post_tag","embeddable":true,"href":"http:\/\/www.soniamoura.com.br\/index.php?rest_route=%2Fwp%2Fv2%2Ftags&post=55"}],"curies":[{"name":"wp","href":"https:\/\/api.w.org\/{rel}","templated":true}]}}