{"id":54,"date":"2007-11-11T12:40:40","date_gmt":"2007-11-11T16:40:40","guid":{"rendered":"http:\/\/www.soniamoura.com.br\/?p=54"},"modified":"2007-11-11T12:43:57","modified_gmt":"2007-11-11T16:43:57","slug":"auxilio-moradia","status":"publish","type":"post","link":"http:\/\/www.soniamoura.com.br\/?p=54","title":{"rendered":"Aux\u00edlio &#8211; moradia"},"content":{"rendered":"<p><img loading=\"lazy\" src=\"http:\/\/tbn0.google.com\/images?q=tbn:lCT-iJYgD9ryVM:http:\/\/www.cactos.com.br\/br\/images\/paisagens\/400x280_casebre.jpg\" title=\"Aux\u00edklio moradia\" align=\"left\" height=\"88\" hspace=\"6\" width=\"124\" \/><\/p>\n<p class=\"MsoBodyText\"><span style=\"font-size: 16pt\">Vamos falar de n\u00fameros:<o:p><\/o:p><\/span><\/p>\n<p class=\"MsoBodyText\"><span style=\"font-size: 16pt\"><!--[if !supportEmptyParas]--> <o:p><\/o:p><\/span><\/p>\n<p class=\"MsoBodyText\"><span> <\/span> Todo parlamentar tem direito a receber o aux\u00edlio- moradia.<\/p>\n<p class=\"MsoBodyText\"> <u>A C\u00e2mara vai gastar cerca de<strong> R$ 36,2 milh\u00f5es <\/strong>com a reforma de <strong>96 <\/strong>apartamentos funcionai<strong>s, <\/strong><\/u>ser\u00e3o colocados nos apartamentos, entre outros, banheira de hidromassagem e triturador de alimentos.<span>  <\/span><\/p>\n<p class=\"MsoBodyText\"><span><\/span>A Coordena\u00e7\u00e3o de Habita\u00e7\u00e3o(*?) gasta <strong>20%<\/strong> de seu or\u00e7amento com pequenos reparos nos apartamentos, <strong>45%<\/strong> com servi\u00e7os condominiais, como portaria, garagista e limpeza, inclusive nos <strong>144 <\/strong>edif\u00edcios vazios, e <strong>25% <\/strong>com manuten\u00e7\u00e3o de equipe Preve e \u00e1gua, os <strong>10%<\/strong> restantes s\u00e3o de gastos com troca de eletrodom\u00e9sticos e m\u00f3veis.<\/p>\n<p class=\"MsoBodyText\"><span style=\"font-size: 16pt\">E mais:<\/span> Benef\u00edcios de moradia &#8211; Apartamentos funcionais &#8211; Na C\u00e2mara, <strong>432<\/strong> im\u00f3veis de <strong>225 m\u00b2<\/strong>. No Senado, s\u00e3o<strong> 72<\/strong> apartamentos de <strong>240 m\u00b2, <\/strong>com as seguintes caracter\u00edsticas: <strong>3 <\/strong>quartos, escrit\u00f3rio, sala, banheiros. Congresso fornece alguns m\u00f3veis e eletrodom\u00e9sticos.<\/p>\n<p class=\"MsoBodyText\">Na C\u00e2mara, <strong>224 <\/strong>im\u00f3veis est\u00e3o ocupados e cerca de <strong>200 <\/strong>est\u00e3o em condi\u00e7\u00f5es prec\u00e1rias (*?). No Senado, <strong>69<\/strong> est\u00e3o ocupados e<strong> 3<\/strong> precisam de reparos.<\/p>\n<p class=\"MsoBodyText\"><strong><u>Aux\u00edlio-moradia<\/u><\/strong> &#8211; <strong><a href=\"http:\/\/g1.globo.com\/Noticias\/Politica\/0,,MUL176123-5601,00.html\">R$ 3 mil por m\u00eas na C\u00e2mara e R$ 3,8 mil no Senado, em valores brutos.<\/a> <o:p><\/o:p><\/strong><\/p>\n<p class=\"MsoBodyText\"><u>ATEN\u00c7\u00c3O<\/u>: S\u00f3<strong> 2,3%<\/strong> do Congresso abdicam do direito a apartamento funcional ou aux\u00edlio-moradia.<\/p>\n<p class=\"MsoBodyText\"><!--[if !supportEmptyParas]--> <o:p><\/o:p><\/p>\n<p class=\"MsoBodyText\">Agora, ainda sobre<strong> n\u00fameros<\/strong>,<span>  <\/span>apenas algumas<span>  <\/span>perguntas (h\u00e1 muitas outras)que n\u00e3o querem<span>, n\u00e3o podem e n\u00e3o devem se <\/span>calar, de jeito nenhum:<\/p>\n<p class=\"MsoBodyText\"><!--[if !supportEmptyParas]--> <!--[endif]--><o:p><\/o:p><\/p>\n<p class=\"MsoBodyText\">Qual o valor do sal\u00e1rio m\u00ednimo?<\/p>\n<p class=\"MsoBodyText\">Quanto ganha um professor rede p\u00fablica?<\/p>\n<p class=\"MsoBodyText\">Quanto ganha um m\u00e9dico da rede p\u00fablica?<\/p>\n<p class=\"MsoBodyText\">Quanto paga de aluguel, tirando do pr\u00f3prio bolso, claro,<span>  <\/span>um cidad\u00e3o \u201cqualquer\u201d?<\/p>\n<p class=\"MsoBodyText\">E a presta\u00e7\u00e3o da casa pr\u00f3pria, como faz o cidad\u00e3o brasileiro para conseguir pag\u00e1-la?<\/p>\n<p class=\"MsoBodyText\">Como consegue o cidad\u00e3o, reles mortal, pagar o plano de sa\u00fade, embora j\u00e1 contribua a vida inteira para ter \u201cbenef\u00edcios\u201d, entre eles, os que se referem \u00e0 sa\u00fade?<\/p>\n<p class=\"MsoBodyText\"> Sei que qualquer  brasileiro, aquele  que paga suas despesas com o dinheiro suado, conseguido com seus esfor\u00e7os, saber\u00e1 responder a estas quest\u00f5es e descobrir\u00e1 estupefacto que tudo o que lhe foi ensinado sobre as quest\u00f5es  matem\u00e1ticas, desde  como fazer uma  conta, a mais  elementar que seja, deve estar errado, muito errado!<\/p>\n<p class=\"MsoBodyText\">Haver\u00e1 alguma solu\u00e7\u00e3o poss\u00edvel para estes c<strong>onfusos problemas de proporcionalidade<\/strong>?<\/p>\n<p class=\"MsoBodyText\">&nbsp;<\/p>\n","protected":false},"excerpt":{"rendered":"<p>Vamos falar de n\u00fameros: Todo parlamentar tem direito a receber o aux\u00edlio- moradia. A C\u00e2mara vai gastar cerca de R$ 36,2 milh\u00f5es com a reforma de 96 apartamentos funcionais, ser\u00e3o colocados nos apartamentos, entre outros, banheira de hidromassagem e triturador de alimentos. A Coordena\u00e7\u00e3o de Habita\u00e7\u00e3o(*?) gasta 20% de seu or\u00e7amento com pequenos reparos nos [&hellip;]<\/p>\n","protected":false},"author":1,"featured_media":0,"comment_status":"open","ping_status":"open","sticky":false,"template":"","format":"standard","meta":{"spay_email":"","jetpack_publicize_message":"","jetpack_is_tweetstorm":false},"categories":[1],"tags":[],"jetpack_featured_media_url":"","jetpack_publicize_connections":[],"jetpack_sharing_enabled":true,"jetpack_shortlink":"https:\/\/wp.me\/pmZuW-S","jetpack-related-posts":[{"id":253,"url":"http:\/\/www.soniamoura.com.br\/?p=253","url_meta":{"origin":54,"position":0},"title":"JANELAS","date":"1 julho 2008","format":false,"excerpt":"JANELAS \u201cA mo\u00e7a feia debru\u00e7ou na janela \/ Pensando que a banda tocava pra ela\u201d [A Banda \u2013 Chico Buarque] \u201cL\u00e1 fora, amor, uma rosa nasceu, todo mundo sambou, uma estrela caiu \/ Eu bem que mostrei sorrindo, pela janela, ah que lindo\/ Mas Carolina n\u00e3o viu...\u201d [Carolina - Chico\u2026","rel":"","context":"Post similar","img":{"alt_text":"","src":"","width":0,"height":0},"classes":[]},{"id":1216,"url":"http:\/\/www.soniamoura.com.br\/?p=1216","url_meta":{"origin":54,"position":1},"title":"ULTRAPASSE SEM LIMITES!","date":"28 abril 2010","format":false,"excerpt":"\u00a0 \u00a0 ULTRAPASSE SEM LIMITES!\u00a0\u00a0 (Autoria: S\u00f4nia Moura) \u00a0 Nem que seja por um dia: \u00a0 Ultrapasse os Limites! Ultrapasse seus Limites! Ultrapasse todos os Limites! \u00a0 Fa\u00e7a do recatado e sereno ambiente, Que \u00e9 a sua vida, Um verdadeiro carnaval, Se a coragem bater, Fa\u00e7a da vida e de\u2026","rel":"","context":"Em &quot;Livros&quot;","img":{"alt_text":"","src":"","width":0,"height":0},"classes":[]},{"id":1113,"url":"http:\/\/www.soniamoura.com.br\/?p=1113","url_meta":{"origin":54,"position":2},"title":"BIG BROTHERS, HAITI- a corrente do bem","date":"15 janeiro 2010","format":false,"excerpt":"BIG BROTHERS, HAITI - a corrente do bem (Autoria: S\u00f4nia Moura) \u00a0O povo haitiano est\u00e1 sofrendo muito mais do que poder\u00edamos imaginar. A hist\u00f3ria deste pa\u00eds \u00e9 t\u00e3o devastadora quanto qualquer tuf\u00e3o, tissunami, furac\u00e3o ou terromoto, pois entre os desastres de sua hist\u00f3ria, encontramos: invas\u00e3o, escravid\u00e3o, mortandade, revoltas, manipula\u00e7\u00f5es, explora\u00e7\u00f5es\u2026","rel":"","context":"Em &quot;Mensagens&quot;","img":{"alt_text":"","src":"","width":0,"height":0},"classes":[]},{"id":895,"url":"http:\/\/www.soniamoura.com.br\/?p=895","url_meta":{"origin":54,"position":3},"title":"(DES)QUALIFICA\u00c7\u00c3O","date":"17 setembro 2009","format":false,"excerpt":"(DES)QUALIFICA\u00c7\u00c3O (Por S\u00f4nia Moura) \u00c9 sabido que, em qualquer forma de ditadura, dom\u00ednio, preconceito e\/ou desmando, a desqualifica\u00e7\u00e3o do pr\u00f3ximo \u00e9 uma fort\u00edssima arma usada como justificativa para todo o tipo de barb\u00e1rie social ou mesmo direcionada a um s\u00f3 indiv\u00edduo. Durante o per\u00edodo de escravid\u00e3o brasileira, o negro foi\u2026","rel":"","context":"Em &quot;Mensagens&quot;","img":{"alt_text":"","src":"","width":0,"height":0},"classes":[]},{"id":324,"url":"http:\/\/www.soniamoura.com.br\/?p=324","url_meta":{"origin":54,"position":4},"title":"DUAS FAM\u00cdLIAS EM \"A  CAVERNA\" DE SARAMAGO","date":"20 agosto 2008","format":false,"excerpt":"\u00a0 \u00a0 \u00a0 \u00a0 \u00a0 \u00a0 \u00a0 \u00a0 \u00a0 \u00a0 \u00a0 \u00a0 \u00a0 \u00a0 \u00a0 \u00a0 \u00a0\u00a0 DUAS FAM\u00cdLIAS NA CAVERNA\u00a0 Um breve estudo sobre a fam\u00edlia de A Caverna, de Jos\u00e9 Saramago - [Autoria: S\u00d4NIA MOURA] Em A Caverna, Saramago nos traz o modelo da fam\u00edlia portuguesa do s\u00e9c.\u2026","rel":"","context":"Em &quot;Ensaios&quot;","img":{"alt_text":"","src":"","width":0,"height":0},"classes":[]},{"id":121,"url":"http:\/\/www.soniamoura.com.br\/?p=121","url_meta":{"origin":54,"position":5},"title":"DENTRO DAS CAVERNAS de Plat\u00e3o e de Saramago","date":"29 janeiro 2008","format":false,"excerpt":"Relendo A CAVERNA de Saramago, e relembrando A CAVERNA de Plat\u00e3o, constato que o mundo mudou muito e tamb\u00e9m nada mudou. Parodoxal? Vejamos: A alegoria da caverna, apresentada por Plat\u00e3o [A Rep\u00fablica \u2013 livro VII] \u00e9 uma poderosa met\u00e1fora que busca descrever a posi\u00e7\u00e3o do homem em rela\u00e7\u00e3o aos estados\u2026","rel":"","context":"Em &quot;Ensaios&quot;","img":{"alt_text":"","src":"https:\/\/i1.wp.com\/www.soniamoura.com.br\/wp-content\/uploads\/2008\/01\/cave.jpg?resize=350%2C200","width":350,"height":200},"classes":[]}],"_links":{"self":[{"href":"http:\/\/www.soniamoura.com.br\/index.php?rest_route=\/wp\/v2\/posts\/54"}],"collection":[{"href":"http:\/\/www.soniamoura.com.br\/index.php?rest_route=\/wp\/v2\/posts"}],"about":[{"href":"http:\/\/www.soniamoura.com.br\/index.php?rest_route=\/wp\/v2\/types\/post"}],"author":[{"embeddable":true,"href":"http:\/\/www.soniamoura.com.br\/index.php?rest_route=\/wp\/v2\/users\/1"}],"replies":[{"embeddable":true,"href":"http:\/\/www.soniamoura.com.br\/index.php?rest_route=%2Fwp%2Fv2%2Fcomments&post=54"}],"version-history":[{"count":0,"href":"http:\/\/www.soniamoura.com.br\/index.php?rest_route=\/wp\/v2\/posts\/54\/revisions"}],"wp:attachment":[{"href":"http:\/\/www.soniamoura.com.br\/index.php?rest_route=%2Fwp%2Fv2%2Fmedia&parent=54"}],"wp:term":[{"taxonomy":"category","embeddable":true,"href":"http:\/\/www.soniamoura.com.br\/index.php?rest_route=%2Fwp%2Fv2%2Fcategories&post=54"},{"taxonomy":"post_tag","embeddable":true,"href":"http:\/\/www.soniamoura.com.br\/index.php?rest_route=%2Fwp%2Fv2%2Ftags&post=54"}],"curies":[{"name":"wp","href":"https:\/\/api.w.org\/{rel}","templated":true}]}}