{"id":53,"date":"2007-11-10T16:28:31","date_gmt":"2007-11-10T20:28:31","guid":{"rendered":"http:\/\/www.soniamoura.com.br\/?p=53"},"modified":"2007-11-11T11:54:11","modified_gmt":"2007-11-11T15:54:11","slug":"homem-aranha","status":"publish","type":"post","link":"http:\/\/www.soniamoura.com.br\/?p=53","title":{"rendered":"Homem-aranha"},"content":{"rendered":"<p><img loading=\"lazy\" src=\"http:\/\/tbn0.google.com\/images?q=tbn:I3q2yP-zvJzVnM:www.sinfer.org.br\/imagens\/papeis\/Homem_Aranha.jpg\" title=\"Homem -aranha\" align=\"left\" height=\"113\" hspace=\"6\" width=\"150\" \/>Ao ver aquele rostinho de alegria, t\u00e3o pr\u00f3prio da inoc\u00eancia, procurei saber quem era aquela figurinha fantasiada de homem-aranha, fazendo pose de \u201cvalente\u201d para as c\u00e2meras e descobri que o menino da foto,  com  apenas<a href=\"http:\/\/br.news.yahoo.com\/fotos\/ss\/158\/im:\/10112007\/61\/foto\/menino-riquelme-wesley-dos-santos-5-anos-fantasiado-homem-aranha.html\"> 5 anos de idade,<\/a><a href=\"http:\/\/br.news.yahoo.com\/fotos\/ss\/158\/im:\/10112007\/61\/foto\/menino-riquelme-wesley-dos-santos-5-anos-fantasiado-homem-aranha.html\"> <\/a>socorreu uma menina de 1 ano e 10 meses, durante inc\u00eandio na resid\u00eancia desta, na sexta-feira (09\/11), em Palmeira, Santa Catarina, salvando-a de sofrer males maiores.<br \/>\nQuem sabe, os adultos, pol\u00edticos ou n\u00e3o, seguissem o exemplo deste inocente e, vestindo suas roupas de her\u00f3is, viessem em socorro dos que precisam ser salvos dos descasos sociais e pol\u00edticos que permeiam nossos tempos.<\/p>\n","protected":false},"excerpt":{"rendered":"<p>Ao ver aquele rostinho de alegria, t\u00e3o pr\u00f3prio da inoc\u00eancia, procurei saber quem era aquela figurinha fantasiada de homem-aranha, fazendo pose de \u201cvalente\u201d para as c\u00e2meras e descobri que o menino da foto, com apenas 5 anos de idade, socorreu uma menina de 1 ano e 10 meses, durante inc\u00eandio na resid\u00eancia desta, na sexta-feira [&hellip;]<\/p>\n","protected":false},"author":1,"featured_media":0,"comment_status":"open","ping_status":"open","sticky":false,"template":"","format":"standard","meta":{"spay_email":"","jetpack_publicize_message":"","jetpack_is_tweetstorm":false},"categories":[8],"tags":[],"jetpack_featured_media_url":"","jetpack_publicize_connections":[],"jetpack_sharing_enabled":true,"jetpack_shortlink":"https:\/\/wp.me\/pmZuW-R","jetpack-related-posts":[{"id":68,"url":"http:\/\/www.soniamoura.com.br\/?p=68","url_meta":{"origin":53,"position":0},"title":"Dois f\u00e3s e um her\u00f3i","date":"23 novembro 2007","format":false,"excerpt":"Vejam como a m\u00e1scara pode servir a dois prop\u00f3sitos t\u00e3o diferentes: I - Sem tirar a blusa do her\u00f3i preferido, o homem-aranha, Riquelme Wesley dos Santos, de 5 anos, n\u00e3o p\u00e1ra um minuto. Muito menos para dar entrevistas e repetir mais uma vez a hist\u00f3ria que o projetou da pequena\u2026","rel":"","context":"Em &quot;Mensagens&quot;","img":{"alt_text":"","src":"","width":0,"height":0},"classes":[]},{"id":84,"url":"http:\/\/www.soniamoura.com.br\/?p=84","url_meta":{"origin":53,"position":1},"title":"A sutileza de uma imagem","date":"10 dezembro 2007","format":false,"excerpt":"A sutileza dessa imagem seduziu- me. Esse \u00e9 o arame mais macio que j\u00e1 vi. Numa de suas garras uma gota pendura-se como a pedir socorro. Voltada para o c\u00e9u,\u00a0outra\u00a0garra parece um soldado de plant\u00e3o a defender seu territ\u00f3rio. Virada para solo,\u00a0outra\u00a0garra, em posi\u00e7\u00e3o de sentido, parece aguardar alguma ordem.\u2026","rel":"","context":"Post similar","img":{"alt_text":"","src":"","width":0,"height":0},"classes":[]},{"id":1986,"url":"http:\/\/www.soniamoura.com.br\/?p=1986","url_meta":{"origin":53,"position":2},"title":"TEIA","date":"16 maio 2013","format":false,"excerpt":"TEIA (por S\u00f4nia Moura) Na agita\u00e7\u00e3o do dia A aranha tecia A sua rede \u00c0 espera da presa E depois, dormia... Na calada da noite Maria, em sonhos, Desejos tecia E em sua rede Encontrava o amado Depois, o prendia Em seus gemidos Abra\u00e7os, la\u00e7os... Ao afinal Do momento de\u2026","rel":"","context":"Em &quot;Livros&quot;","img":{"alt_text":"","src":"","width":0,"height":0},"classes":[]},{"id":1860,"url":"http:\/\/www.soniamoura.com.br\/?p=1860","url_meta":{"origin":53,"position":3},"title":"TEU HOMEM","date":"7 outubro 2012","format":false,"excerpt":"TEU HOMEM (S\u00f4nia Moura) Sil\u00eancio! D\u00e1-me tua m\u00e3o Sigamos o luar N\u00e3o h\u00e1 o que falar Concentra-te na imagem Sobreposta de mim Encantado em ti N\u00e3o negues o amor Absorve o sentido Afasta a car\u00eancia Abra\u00e7a a inoc\u00eancia Com olhos fechados Alarga o olhar Agora sou p\u00e1ssaro Em teu ninho\u2026","rel":"","context":"Em &quot;Livros&quot;","img":{"alt_text":"","src":"","width":0,"height":0},"classes":[]},{"id":757,"url":"http:\/\/www.soniamoura.com.br\/?p=757","url_meta":{"origin":53,"position":4},"title":"NEM VEM QUE N\u00c3O TEM!!!","date":"24 maio 2009","format":false,"excerpt":"NEM VEM QUE N\u00c3O TEM!!! (Autoria: S\u00f4nia Moura) Assistindo ao bom document\u00e1rio: \u201cSimonal \u2013 Ningu\u00e9m Sabe o Duro que Dei\u201d, confesso que chorei, que me revoltei e me rebelei, por saber que Simonal n\u00e3o est\u00e1 mais aqui para, ao menos, ter a chance de ouvir os aplausos que ecoaram ao\u2026","rel":"","context":"Post similar","img":{"alt_text":"","src":"","width":0,"height":0},"classes":[]},{"id":978,"url":"http:\/\/www.soniamoura.com.br\/?p=978","url_meta":{"origin":53,"position":5},"title":"VERBO DAR ou \u201cQUEM BEBE D\u00c1 DEZ!\u201d","date":"3 novembro 2009","format":false,"excerpt":"\u00a0 \u00a0 \u00a0 \u00a0 VERBO DAR ou \u201cQUEM BEBE D\u00c1 DEZ!\u201d (por S\u00f4nia Moura) \u00a0 Preso num dos quiosques aqui da orla de Copacabana, o cartaz de uma bebida chamou minha aten\u00e7\u00e3o, dizia assim: \u201c....... quem bebe d\u00e1 dez!\u201d. Semanticamente, o verbo dar permite uma infinita variedade de significa\u00e7\u00f5es, assim,\u2026","rel":"","context":"Em &quot;R\u00e1pidas&quot;","img":{"alt_text":"","src":"","width":0,"height":0},"classes":[]}],"_links":{"self":[{"href":"http:\/\/www.soniamoura.com.br\/index.php?rest_route=\/wp\/v2\/posts\/53"}],"collection":[{"href":"http:\/\/www.soniamoura.com.br\/index.php?rest_route=\/wp\/v2\/posts"}],"about":[{"href":"http:\/\/www.soniamoura.com.br\/index.php?rest_route=\/wp\/v2\/types\/post"}],"author":[{"embeddable":true,"href":"http:\/\/www.soniamoura.com.br\/index.php?rest_route=\/wp\/v2\/users\/1"}],"replies":[{"embeddable":true,"href":"http:\/\/www.soniamoura.com.br\/index.php?rest_route=%2Fwp%2Fv2%2Fcomments&post=53"}],"version-history":[{"count":0,"href":"http:\/\/www.soniamoura.com.br\/index.php?rest_route=\/wp\/v2\/posts\/53\/revisions"}],"wp:attachment":[{"href":"http:\/\/www.soniamoura.com.br\/index.php?rest_route=%2Fwp%2Fv2%2Fmedia&parent=53"}],"wp:term":[{"taxonomy":"category","embeddable":true,"href":"http:\/\/www.soniamoura.com.br\/index.php?rest_route=%2Fwp%2Fv2%2Fcategories&post=53"},{"taxonomy":"post_tag","embeddable":true,"href":"http:\/\/www.soniamoura.com.br\/index.php?rest_route=%2Fwp%2Fv2%2Ftags&post=53"}],"curies":[{"name":"wp","href":"https:\/\/api.w.org\/{rel}","templated":true}]}}