{"id":51,"date":"2007-11-07T08:51:51","date_gmt":"2007-11-07T12:51:51","guid":{"rendered":"http:\/\/www.soniamoura.com.br\/?p=51"},"modified":"2007-11-08T17:17:18","modified_gmt":"2007-11-08T21:17:18","slug":"amem-amem","status":"publish","type":"post","link":"http:\/\/www.soniamoura.com.br\/?p=51","title":{"rendered":"Am\u00e9m!"},"content":{"rendered":"<p><img SRC=\"http:\/\/tbn0.google.com\/images?q=tbn:5fF49-1-OqlL0M:http:\/\/img166.imageshack.us\/img166\/4215\/jacoporobustitintoretto15181594qa1.jpg\" TITLE=\"Caim e Abel\" HSPACE=\"6\" WIDTH=\"129\" HEIGHT=\"98\" ALIGN=\"left\" \/>Na origem, o nome Caim est\u00e1 associado a \u201cprovocar ci\u00fame\u201d, e, assim \u00e9 que, biblicamente, quando os irm\u00e3os  Abel e Caim levaram suas oferendas para Deus, o segundo sentiu-se preterido pelo pai, pois este &#8220;&#8230; n\u00e3o olhou com agrado para Caim nem para a sua oferta. Caim ficou muito irritado e andava de rosto abatido.&#8221;  (G\u00eanesis 4:5 ), ou seja, ficou enciumado, teve inveja do irm\u00e3o e apesar do aviso divino, Caim resolveu assassinar o seu irm\u00e3o Abel e executou o seu plano.<\/p>\n<p>Vejo, com tristeza que o ci\u00fame e a inveja continuam guiando mentes,  m\u00e3os e cora\u00e7\u00f5es  desavisados, ao ler esta not\u00edcia:  \u201cUm jovem de 17 anos confessou ter matado ontem o irm\u00e3o de 13 anos, em  \u00c1rea Alfa (DF)\u201d.<\/p>\n<p>O motivo do crime? Ci\u00fames , inveja, pois o  suposto autor do crime disse que tinha ci\u00fames do irm\u00e3o, que era o preferido do pai. H\u00e1 tamb\u00e9m outro elemento nesta triste hist\u00f3ria , o suposto assassino \u201ccontou que tinha planejado seq\u00fcestrar o irm\u00e3o para obter do pai R$ 45 mil de resgate e com esse dinheiro fugir com a meia-irm\u00e3, de 13 anos, com quem tinha um relacionamento amoroso\u201d.<\/p>\n<p>\u00c9, a simb\u00f3lica hist\u00f3ria b\u00edblica, infelizmente,  se repete, provando-nos o caminho longo que ainda precisamos percorrer para  evoluirmos espiritualmente, assim, por enquanto, para que estes sentimentos mesquinhos se afastem de n\u00f3s, irm\u00e3os, s\u00f3 nos resta rezar:<\/p>\n<p>Pai, n\u00e3o nos deixeis cair em tenta\u00e7\u00f5es, especialmente nas tenta\u00e7\u00f5es que nos fazem caluniar, ferir e matar e guiai nossos cora\u00e7\u00f5es para o amor. AM\u00c9M!<\/p>\n","protected":false},"excerpt":{"rendered":"<p>Na origem, o nome Caim est\u00e1 associado a \u201cprovocar ci\u00fame\u201d, e, assim \u00e9 que, biblicamente, quando os irm\u00e3os Abel e Caim levaram suas oferendas para Deus, o segundo sentiu-se preterido pelo pai, pois este &#8220;&#8230; n\u00e3o olhou com agrado para Caim nem para a sua oferta. Caim ficou muito irritado e andava de rosto abatido.&#8221; [&hellip;]<\/p>\n","protected":false},"author":1,"featured_media":0,"comment_status":"open","ping_status":"open","sticky":false,"template":"","format":"standard","meta":{"spay_email":"","jetpack_publicize_message":"","jetpack_is_tweetstorm":false},"categories":[5],"tags":[],"jetpack_featured_media_url":"","jetpack_publicize_connections":[],"jetpack_sharing_enabled":true,"jetpack_shortlink":"https:\/\/wp.me\/pmZuW-P","jetpack-related-posts":[{"id":1536,"url":"http:\/\/www.soniamoura.com.br\/?p=1536","url_meta":{"origin":51,"position":0},"title":"DISCO DE VINIL","date":"22 mar\u00e7o 2011","format":false,"excerpt":"\u00a0 DISCO DE VINIL (Autoria: S\u00f4nia Moura) Conhecia F\u00e1tima e Ivo h\u00e1 muito tempo, mor\u00e1vamos no mesmo bairro desde os doze anos, isto j\u00e1 faz tanto tempo... O tempo voou e, quando demos por n\u00f3s, j\u00e1 est\u00e1vamos de casamento marcado, eu com Marinete e Ivo com Juliana. Veio o casamento\u2026","rel":"","context":"Em &quot;Contos&quot;","img":{"alt_text":"","src":"","width":0,"height":0},"classes":[]},{"id":112,"url":"http:\/\/www.soniamoura.com.br\/?p=112","url_meta":{"origin":51,"position":1},"title":"UNUS + VERSUS","date":"17 janeiro 2008","format":false,"excerpt":"O que j\u00e1 tem verso no nome Que \u00e9 um e ao mesmo tempo \u00e9 todo Certamente \u00e9 filho, pai, irm\u00e3o, irm\u00e3 e m\u00e3e do som e da poesia N\u00e3o nasceu do todo, nem do um Pois nasce todo dia Pelo som do vento Nos versos da can\u00e7\u00e3o No som\u2026","rel":"","context":"Em &quot;Poesias&quot;","img":{"alt_text":"","src":"","width":0,"height":0},"classes":[]},{"id":768,"url":"http:\/\/www.soniamoura.com.br\/?p=768","url_meta":{"origin":51,"position":2},"title":"ESPERAN\u00c7A","date":"3 junho 2009","format":false,"excerpt":"ESPERAN\u00c7A (Autoria: S\u00f4nia Moura) Aconteceu um acidente horr\u00edvel Um avi\u00e3o perdeu-se em meio a tempestade E caiu no mar Misturaram-se ali o c\u00e9u e o ar Penso na dor e no horror Dos que estavam na aeronave Que momentos foram estes? Quanto pavor! Ou\u00e7o algu\u00e9m falar Que a procura dos\u2026","rel":"","context":"Em &quot;Poesias&quot;","img":{"alt_text":"","src":"","width":0,"height":0},"classes":[]},{"id":2228,"url":"http:\/\/www.soniamoura.com.br\/?p=2228","url_meta":{"origin":51,"position":3},"title":"VAZIOS","date":"27 fevereiro 2015","format":false,"excerpt":"VAZIOS (por S\u00f4nia Moura) \u00a0 \u00a0 Para o banco vazio Ela lan\u00e7ou um olhar sombrio Sentiu muita inveja Das flores ao lado O que desejava? O que mais queria? Que ele voltasse E com ela ficasse No banco vazio E em meio a car\u00edcias Enchesse de novo O seu cora\u00e7\u00e3o\u2026","rel":"","context":"Em &quot;Livros&quot;","img":{"alt_text":"","src":"https:\/\/i2.wp.com\/www.soniamoura.com.br\/wp-content\/uploads\/2015\/02\/bancolilases-300x225.jpg?resize=350%2C200","width":350,"height":200},"classes":[]},{"id":757,"url":"http:\/\/www.soniamoura.com.br\/?p=757","url_meta":{"origin":51,"position":4},"title":"NEM VEM QUE N\u00c3O TEM!!!","date":"24 maio 2009","format":false,"excerpt":"NEM VEM QUE N\u00c3O TEM!!! (Autoria: S\u00f4nia Moura) Assistindo ao bom document\u00e1rio: \u201cSimonal \u2013 Ningu\u00e9m Sabe o Duro que Dei\u201d, confesso que chorei, que me revoltei e me rebelei, por saber que Simonal n\u00e3o est\u00e1 mais aqui para, ao menos, ter a chance de ouvir os aplausos que ecoaram ao\u2026","rel":"","context":"Post similar","img":{"alt_text":"","src":"","width":0,"height":0},"classes":[]},{"id":1023,"url":"http:\/\/www.soniamoura.com.br\/?p=1023","url_meta":{"origin":51,"position":5},"title":"BA\u00da DAS PALAVRAS","date":"22 novembro 2009","format":false,"excerpt":"\u00a0 \u00a0 BA\u00da DAS PALAVRAS\u00a0 (Autoria: S\u00f4nia Moura) \u00a0 Meu pai chegou em casa Feliz como um passarinho Ria que nem crian\u00e7a Segurando um pacotinho \u00a0 Mam\u00e3e foi logo perguntando - Por que voc\u00ea tanto ri? Papai respondeu depressa O motivo est\u00e1 aqui E mostrou o pacotinho Todo bem embrulhadinho\u2026","rel":"","context":"Em &quot;Livros&quot;","img":{"alt_text":"","src":"","width":0,"height":0},"classes":[]}],"_links":{"self":[{"href":"http:\/\/www.soniamoura.com.br\/index.php?rest_route=\/wp\/v2\/posts\/51"}],"collection":[{"href":"http:\/\/www.soniamoura.com.br\/index.php?rest_route=\/wp\/v2\/posts"}],"about":[{"href":"http:\/\/www.soniamoura.com.br\/index.php?rest_route=\/wp\/v2\/types\/post"}],"author":[{"embeddable":true,"href":"http:\/\/www.soniamoura.com.br\/index.php?rest_route=\/wp\/v2\/users\/1"}],"replies":[{"embeddable":true,"href":"http:\/\/www.soniamoura.com.br\/index.php?rest_route=%2Fwp%2Fv2%2Fcomments&post=51"}],"version-history":[{"count":0,"href":"http:\/\/www.soniamoura.com.br\/index.php?rest_route=\/wp\/v2\/posts\/51\/revisions"}],"wp:attachment":[{"href":"http:\/\/www.soniamoura.com.br\/index.php?rest_route=%2Fwp%2Fv2%2Fmedia&parent=51"}],"wp:term":[{"taxonomy":"category","embeddable":true,"href":"http:\/\/www.soniamoura.com.br\/index.php?rest_route=%2Fwp%2Fv2%2Fcategories&post=51"},{"taxonomy":"post_tag","embeddable":true,"href":"http:\/\/www.soniamoura.com.br\/index.php?rest_route=%2Fwp%2Fv2%2Ftags&post=51"}],"curies":[{"name":"wp","href":"https:\/\/api.w.org\/{rel}","templated":true}]}}