{"id":50,"date":"2007-11-07T08:21:30","date_gmt":"2007-11-07T12:21:30","guid":{"rendered":"http:\/\/www.soniamoura.com.br\/?p=50"},"modified":"2007-11-07T10:56:35","modified_gmt":"2007-11-07T14:56:35","slug":"slaves","status":"publish","type":"post","link":"http:\/\/www.soniamoura.com.br\/?p=50","title":{"rendered":"Escravid\u00e3o"},"content":{"rendered":"<p class=\"MsoNormal\" style=\"text-align: justify\"><img loading=\"lazy\" src=\"http:\/\/tbn0.google.com\/images?q=tbn:C6Ptsukq6mLkWM:http:\/\/img529.imageshack.us\/img529\/7382\/torture33uv7.jpg\" title=\"Escravid\u00e3o\" align=\"left\" height=\"125\" hspace=\"6\" width=\"124\" \/>\u201cGuardi\u00f5es da humanidade\u201d, nossos vizinhos do andar superior, com a superioridade delegada pelo poder econ\u00f4mico, comandam o mundo, fiscalizam, reprovam e exploram, de forma velada ou revelada todos os que est\u00e3o na parte de baixo do mapa ou abaixo do que se determinou como riqueza, a econ\u00f4mica.<\/p>\n<p class=\"MsoNormal\" style=\"text-align: justify\">Ainda que, em muitos pa\u00edses pertencentes ao bloco denominado \u201cinferior\u201d, (segundo crit\u00e9rios econ\u00f4micos- financeiros) existam muitas riquezas, que ainda n\u00e3o foram  transformadas em moeda corrente valorizada, ou seja, n\u00e3o est\u00e3o em bancos internacionais ou n\u00e3o fazem parte de Wall Street ou n\u00e3o aparecem na<span>  <\/span>Nasdaq, aquietemo-nos, logo, logo, a varinha m\u00e1gica das grandes pot\u00eancias h\u00e1 de tocar-lhes a fronte e, ent\u00e3o,<span>  <\/span>tudo se transformar\u00e1 em moeda, em divisa.<\/p>\n<p class=\"MsoNormal\" style=\"text-align: justify\">Os pensamentos at\u00e9 aqui expostos, nasceram, ap\u00f3s a leitura desta  not\u00edcia que nos chamou a aten\u00e7\u00e3o: \u201c<a href=\"http:\/\/oglobo.globo.com\/pais\/mat\/2007\/11\/07\/327064427.asp\" target=\"_blank\">Deputados dos EUA discutir\u00e3o trabalho escravo no Brasil<\/a>\u201d, esta atitude seria louv\u00e1vel, se n\u00e3o fosse invasiva. Ser\u00e1 que n\u00e3o temos fiscaliza\u00e7\u00e3o, policiamento e autoridade em nosso pa\u00eds, necessitando, assim, que os nossos caridosos e humanit\u00e1rios vizinhos precisem invadir nosso territ\u00f3rio, para resolver nossos problemas?<\/p>\n<p class=\"MsoNormal\" style=\"text-align: justify\">Sei n\u00e3o.<\/p>\n<p class=\"MsoNormal\" style=\"text-align: justify\">Impuseram-nos costumes, invadiram a nossa cultura e principalmente, invadiram nosso territ\u00f3rio ling\u00fc\u00edstico e estas tamb\u00e9m<span>  <\/span>s\u00e3o formas de escravizar outros povos, apagando-lhes os tra\u00e7os de identidade, fazendo nossa gente acreditar que somos <span>  <\/span>menos valorosos do que os que moram no andar superior. Querem uma prova disto, fa\u00e7am uma visitinha a um bairro famoso, da zona Oeste, no Rio de Janeiro.<\/p>\n<p class=\"MsoNormal\" style=\"text-align: justify\">A l\u00edngua francesa j\u00e1 se misturou \u00e0 l\u00edngua portuguesa e deixou heran\u00e7as, mas, a invas\u00e3o da l\u00edngua francesa veio pela m\u00e3o da vaidade, uma vez que foi ditada pela moda e pelo modismo, nos dois casos, o uso de termos em outra l\u00edngua era\/\u00e9 s\u00edmbolo de \u201cstatus\u201d, hoje, embora com novos contornos, dominar a l\u00edngua inglesa ou empreg\u00e1-la como nome de produtos ou de lojas, significa fazer parte dos bem-aventurados, dos afortunados, dos escolhidos, dos que h\u00e3o de vender mais e dos que h\u00e3o de comprar um produto com um nome, que, \u00e0s vezes, eles nem sabem o que significa.<\/p>\n<p class=\"MsoNormal\" style=\"text-align: justify\">Cuidado, meu povo, para &#8220;eles&#8221;, os do andar superior (aqui na terra mesmo), o resto \u00e9 o resto, basta vermos o que acontece  nos locais de embarque de seus<span>  <\/span>aeroportos.<\/p>\n<p class=\"MsoNormal\" style=\"text-align: justify\">Ent\u00e3o, como explicar que quem explora o mundo e todo mundo, invadindo espa\u00e7os, escravizando culturalmente outros povos, impondo-lhes costumes, maneiras de viver e, principalmente, fazendo com que outros povos comecem a desvalorizar um de seus maiores patrim\u00f4nios: a l\u00edngua materna, tenha o direito de julgar outros povos?<\/p>\n<p class=\"MsoNormal\">No entanto, se for para o<span>  <\/span>bem dos que sofrem com o absurdo da escravid\u00e3o, venham, senhores Deputados dos EUA, mas, por favor, tirem os \u00f3culos da grandeza, coloquem os \u00f3culos da realidade e calcem as sand\u00e1lias da humildade, e, sendo os senhores, o  prot\u00f3tipo do mito do salvador, por favor: salvem os que sofrem com o absurdo da escravid\u00e3o, seja ela de que  tipo  for.<\/p>\n","protected":false},"excerpt":{"rendered":"<p>\u201cGuardi\u00f5es da humanidade\u201d, nossos vizinhos do andar superior, com a superioridade delegada pelo poder econ\u00f4mico, comandam o mundo, fiscalizam, reprovam e exploram, de forma velada ou revelada todos os que est\u00e3o na parte de baixo do mapa ou abaixo do que se determinou como riqueza, a econ\u00f4mica. Ainda que, em muitos pa\u00edses pertencentes ao bloco [&hellip;]<\/p>\n","protected":false},"author":1,"featured_media":0,"comment_status":"open","ping_status":"open","sticky":false,"template":"","format":"standard","meta":{"spay_email":"","jetpack_publicize_message":"","jetpack_is_tweetstorm":false},"categories":[5],"tags":[],"jetpack_featured_media_url":"","jetpack_publicize_connections":[],"jetpack_sharing_enabled":true,"jetpack_shortlink":"https:\/\/wp.me\/smZuW-slaves","jetpack-related-posts":[{"id":767,"url":"http:\/\/www.soniamoura.com.br\/?p=767","url_meta":{"origin":50,"position":0},"title":"Nossa Aten\u00e7\u00e3o","date":"2 junho 2009","format":false,"excerpt":"NOSSA ATEN\u00c7\u00c3O (S\u00f4nia Moura) A dor se espalha e estamos todos envolvidos pela dor da incerteza que agora toma conta dos parentes e amigos dos passageiros e tripulantes do voo Rio-Paris, que est\u00e1 desaparecido. Como cada parente e cada amigo deseja que seu ente querido esteja vivo, boiando agarrado a\u2026","rel":"","context":"Em \"air france\"","img":{"alt_text":"","src":"","width":0,"height":0},"classes":[]},{"id":2013,"url":"http:\/\/www.soniamoura.com.br\/?p=2013","url_meta":{"origin":50,"position":1},"title":"A MINHA RUA","date":"4 outubro 2013","format":false,"excerpt":"A MINHA RUA\u00a0 [por S\u00f4nia Moura] \u00a0 \u00a0\u00a0\u00a0\u00a0\u00a0\u00a0\u00a0\u00a0\u00a0\u00a0\u00a0 H\u00e1 \u00e1rvores em minha rua, assim, logo cedo, alguns p\u00e1ssaros, que nelas residem, despertam\u00a0 ruidosamente e me despertam tamb\u00e9m, a seguir, um pouco antes da sete, uma buzina avisa que o flamenguista chegou para trabalhar(ou est\u00e1 saindo, n\u00e3o sei), aqui h\u00e1 hot\u00e9is\u2026","rel":"","context":"Em &quot;Contos&quot;","img":{"alt_text":"","src":"","width":0,"height":0},"classes":[]},{"id":1143,"url":"http:\/\/www.soniamoura.com.br\/?p=1143","url_meta":{"origin":50,"position":2},"title":"CORA\u00c7\u00c3O COLIBRI","date":"19 fevereiro 2010","format":false,"excerpt":"\u00a0 \u00a0 Cora\u00e7\u00e3o Colibri\u00a0 (Autoria: S\u00f4nia Moura) \u00a0 Ah! Cora\u00e7\u00e3o Como cabe em voc\u00ea Tanta emo\u00e7\u00e3o Tanto amor Tanta paix\u00e3o? Ser\u00e1 que \u00c9 porque voc\u00ea \u00e9 oco Ent\u00e3o se libera do sufoco E faz com que todos Se orientem Atrav\u00e9s de voc\u00ea? \u00a0 Ent\u00e3o, n\u00e3o adianta entrar em afli\u00e7\u00e3o Entregue\u2026","rel":"","context":"Em &quot;Livros&quot;","img":{"alt_text":"","src":"","width":0,"height":0},"classes":[]},{"id":920,"url":"http:\/\/www.soniamoura.com.br\/?p=920","url_meta":{"origin":50,"position":3},"title":"TEMPO! TEMPO! TEMPO!","date":"30 setembro 2009","format":false,"excerpt":"\u00a0 TEMPO! TEMPO! TEMPO! (Autoria: S\u00f4nia Moura) \u00a0 Por ser multifacetado, o tempo \u00e9 crian\u00e7a, jovem, velho; \u00e9 tamb\u00e9m presente, passado e futuro, \u00e9 finito e infinito e pode ser\u00a0 longo ou curto. O tempo \u00e9 t\u00e3o poderoso que pode ser de espera ou de encontro, de alegria ou de\u2026","rel":"","context":"Em &quot;Mensagens&quot;","img":{"alt_text":"","src":"","width":0,"height":0},"classes":[]},{"id":2317,"url":"http:\/\/www.soniamoura.com.br\/?p=2317","url_meta":{"origin":50,"position":4},"title":"Tatuagem (Brev\u00ed\u00ed\u00ed\u00ed\u00edssiiiimo relato)","date":"7 setembro 2015","format":false,"excerpt":"A tatuagem, como forma de express\u00e3o, de comunica\u00e7\u00e3o e de linguagem, \u00e9 representada por s\u00edmbolos de bravura, nobreza, rebeldia, divindade ou simples adornos corporais e est\u00e3o em homens e mulheres desde os prim\u00f3rdios da civiliza\u00e7\u00e3o. Esta arte foi perseguida em v\u00e1rios momentos da hist\u00f3ria, mas resistiu com bravura e, atualmente,\u2026","rel":"","context":"Em &quot;Blogroll&quot;","img":{"alt_text":"","src":"https:\/\/i2.wp.com\/www.soniamoura.com.br\/wp-content\/uploads\/2015\/09\/tatooflor-238x300.jpg?resize=350%2C200","width":350,"height":200},"classes":[]},{"id":2448,"url":"http:\/\/www.soniamoura.com.br\/?p=2448","url_meta":{"origin":50,"position":5},"title":"AS  BRUXAS EST\u00c3O SOLTAS (por S\u00f4nia Moura)","date":"31 outubro 2016","format":false,"excerpt":"Hoje \u00e9 dia das Bruxas, aquelas mulheres s\u00e1bias, independentes e fortes. Muitas foram queimadas em fogueiras, outras sobreviveram \u00e0 barb\u00e1rie religiosa e machista. Por que tanto medo dessas mulheres \u201csobreviventes\u201d aquelas que n\u00e3o morriam aos 20 ou, no m\u00e1ximo, aos 30 anos? Porque as mais velhas eram sempre as preferidas\u2026","rel":"","context":"Em &quot;Mensagens&quot;","img":{"alt_text":"","src":"https:\/\/i0.wp.com\/www.soniamoura.com.br\/wp-content\/uploads\/2016\/10\/bruxinhas-300x213.jpg?resize=350%2C200","width":350,"height":200},"classes":[]}],"_links":{"self":[{"href":"http:\/\/www.soniamoura.com.br\/index.php?rest_route=\/wp\/v2\/posts\/50"}],"collection":[{"href":"http:\/\/www.soniamoura.com.br\/index.php?rest_route=\/wp\/v2\/posts"}],"about":[{"href":"http:\/\/www.soniamoura.com.br\/index.php?rest_route=\/wp\/v2\/types\/post"}],"author":[{"embeddable":true,"href":"http:\/\/www.soniamoura.com.br\/index.php?rest_route=\/wp\/v2\/users\/1"}],"replies":[{"embeddable":true,"href":"http:\/\/www.soniamoura.com.br\/index.php?rest_route=%2Fwp%2Fv2%2Fcomments&post=50"}],"version-history":[{"count":0,"href":"http:\/\/www.soniamoura.com.br\/index.php?rest_route=\/wp\/v2\/posts\/50\/revisions"}],"wp:attachment":[{"href":"http:\/\/www.soniamoura.com.br\/index.php?rest_route=%2Fwp%2Fv2%2Fmedia&parent=50"}],"wp:term":[{"taxonomy":"category","embeddable":true,"href":"http:\/\/www.soniamoura.com.br\/index.php?rest_route=%2Fwp%2Fv2%2Fcategories&post=50"},{"taxonomy":"post_tag","embeddable":true,"href":"http:\/\/www.soniamoura.com.br\/index.php?rest_route=%2Fwp%2Fv2%2Ftags&post=50"}],"curies":[{"name":"wp","href":"https:\/\/api.w.org\/{rel}","templated":true}]}}