{"id":49,"date":"2007-11-06T20:29:35","date_gmt":"2007-11-07T00:29:35","guid":{"rendered":"http:\/\/www.soniamoura.com.br\/?p=49"},"modified":"2007-11-07T10:37:48","modified_gmt":"2007-11-07T14:37:48","slug":"sem-graca","status":"publish","type":"post","link":"http:\/\/www.soniamoura.com.br\/?p=49","title":{"rendered":"Sem gra\u00e7a"},"content":{"rendered":"<p class=\"MsoNormal\" style=\"text-align: justify\">Nestes tempos,  em que a avia\u00e7\u00e3o civil passa por tantos problemas, um tanto incr\u00e9dula, leio a seguinte not\u00edcia: um menino de 11 anos conseguiu embarcar sozinho, sem len\u00e7o e sem documento, em um avi\u00e3o e, assim, viajou de V\u00e1rzea Grande, regi\u00e3o metropolitana de Cuiab\u00e1 at\u00e9 S\u00e3o Paulo.<\/p>\n<p class=\"MsoNormal\" style=\"text-align: justify\"> A not\u00edcia diz que esta viagem aconteceu porque  ele brigou com um vizinho da mesma idade e queria mudar-se, deste modo, creio que tudo foi feito &#8220;sem grandes planejamentos&#8221;. Ent\u00e3o,  <span>  <\/span>sem ser incomodado, ele se misturou aos passageiros e viajou sem o bilhete ou cart\u00e3o de embarque<strong>,<\/strong> chegando at\u00e9 o<span>  <\/span>aeroporto de Guarulhos.<\/p>\n<p class=\"MsoNormal\" style=\"text-align: justify\">Pensem bem : um menino conseguiu viajar sem ser incomodado e&#8230; de gra\u00e7a! Isto parece coisa de cinema, mas \u00e9 verdade e n\u00e3o fic\u00e7\u00e3o.<\/p>\n<p class=\"MsoNormal\" style=\"text-align: justify\" align=\"justify\">Imaginemos  (toc! toc! toc!) que um louco, um fan\u00e1tico ou um bandido, com tempo suficiente para planejar, coloque  em pr\u00e1tica a id\u00e9ia  de entrar em um avi\u00e3o, a fim de cometer qualquer ato de loucura ou atentado,  o que acontecer\u00e1?<\/p>\n<p class=\"MsoNormal\" style=\"text-align: justify\" align=\"justify\">Creiam-me, senhores passageiros,  o resultado final  de qualquer  a\u00e7\u00e3o planejada por algu\u00e9m mal intencionado, certamente,  n\u00e3o ter\u00e1 a menor gra\u00e7a.<\/p>\n<p class=\"MsoNormal\" style=\"text-align: justify\" align=\"justify\">Deste modo, para a nossa seguran\u00e7a, s\u00f3 h\u00e1 um caminho, seguirmos as instru\u00e7\u00f5es e\u00a0 apertar\u00a0 os cintos,  senhores passageiros!<\/p>\n","protected":false},"excerpt":{"rendered":"<p>Nestes tempos, em que a avia\u00e7\u00e3o civil passa por tantos problemas, um tanto incr\u00e9dula, leio a seguinte not\u00edcia: um menino de 11 anos conseguiu embarcar sozinho, sem len\u00e7o e sem documento, em um avi\u00e3o e, assim, viajou de V\u00e1rzea Grande, regi\u00e3o metropolitana de Cuiab\u00e1 at\u00e9 S\u00e3o Paulo. A not\u00edcia diz que esta viagem aconteceu porque [&hellip;]<\/p>\n","protected":false},"author":1,"featured_media":0,"comment_status":"open","ping_status":"open","sticky":false,"template":"","format":"standard","meta":{"spay_email":"","jetpack_publicize_message":"","jetpack_is_tweetstorm":false},"categories":[8],"tags":[],"jetpack_featured_media_url":"","jetpack_publicize_connections":[],"jetpack_sharing_enabled":true,"jetpack_shortlink":"https:\/\/wp.me\/pmZuW-N","jetpack-related-posts":[{"id":1471,"url":"http:\/\/www.soniamoura.com.br\/?p=1471","url_meta":{"origin":49,"position":0},"title":"LABIRINTOS DA IMAGINA\u00c7\u00c3O","date":"2 janeiro 2011","format":false,"excerpt":"\u00a0 Labirintos da Imagina\u00e7\u00e3o (por S\u00f4nia Moura) \u00a0 Para se viver \u00e0 margem da pris\u00e3o \u00e0 qual nos submete a realidade, basta seguirmos pelos labirintos da imagina\u00e7\u00e3o, porque, somente l\u00e1, se pode entender os verdadeiros significados de todos os nossos sonhos e mais \u00edntimos desejos. Apenas pelos desvios dos labirintos\u2026","rel":"","context":"Em &quot;Livros&quot;","img":{"alt_text":"","src":"","width":0,"height":0},"classes":[]},{"id":1017,"url":"http:\/\/www.soniamoura.com.br\/?p=1017","url_meta":{"origin":49,"position":1},"title":"DIA DA BANDEIRA","date":"19 novembro 2009","format":false,"excerpt":"DIA DA BANDEIRA\u00a0 (Autoria: S\u00f4nia Moura) \u00a0Hoje \u00e9 o dia dedicado \u00e0 nossa Bandeira. Ser\u00e1 que as pessoas se lembram desta data? Enquanto estamos na escola, lembramo-nos deste dia, ainda assim, s\u00f3 mesmo se estivermos no Ensino Fundamental, pois, a partir do Ensino M\u00e9dio, nos distanciamos das datas, que comemoram\u2026","rel":"","context":"Em &quot;Mensagens&quot;","img":{"alt_text":"","src":"","width":0,"height":0},"classes":[]},{"id":969,"url":"http:\/\/www.soniamoura.com.br\/?p=969","url_meta":{"origin":49,"position":2},"title":"ILHAS","date":"30 outubro 2009","format":false,"excerpt":"\u00a0 \u00a0 \u00a0 \u00a0ILHAS\u00a0 (Autoria: S\u00f4nia Moura) \u00a0 \u00a0Eu pensei que sabia das coisas da vida Mas o brilho da lua bailando no mar Das ilhas por onde passei Me deram a certeza de que eu deveria Aprender muito mais Sobre as coisas do amar Que, como as ondas do\u2026","rel":"","context":"Em &quot;Poesias&quot;","img":{"alt_text":"","src":"","width":0,"height":0},"classes":[]},{"id":867,"url":"http:\/\/www.soniamoura.com.br\/?p=867","url_meta":{"origin":49,"position":3},"title":"O TR\u00c2NSITO DA FELICIDADE","date":"27 agosto 2009","format":false,"excerpt":"\u00a0 O TR\u00c2NSITO DA FELICIDADE \u00a0(Autoria: S\u00d4NIA MOURA) Julieta gostava de cantar, de dan\u00e7ar e de representar, alegrava-se e alegrava os outros. Um dia chegaram umas pessoas estranhas em sua aldeia, Julieta deu entrevistas, cantou e dan\u00e7ou. Resolveram que ela deveria gravar um CD, era boa demais para ficar perdida\u2026","rel":"","context":"Em &quot;Contos&quot;","img":{"alt_text":"","src":"","width":0,"height":0},"classes":[]},{"id":677,"url":"http:\/\/www.soniamoura.com.br\/?p=677","url_meta":{"origin":49,"position":4},"title":"MUTANTES","date":"30 mar\u00e7o 2009","format":false,"excerpt":"Mutantes (Autoria: S\u00f4nia Moura) \u00a0 \u00a0 \u00a0 \u00a0 MUTANTES (Autoria: S\u00f4nia Moura) Din-don acordou bem cedo E foi ver o sol nascer Subiu na duna mais alta E come\u00e7ou a cantar Precisava deste canto Pra o destino mudar A manh\u00e3 se espregui\u00e7ou E a lua foi dormir O sol mostrou\u2026","rel":"","context":"Em &quot;Livros&quot;","img":{"alt_text":"","src":"","width":0,"height":0},"classes":[]},{"id":278,"url":"http:\/\/www.soniamoura.com.br\/?p=278","url_meta":{"origin":49,"position":5},"title":"TEMPOS DE ESCOLA","date":"13 julho 2008","format":false,"excerpt":"Tempos de Escola Autoria: S\u00d4NIA MOURA Acordar cedo ou n\u00e3o dormir \u00e0 tarde -Que chatea\u00e7\u00e3o Ficar sentado muito tempo -Que tormento! Ouvir o professor falar, falar... -Era de matar! Aturar as gracinhas do sem gra\u00e7a -Que desgra\u00e7a! Estudar e n\u00e3o poder brincar -Era de chorar! Esperar a nota chegar e\u2026","rel":"","context":"Em &quot;Poesias&quot;","img":{"alt_text":"","src":"","width":0,"height":0},"classes":[]}],"_links":{"self":[{"href":"http:\/\/www.soniamoura.com.br\/index.php?rest_route=\/wp\/v2\/posts\/49"}],"collection":[{"href":"http:\/\/www.soniamoura.com.br\/index.php?rest_route=\/wp\/v2\/posts"}],"about":[{"href":"http:\/\/www.soniamoura.com.br\/index.php?rest_route=\/wp\/v2\/types\/post"}],"author":[{"embeddable":true,"href":"http:\/\/www.soniamoura.com.br\/index.php?rest_route=\/wp\/v2\/users\/1"}],"replies":[{"embeddable":true,"href":"http:\/\/www.soniamoura.com.br\/index.php?rest_route=%2Fwp%2Fv2%2Fcomments&post=49"}],"version-history":[{"count":0,"href":"http:\/\/www.soniamoura.com.br\/index.php?rest_route=\/wp\/v2\/posts\/49\/revisions"}],"wp:attachment":[{"href":"http:\/\/www.soniamoura.com.br\/index.php?rest_route=%2Fwp%2Fv2%2Fmedia&parent=49"}],"wp:term":[{"taxonomy":"category","embeddable":true,"href":"http:\/\/www.soniamoura.com.br\/index.php?rest_route=%2Fwp%2Fv2%2Fcategories&post=49"},{"taxonomy":"post_tag","embeddable":true,"href":"http:\/\/www.soniamoura.com.br\/index.php?rest_route=%2Fwp%2Fv2%2Ftags&post=49"}],"curies":[{"name":"wp","href":"https:\/\/api.w.org\/{rel}","templated":true}]}}