{"id":48,"date":"2007-12-17T10:33:54","date_gmt":"2007-12-17T14:33:54","guid":{"rendered":"http:\/\/www.soniamoura.com.br\/?p=48"},"modified":"2007-12-17T10:44:09","modified_gmt":"2007-12-17T14:44:09","slug":"natureza","status":"publish","type":"post","link":"http:\/\/www.soniamoura.com.br\/?p=48","title":{"rendered":"Natureza"},"content":{"rendered":"<p><img SRC=\"http:\/\/tbn0.google.com\/images?q=tbn:-20DNFHLjhgmiM:http:\/\/www.sotemplates.com\/natureza003.jpg\" TITLE=\"Natureza\" HSPACE=\"6\" WIDTH=\"142\" HEIGHT=\"124\" ALIGN=\"left\" \/><\/p>\n<p ALIGN=\"justify\">Sintam a paz que a natureza transmite.<\/p>\n<p>Ou\u00e7am o que rumorejam as \u00e1guas a deslizar entre arvoredos, compondo esse  retrato de comunh\u00e3o e vida.<\/p>\n<p>Vale a pena ouvir, vale a pena sentir, vale a pena comungar.<\/p>\n<p>Observem a \u00e1rvore da frente, suas ra\u00edzes se debru\u00e7am sobre a margem, e parecem m\u00e3os a brincar com a \u00e1gua, enquanto o verde, acompanhado pelos p\u00e1ssaros, repete a cantiga do vento. Ou\u00e7am, ou\u00e7am! eles est\u00e3o nos convidando a participar desta sinfonia.<\/p>\n<p>Aceitemos o convite da natureza, pois todos fazemos parte dela.<\/p>\n<p>Ah!, mas isto \u00e9 fantasia, dir\u00e3o voc\u00eas, este \u00e9 apenas um retrato, nada mais. Eu insisto: \u00e9 s\u00f3 fechar os olhos, abrir a mente e a alma para poder participar da festa!<\/p>\n","protected":false},"excerpt":{"rendered":"<p>Sintam a paz que a natureza transmite. Ou\u00e7am o que rumorejam as \u00e1guas a deslizar entre arvoredos, compondo esse retrato de comunh\u00e3o e vida. Vale a pena ouvir, vale a pena sentir, vale a pena comungar. Observem a \u00e1rvore da frente, suas ra\u00edzes se debru\u00e7am sobre a margem, e parecem m\u00e3os a brincar com a [&hellip;]<\/p>\n","protected":false},"author":1,"featured_media":0,"comment_status":"open","ping_status":"open","sticky":false,"template":"","format":"standard","meta":{"spay_email":"","jetpack_publicize_message":"","jetpack_is_tweetstorm":false},"categories":[1],"tags":[],"jetpack_featured_media_url":"","jetpack_publicize_connections":[],"jetpack_sharing_enabled":true,"jetpack_shortlink":"https:\/\/wp.me\/smZuW-natureza","jetpack-related-posts":[{"id":829,"url":"http:\/\/www.soniamoura.com.br\/?p=829","url_meta":{"origin":48,"position":0},"title":"O TEMPO E O AMOR","date":"28 julho 2009","format":false,"excerpt":"TEMPO (Autoria: S\u00f4nia Moura) \"Mais um tempo, doutora, \u00e9 s\u00f3 o que pe\u00e7o \u2013 mais um tempo para eu dizer a ela que n\u00f3s a amamos e que estamos aqui com ela.\" Estas foram as palavras que ouvi de uma jovem totalmente abalada ao receber a not\u00edcia desesperan\u00e7osa sobre o\u2026","rel":"","context":"Em &quot;Mensagens&quot;","img":{"alt_text":"","src":"","width":0,"height":0},"classes":[]},{"id":934,"url":"http:\/\/www.soniamoura.com.br\/?p=934","url_meta":{"origin":48,"position":1},"title":"SALVE NOSSA SENHORA APARECIDA","date":"12 outubro 2009","format":false,"excerpt":"\u00a0 Salve Nossa Senhora Aparecida! \u00a0 \u00a0 H\u00e1 muito tempo sei que tudo o que vale na vida n\u00e3o \u00e9 a religi\u00e3o e sim a f\u00e9. Assim, procuro exercitar a minha f\u00e9, tendo Deus como um pai amoroso e n\u00e3o como um pai punidor e junto a ele, todos os\u2026","rel":"","context":"Em &quot;Mensagens&quot;","img":{"alt_text":"","src":"","width":0,"height":0},"classes":[]},{"id":2426,"url":"http:\/\/www.soniamoura.com.br\/?p=2426","url_meta":{"origin":48,"position":2},"title":"SEM AMANH\u00c3?","date":"9 setembro 2016","format":false,"excerpt":"Esmeralda disse \u00e0 Sofia que tinha certeza de que tudo estava acabado, n\u00e3o havia mais esperan\u00e7a, uma pena, pensou ela, porque ainda havia muito amor. A manh\u00e3 se prenunciara entre nuvens, mas um sol t\u00edmido come\u00e7ava a despertar, e, enquanto as ondas mexiam as areias, a saudade remexia os pensamentos\u2026","rel":"","context":"Em &quot;Contos&quot;","img":{"alt_text":"","src":"https:\/\/i2.wp.com\/www.soniamoura.com.br\/wp-content\/uploads\/2016\/09\/manh\u00c3\u00a32-255x300.jpg?resize=350%2C200","width":350,"height":200},"classes":[]},{"id":90,"url":"http:\/\/www.soniamoura.com.br\/?p=90","url_meta":{"origin":48,"position":3},"title":"Mensagem da m\u00e3e Natureza","date":"20 dezembro 2007","format":false,"excerpt":"Embora essa possa ser uma fotomontagem, eu prefiro crer que seja uma montagem da pr\u00f3pria natureza. Confiando na segunda hip\u00f3tese, pergunto: O que a m\u00e3e Natureza deseja nos mostrar atrav\u00e9s dessa imagem? N\u00e3o posso precisar se estava dormindo ou acordada, se foi sonho ou se \u00e9 realidade, mas creio ter\u2026","rel":"","context":"Em &quot;Mensagens&quot;","img":{"alt_text":"","src":"","width":0,"height":0},"classes":[]},{"id":455,"url":"http:\/\/www.soniamoura.com.br\/?p=455","url_meta":{"origin":48,"position":4},"title":"RETRATO","date":"6 novembro 2008","format":false,"excerpt":"\u00a0 \u00a0 \u00a0 \u00a0 \u00a0 \u00a0 \u00a0 \u00a0 \u00a0 \u00a0 \u00a0 \u00a0 \u00a0 \u00a0 \u00a0 \u00a0 \u00a0 \u00a0 \u00a0 \u00a0 \u00a0\u00a0 RETRATO (por S\u00d4NIA MOURA) Ontem \u00e0 noite, aprendi com os anjos, que a imagem do ser amado perpetua-se em n\u00f3s, se entranha na pele como tatuagem escolhida e por\u2026","rel":"","context":"Em &quot;R\u00e1pidas&quot;","img":{"alt_text":"","src":"","width":0,"height":0},"classes":[]},{"id":604,"url":"http:\/\/www.soniamoura.com.br\/?p=604","url_meta":{"origin":48,"position":5},"title":"O PRESENTE","date":"25 janeiro 2009","format":false,"excerpt":"O PRESENTE (Autoria: S\u00d4NIA MOURA) O retrato sobre a mesinha lateral marcava o tempo eterno do amor. Uma abelha veio pousar justamente sobre a flor que embelezava os cabelos da mulher guardada na fotografia. Mas porque a abelha pousara ali? Estaria \u00e0 procura de n\u00e9ctar para produzir seu mel ou\u2026","rel":"","context":"Em &quot;Contos&quot;","img":{"alt_text":"","src":"","width":0,"height":0},"classes":[]}],"_links":{"self":[{"href":"http:\/\/www.soniamoura.com.br\/index.php?rest_route=\/wp\/v2\/posts\/48"}],"collection":[{"href":"http:\/\/www.soniamoura.com.br\/index.php?rest_route=\/wp\/v2\/posts"}],"about":[{"href":"http:\/\/www.soniamoura.com.br\/index.php?rest_route=\/wp\/v2\/types\/post"}],"author":[{"embeddable":true,"href":"http:\/\/www.soniamoura.com.br\/index.php?rest_route=\/wp\/v2\/users\/1"}],"replies":[{"embeddable":true,"href":"http:\/\/www.soniamoura.com.br\/index.php?rest_route=%2Fwp%2Fv2%2Fcomments&post=48"}],"version-history":[{"count":0,"href":"http:\/\/www.soniamoura.com.br\/index.php?rest_route=\/wp\/v2\/posts\/48\/revisions"}],"wp:attachment":[{"href":"http:\/\/www.soniamoura.com.br\/index.php?rest_route=%2Fwp%2Fv2%2Fmedia&parent=48"}],"wp:term":[{"taxonomy":"category","embeddable":true,"href":"http:\/\/www.soniamoura.com.br\/index.php?rest_route=%2Fwp%2Fv2%2Fcategories&post=48"},{"taxonomy":"post_tag","embeddable":true,"href":"http:\/\/www.soniamoura.com.br\/index.php?rest_route=%2Fwp%2Fv2%2Ftags&post=48"}],"curies":[{"name":"wp","href":"https:\/\/api.w.org\/{rel}","templated":true}]}}