{"id":45,"date":"2007-11-05T08:53:15","date_gmt":"2007-11-05T12:53:15","guid":{"rendered":"http:\/\/www.soniamoura.com.br\/?p=45"},"modified":"2007-11-05T12:35:38","modified_gmt":"2007-11-05T16:35:38","slug":"45","status":"publish","type":"post","link":"http:\/\/www.soniamoura.com.br\/?p=45","title":{"rendered":"As flores s\u00e3o assim&#8230;"},"content":{"rendered":"<p class=\"MsoBodyText\"><img loading=\"lazy\" src=\"http:\/\/images.stockxpert.com\/pic\/m\/l\/lv\/lvnel\/822146_16379738.jpg\" align=\"left\" height=\"150\" width=\"200\" \/>A manh\u00e3 chuvosa convidava \u00e0 pregui\u00e7a, mas como render- me ao convite, se as obriga\u00e7\u00f5es me aguardavam?<o:p><\/o:p><\/p>\n<p class=\"MsoNormal\" style=\"text-align: justify\">Foi a delicadeza de uma flor, que se abriu no meu pequeno \u201cjardim\u201d, reduzido a um jarro, que<span>  <\/span>adiou o come\u00e7o do trabalho que eu tinha de fazer, mas esta florzinha me mostrou que parar para admir\u00e1-la, n\u00e3o seria o fim do mundo, pois, se nasce uma flor em seu jardim,<span>  <\/span>tudo mais pode esperar, e voc\u00ea precisa curtir este instante \u00fanico.<o:p><\/o:p><\/p>\n<p class=\"MsoNormal\" style=\"text-align: justify\">Deixe este momento marcar-se em voc\u00ea, deixe a ess\u00eancia do instante impregnar-se em sua alma, para que a fragr\u00e2ncia da nova flor v\u00e1 tomando conta de todo o ambiente, inscrevendo-se no seu novo dia.<o:p><\/o:p><\/p>\n<p class=\"MsoNormal\" style=\"text-align: justify\">Permita que a gra\u00e7a da flor fa\u00e7a gra\u00e7a para os seus olhos, enquanto esta parece cuidar<span>  <\/span>para que o seu dia<span>  <\/span>seja o melhor de todos e para que voc\u00ea mergulhe de cabe\u00e7a na <em>dolce vita,<\/em> onde o arco-\u00edris de flores festeja a sua presen\u00e7a. <o:p><\/o:p><\/p>\n<p class=\"MsoBodyText2\">Estas met\u00e1foras da exist\u00eancia s\u00f3 comprovam que as flores pertencem ao grupo da beleza integral e, quem com elas compartilhar a paz, ter\u00e1 sua vida ancorada em harmonia, luz e amor, porque as flores s\u00e3o assim&#8230;<o:p><\/o:p><\/p>\n","protected":false},"excerpt":{"rendered":"<p>A manh\u00e3 chuvosa convidava \u00e0 pregui\u00e7a, mas como render- me ao convite, se as obriga\u00e7\u00f5es me aguardavam? Foi a delicadeza de uma flor, que se abriu no meu pequeno \u201cjardim\u201d, reduzido a um jarro, que adiou o come\u00e7o do trabalho que eu tinha de fazer, mas esta florzinha me mostrou que parar para admir\u00e1-la, n\u00e3o [&hellip;]<\/p>\n","protected":false},"author":1,"featured_media":0,"comment_status":"open","ping_status":"open","sticky":false,"template":"","format":"standard","meta":{"spay_email":"","jetpack_publicize_message":"","jetpack_is_tweetstorm":false},"categories":[5],"tags":[],"jetpack_featured_media_url":"","jetpack_publicize_connections":[],"jetpack_sharing_enabled":true,"jetpack_shortlink":"https:\/\/wp.me\/smZuW-45","jetpack-related-posts":[{"id":1291,"url":"http:\/\/www.soniamoura.com.br\/?p=1291","url_meta":{"origin":45,"position":0},"title":"ROSA ALGEMADA","date":"11 julho 2010","format":false,"excerpt":"ROSA ALGEMADA\u00a0 (Autoria: S\u00f4nia Moura) \u00a0N\u00e3o era mais uma linda Rosa juvenil, mas ainda tinha seu charme, sua gra\u00e7a e muita sensualidade, apenas n\u00e3o as via mais.\u00a0 Um dia, saiu a passear e encontrou um desvio. Pelas m\u00e3os inusitadas do destino, aquela flor desconsolada foi tomada por uma alegria febril,\u2026","rel":"","context":"Em &quot;Contos&quot;","img":{"alt_text":"","src":"","width":0,"height":0},"classes":[]},{"id":790,"url":"http:\/\/www.soniamoura.com.br\/?p=790","url_meta":{"origin":45,"position":1},"title":"PRECE","date":"29 junho 2009","format":false,"excerpt":"PRECE (Autoria: S\u00f4nia Moura) Eis-me aqui a teus p\u00e9s ajoelhada Suplicando tua interven\u00e7\u00e3o N\u00e3o quero amar, n\u00e3o, n\u00e3o quero n\u00e3o. Afastai-me, Senhor, desta tenta\u00e7\u00e3o Creia-me, Senhor, fui embebedada por Cupido E assim despi minha armadura de defesa E, agora, Senhor, encontro-me indefesa A implorar a ti que venha me valer\u2026","rel":"","context":"Em &quot;Poesias&quot;","img":{"alt_text":"","src":"","width":0,"height":0},"classes":[]},{"id":182,"url":"http:\/\/www.soniamoura.com.br\/?p=182","url_meta":{"origin":45,"position":2},"title":"A FLOR DA MORTE","date":"15 abril 2008","format":false,"excerpt":"Morava \u00e0 beira mar, numa cidade pequenina, aconchegante, onde a vida passava devagar. Tudo era muito calmo, somente o sino da igreja quebrava o quase sil\u00eancio daquele lugar. Um dia, no pequeno lugarejo, surge um construtor \u00e1vido por lucros e resolve promover a cidade: novas constru\u00e7\u00f5es, novos projetos, tudo, tudo\u2026","rel":"","context":"Em &quot;Contos&quot;","img":{"alt_text":"","src":"","width":0,"height":0},"classes":[]},{"id":649,"url":"http:\/\/www.soniamoura.com.br\/?p=649","url_meta":{"origin":45,"position":3},"title":"A ROSA ISM\u00c1LIA","date":"28 fevereiro 2009","format":false,"excerpt":"\u00a0 \u00a0 \u00a0 \u00a0 \u00a0 \u00a0 \u00a0 \u00a0 \u00a0 \u00a0 \u00a0 \u00a0 \u00a0 \u00a0 \u00a0 \u00a0 \u00a0 \u00a0 \u00a0 \u00a0 \u00a0 \u00a0 \u00a0 \u00a0 \u00a0 \u00a0 \u00a0 \u00a0 \u00a0 \u00a0\u00a0 A ROSA ISM\u00c1LIA (Autoria: S\u00f4nia Moura) O som de uma harpa tocava a suavidade da tarde, Rosa sonhava ... De\u2026","rel":"","context":"Em &quot;Contos&quot;","img":{"alt_text":"","src":"","width":0,"height":0},"classes":[]},{"id":1555,"url":"http:\/\/www.soniamoura.com.br\/?p=1555","url_meta":{"origin":45,"position":4},"title":"FR\u00c1GIL FLOR","date":"11 abril 2011","format":false,"excerpt":"\u00a0 FR\u00c1GIL FLOR Diziam que ela era fr\u00e1gil como uma flor, mas que se transformava ao receber as car\u00edcias do seu beija-flor. Diziam, tamb\u00e9m, que, nos momentos de sexo e do amor, a fr\u00e1gil mo\u00e7a abria-se em p\u00e9talas, desabrochava, crescia, se fortalecia e, como ningu\u00e9m, sabia deixar fluir o n\u00e9ctar\u2026","rel":"","context":"Em &quot;Contos&quot;","img":{"alt_text":"","src":"","width":0,"height":0},"classes":[]},{"id":604,"url":"http:\/\/www.soniamoura.com.br\/?p=604","url_meta":{"origin":45,"position":5},"title":"O PRESENTE","date":"25 janeiro 2009","format":false,"excerpt":"O PRESENTE (Autoria: S\u00d4NIA MOURA) O retrato sobre a mesinha lateral marcava o tempo eterno do amor. Uma abelha veio pousar justamente sobre a flor que embelezava os cabelos da mulher guardada na fotografia. Mas porque a abelha pousara ali? Estaria \u00e0 procura de n\u00e9ctar para produzir seu mel ou\u2026","rel":"","context":"Em &quot;Contos&quot;","img":{"alt_text":"","src":"","width":0,"height":0},"classes":[]}],"_links":{"self":[{"href":"http:\/\/www.soniamoura.com.br\/index.php?rest_route=\/wp\/v2\/posts\/45"}],"collection":[{"href":"http:\/\/www.soniamoura.com.br\/index.php?rest_route=\/wp\/v2\/posts"}],"about":[{"href":"http:\/\/www.soniamoura.com.br\/index.php?rest_route=\/wp\/v2\/types\/post"}],"author":[{"embeddable":true,"href":"http:\/\/www.soniamoura.com.br\/index.php?rest_route=\/wp\/v2\/users\/1"}],"replies":[{"embeddable":true,"href":"http:\/\/www.soniamoura.com.br\/index.php?rest_route=%2Fwp%2Fv2%2Fcomments&post=45"}],"version-history":[{"count":0,"href":"http:\/\/www.soniamoura.com.br\/index.php?rest_route=\/wp\/v2\/posts\/45\/revisions"}],"wp:attachment":[{"href":"http:\/\/www.soniamoura.com.br\/index.php?rest_route=%2Fwp%2Fv2%2Fmedia&parent=45"}],"wp:term":[{"taxonomy":"category","embeddable":true,"href":"http:\/\/www.soniamoura.com.br\/index.php?rest_route=%2Fwp%2Fv2%2Fcategories&post=45"},{"taxonomy":"post_tag","embeddable":true,"href":"http:\/\/www.soniamoura.com.br\/index.php?rest_route=%2Fwp%2Fv2%2Ftags&post=45"}],"curies":[{"name":"wp","href":"https:\/\/api.w.org\/{rel}","templated":true}]}}