{"id":44,"date":"2007-11-04T14:17:59","date_gmt":"2007-11-04T18:17:59","guid":{"rendered":"http:\/\/www.soniamoura.com.br\/?p=44"},"modified":"2007-11-08T17:20:11","modified_gmt":"2007-11-08T21:20:11","slug":"viva","status":"publish","type":"post","link":"http:\/\/www.soniamoura.com.br\/?p=44","title":{"rendered":"Viva!"},"content":{"rendered":"<p CLASS=\"MsoBodyText\"><img WIDTH=\"128\" HSPACE=\"4\" HEIGHT=\"96\" ALIGN=\"left\" ALT=\"Zumbis ao vivo\" SRC=\"http:\/\/www.multivita.com.br\/contido\/pics\/caminhadazumbi01.jpg\" \/> Fui \u00e0 passeata dos Zumbis. Gostei do que vi. Uma garotada divertindo-se, curtindo um dia que, por si s\u00f3, carrega nos tons da tristeza, e que eles davam novo tom, o tom da descontra\u00e7\u00e3o.<\/p>\n<p CLASS=\"MsoBodyText\"><span><\/span>Algumas pessoas que assistiam \u00e0 passeata, <span><\/span>sugeriam que esta era, certamente,  algum protesto:<em> &#8220;Acho que foram atropelados, deve ser <a HREF=\"http:\/\/www.multivita.com.br\/contido\/\">protesto <\/a>contra as mortes no tr\u00e2nsito&#8221;<\/em>,<span>  <\/span>ou como disse o policial, ao ser informado de que era uma passeata de Zumbis, pelo dia de finados: <em>\u201c Legal, bem que podiam aproveitar e protestar contra alguma coisa na pol\u00edtica &#8211; lembrou ele.\u201d<\/em>, e estas passagens me fizeram pensar em, como estamos nos afastando do prazer e  da a satisfa\u00e7\u00e3o e, cada vez mais, nos desacostumando com a alegria. <span><\/span><\/p>\n<p CLASS=\"MsoBodyText\">Assim, antes que nos transformem totalmente em Zumbis, fa\u00e7amos passeatas, encontros e reuni\u00f5es com este mesmo intuito, pois, urge salvarmos o prazer, a satisfa\u00e7\u00e3o e a <span><\/span>alegria, deixando-os bem vivos, enquanto ainda h\u00e1 tempo.<\/p>\n","protected":false},"excerpt":{"rendered":"<p>Fui \u00e0 passeata dos Zumbis. Gostei do que vi. Uma garotada divertindo-se, curtindo um dia que, por si s\u00f3, carrega nos tons da tristeza, e que eles davam novo tom, o tom da descontra\u00e7\u00e3o. Algumas pessoas que assistiam \u00e0 passeata, sugeriam que esta era, certamente, algum protesto: &#8220;Acho que foram atropelados, deve ser protesto contra [&hellip;]<\/p>\n","protected":false},"author":1,"featured_media":0,"comment_status":"open","ping_status":"open","sticky":false,"template":"","format":"standard","meta":{"spay_email":"","jetpack_publicize_message":"","jetpack_is_tweetstorm":false},"categories":[8],"tags":[],"jetpack_featured_media_url":"","jetpack_publicize_connections":[],"jetpack_sharing_enabled":true,"jetpack_shortlink":"https:\/\/wp.me\/smZuW-viva","jetpack-related-posts":[{"id":686,"url":"http:\/\/www.soniamoura.com.br\/?p=686","url_meta":{"origin":44,"position":0},"title":"Porta-seios","date":"13 abril 2009","format":false,"excerpt":"Porta - Seios (por S\u00d4NIA MOURA) \u00a0 \u00a0Porta-seios - antigamente, \u00a0era assim que se chamava o suti\u00e3, palavra trazida da l\u00edngua francesa para o seio de nossa l\u00edngua portuguesa. O famoso porta-seios protegia e\/ou segurava o que alguns chamavam de \"cofrinho\", pois as mulheres guardavam \"coisas\" entre os seios (ou\u2026","rel":"","context":"Post similar","img":{"alt_text":"","src":"","width":0,"height":0},"classes":[]},{"id":173,"url":"http:\/\/www.soniamoura.com.br\/?p=173","url_meta":{"origin":44,"position":1},"title":"ETERNAMENTE","date":"27 mar\u00e7o 2008","format":false,"excerpt":"Quinta-feira, 27\/03\/2008 \u00c9 proibido morrer em uma cidade da Fran\u00e7a \u201cO decreto do prefeito de Sarpourenx \u00e9 um protesto contra a decis\u00e3o da cidade vizinha de proibir a amplia\u00e7\u00e3o do cemit\u00e9rio para seus limites. Ele espera que os idosos tenham vida longa.\u201d[Compilado do site http:\/\/video.globo.com - via \u2013 www.niu.com.br] (UM\u2026","rel":"","context":"Com 2 coment\u00e1rios","img":{"alt_text":"","src":"","width":0,"height":0},"classes":[]},{"id":1206,"url":"http:\/\/www.soniamoura.com.br\/?p=1206","url_meta":{"origin":44,"position":2},"title":"POEMA P\u00d3S-TUDO de AUGUSTO DE CAMPOS \u2013 parte III","date":"18 abril 2010","format":false,"excerpt":"POEMA P\u00d3S-TUDO de AUGUSTO DE CAMPOS \u2013 parte III (Autoria: S\u00f4nia Moura) \u00a0 \u00a0\u00a0\u00a0 Modernismo x P\u00f3s \u2013 Moderno\u00a0 \u00a0 \u00a0 \u00a0 \u00a0 \u00a0 \u00a0 Enquanto os modernistas eram a imagem da EXALTA\u00c7\u00c3O, os p\u00f3s \u2013 modernos s\u00e3o a pr\u00f3pria EXAUST\u00c3O. \u00a0\u00a0\u00a0\u00a0\u00a0\u00a0\u00a0\u00a0\u00a0 A arte Moderna tem total liberdade criadora, \u00e9\u2026","rel":"","context":"Em &quot;Ensaios&quot;","img":{"alt_text":"","src":"","width":0,"height":0},"classes":[]},{"id":700,"url":"http:\/\/www.soniamoura.com.br\/?p=700","url_meta":{"origin":44,"position":3},"title":"O FEITI\u00c7O VIROU CONTRA A FEITICEIRA","date":"24 abril 2009","format":false,"excerpt":"O FEITI\u00c7O VIROU CONTRA A FEITICEIRA \u00a0 \u00a0 \u00a0 \u00a0 \u00a0 (Autoria: S\u00f4nia Moura) \u00a0 \u00a0 \u00a0 \u00a0 \u00a0 \u00a0 \u00a0 \u00a0 \u00a0 \u00a0 \u00a0 \u00a0 \u00a0 \u00a0 \u00a0 \u00a0 \u00a0 \u00a0 \u00a0 \u00a0 Elvira fora tra\u00edda pelo marido, Ricardo agora morava com \u201ca outra\u201d. O nome da \u201coutra\u201d n\u00e3o\u2026","rel":"","context":"Em &quot;Contos&quot;","img":{"alt_text":"","src":"","width":0,"height":0},"classes":[]},{"id":652,"url":"http:\/\/www.soniamoura.com.br\/?p=652","url_meta":{"origin":44,"position":4},"title":"AS BRUXAS S\u00c3O M\u00c1S?","date":"2 mar\u00e7o 2009","format":false,"excerpt":"Ao nos lembrarmos do que sempre ouvimos e vimos em filmes ou lemos em hist\u00f3rias infantis, \u00a0ao lermos as breves informa\u00e7\u00f5es sobre \"as bruxas\", fica a pergunta: AS BRUXAS S\u00c3O M\u00c1S? \u00a0 (Autoria: S\u00d4NIA MOURA) O voc\u00e1bulo \"Bruxa\" \u00e9 de origem desconhecida, provavelmente de origem pr\u00e9-Romana. No entanto existe uma\u2026","rel":"","context":"Em &quot;Ensaios&quot;","img":{"alt_text":"","src":"","width":0,"height":0},"classes":[]},{"id":707,"url":"http:\/\/www.soniamoura.com.br\/?p=707","url_meta":{"origin":44,"position":5},"title":"(EN)CANTADA","date":"26 abril 2009","format":false,"excerpt":"(EN) CANTADA (Autoria: S\u00f4nia Moura) Em todo o tipo de canal midi\u00e1tico, Susan Boyle \u00e9 a atra\u00e7\u00e3o do momento, tudo isto porque a mo\u00e7a derrubou conceitos, pr\u00e9-conceitos e preconceitos, sem mudar o seu visual, sem truques, sem maquilagem, sem \u201cPhotoshop\u201d , sem nadinha mesmo. Entrou no palco da TV de\u2026","rel":"","context":"Em &quot;Mensagens&quot;","img":{"alt_text":"","src":"","width":0,"height":0},"classes":[]}],"_links":{"self":[{"href":"http:\/\/www.soniamoura.com.br\/index.php?rest_route=\/wp\/v2\/posts\/44"}],"collection":[{"href":"http:\/\/www.soniamoura.com.br\/index.php?rest_route=\/wp\/v2\/posts"}],"about":[{"href":"http:\/\/www.soniamoura.com.br\/index.php?rest_route=\/wp\/v2\/types\/post"}],"author":[{"embeddable":true,"href":"http:\/\/www.soniamoura.com.br\/index.php?rest_route=\/wp\/v2\/users\/1"}],"replies":[{"embeddable":true,"href":"http:\/\/www.soniamoura.com.br\/index.php?rest_route=%2Fwp%2Fv2%2Fcomments&post=44"}],"version-history":[{"count":0,"href":"http:\/\/www.soniamoura.com.br\/index.php?rest_route=\/wp\/v2\/posts\/44\/revisions"}],"wp:attachment":[{"href":"http:\/\/www.soniamoura.com.br\/index.php?rest_route=%2Fwp%2Fv2%2Fmedia&parent=44"}],"wp:term":[{"taxonomy":"category","embeddable":true,"href":"http:\/\/www.soniamoura.com.br\/index.php?rest_route=%2Fwp%2Fv2%2Fcategories&post=44"},{"taxonomy":"post_tag","embeddable":true,"href":"http:\/\/www.soniamoura.com.br\/index.php?rest_route=%2Fwp%2Fv2%2Ftags&post=44"}],"curies":[{"name":"wp","href":"https:\/\/api.w.org\/{rel}","templated":true}]}}