{"id":429,"date":"2008-10-27T11:46:02","date_gmt":"2008-10-27T15:46:02","guid":{"rendered":"http:\/\/www.soniamoura.com.br\/?p=429"},"modified":"2008-10-28T06:53:06","modified_gmt":"2008-10-28T10:53:06","slug":"selva-celeste","status":"publish","type":"post","link":"http:\/\/www.soniamoura.com.br\/?p=429","title":{"rendered":"SELVA CELESTE"},"content":{"rendered":"<p><strong>Selva Celeste<br \/>\n<\/strong><strong>(AUTORIA: S\u00d4NIA MOURA)<\/strong><\/p>\n<p>Tire um tempo e conhe\u00e7a a Selva Celeste<br \/>\nQue, l\u00e1 no c\u00e9u, eles chamam de Constela\u00e7\u00e3o<\/p>\n<p>As Boreais s\u00e3o privil\u00e9gio de quem est\u00e1 ao norte,<br \/>\nAs Austrais s\u00f3 presenteiam quem est\u00e1 no sul,<br \/>\nJ\u00e1 as Zodiacais, mais dadivosas, s\u00e3o f\u00e1ceis de achar<br \/>\nE se deixam por todos visitar<br \/>\nBasta olhar para o c\u00e9u e viajar<\/p>\n<p>L\u00e1 voc\u00ea encontrar\u00e1 a Serpente, a Ave do Para\u00edso<br \/>\nA \u00c1guia e a Baleia e o Camale\u00e3o<br \/>\nDisfar\u00e7ado ou n\u00e3o<br \/>\nS\u00f3 n\u00e3o mexa com os C\u00e3es de Ca\u00e7a<br \/>\nCuidado com o Centauro, se ele se zanga&#8230;<\/p>\n<p>Aproveite e admire o belo Cisne e o s\u00e1bio Delfim Dourado<br \/>\nN\u00e3o se assuste com o Drag\u00e3o, ele \u00e9 s\u00f3 o guardi\u00e3o<br \/>\nSuba bem alto no pesco\u00e7o da Girafa<br \/>\nFale com o Lagarto, enfrente o Le\u00e3o<\/p>\n<p>Depois, e, se conseguir,<br \/>\nAfague a Lebre ligeira<br \/>\nSe fantasie de Lince ou de Lobo<br \/>\nAinda que este lobo seja bobo<br \/>\nOu se enfeite com as penas do Pav\u00e3o<\/p>\n<p>Seja  Lagarta, almeje a Borboleta<br \/>\nOu quem sabe transforme-se num Peixe Voador<\/p>\n<p>E por fim, solte a Pomba que existe em voc\u00ea,<br \/>\nPromova a paz entre homens e animais<br \/>\nMas, tome cuidado com a Raposa<br \/>\nEla pode melar a coisa toda<br \/>\nExpanda a sua viagem e<br \/>\nVisite a casa da Aurora Boreal,<br \/>\nE se der sorte, quem sabe,<br \/>\nH\u00e9rcules l\u00e1 estar\u00e1<br \/>\nPara receber voc\u00ea<br \/>\nNo maior astral!<\/p>\n<p>(Do livro: <strong>POEMAS EM TR\u00c2NSITO de S\u00f4nia Moura<\/strong>)<\/p>\n<p><a title=\"astros\" href=\"http:\/\/www.soniamoura.com.br\/wp-content\/uploads\/2008\/10\/astrosceleste1.jpg\"><img alt=\"astros\" src=\"http:\/\/www.soniamoura.com.br\/wp-content\/uploads\/2008\/10\/astrosceleste1.jpg\" \/><\/a><\/p>\n","protected":false},"excerpt":{"rendered":"<p>Selva Celeste (AUTORIA: S\u00d4NIA MOURA) Tire um tempo e conhe\u00e7a a Selva Celeste Que, l\u00e1 no c\u00e9u, eles chamam de Constela\u00e7\u00e3o As Boreais s\u00e3o privil\u00e9gio de quem est\u00e1 ao norte, As Austrais s\u00f3 presenteiam quem est\u00e1 no sul, J\u00e1 as Zodiacais, mais dadivosas, s\u00e3o f\u00e1ceis de achar E se deixam por todos visitar Basta olhar [&hellip;]<\/p>\n","protected":false},"author":1,"featured_media":0,"comment_status":"open","ping_status":"open","sticky":false,"template":"","format":"standard","meta":{"spay_email":"","jetpack_publicize_message":"","jetpack_is_tweetstorm":false},"categories":[2],"tags":[],"jetpack_featured_media_url":"","jetpack_publicize_connections":[],"jetpack_sharing_enabled":true,"jetpack_shortlink":"https:\/\/wp.me\/pmZuW-6V","jetpack-related-posts":[{"id":373,"url":"http:\/\/www.soniamoura.com.br\/?p=373","url_meta":{"origin":429,"position":0},"title":"ASTROS L\u00d3GICOS","date":"30 setembro 2008","format":false,"excerpt":"ASTROS L\u00d3GICOS(Autoria: S\u00f4nia Moura) Aceite o convite do sol E cometa loucuras, V\u00e1 viver no mundo da lua Seja uma estrela de muitas grandezas Espalhe sua luminosidade com ternura Depois, aproveite as for\u00e7as gravitacionais Fa\u00e7a travessias e tamb\u00e9m travessuras \u00c9 o melhor que voc\u00ea faz Para sua boca da noite\u2026","rel":"","context":"Em &quot;Poesias&quot;","img":{"alt_text":"","src":"","width":0,"height":0},"classes":[]},{"id":757,"url":"http:\/\/www.soniamoura.com.br\/?p=757","url_meta":{"origin":429,"position":1},"title":"NEM VEM QUE N\u00c3O TEM!!!","date":"24 maio 2009","format":false,"excerpt":"NEM VEM QUE N\u00c3O TEM!!! (Autoria: S\u00f4nia Moura) Assistindo ao bom document\u00e1rio: \u201cSimonal \u2013 Ningu\u00e9m Sabe o Duro que Dei\u201d, confesso que chorei, que me revoltei e me rebelei, por saber que Simonal n\u00e3o est\u00e1 mais aqui para, ao menos, ter a chance de ouvir os aplausos que ecoaram ao\u2026","rel":"","context":"Post similar","img":{"alt_text":"","src":"","width":0,"height":0},"classes":[]},{"id":1128,"url":"http:\/\/www.soniamoura.com.br\/?p=1128","url_meta":{"origin":429,"position":2},"title":"NUVENS","date":"28 janeiro 2010","format":false,"excerpt":"\u00a0 NUVENS (por S\u00d4NIA MOURA) \u00a0 Hoje, caminhando pelas areias de Copacabana, eu e meu querid\u00edssimo companheiro de andan\u00e7a, S\u00e9rgio, interrompemos nossa caminhada matinal e, literalmente, \u201cficamos nas nuvens\u201d. Gente, que c\u00e9u era aquele?\u00a0 Quem pintou aquelas nuvens? Quem estava nos presenteando e provocando tamanha emo\u00e7\u00e3o? Pasmados ante aquela beleza,\u2026","rel":"","context":"Em &quot;Mensagens&quot;","img":{"alt_text":"","src":"","width":0,"height":0},"classes":[]},{"id":920,"url":"http:\/\/www.soniamoura.com.br\/?p=920","url_meta":{"origin":429,"position":3},"title":"TEMPO! TEMPO! TEMPO!","date":"30 setembro 2009","format":false,"excerpt":"\u00a0 TEMPO! TEMPO! TEMPO! (Autoria: S\u00f4nia Moura) \u00a0 Por ser multifacetado, o tempo \u00e9 crian\u00e7a, jovem, velho; \u00e9 tamb\u00e9m presente, passado e futuro, \u00e9 finito e infinito e pode ser\u00a0 longo ou curto. O tempo \u00e9 t\u00e3o poderoso que pode ser de espera ou de encontro, de alegria ou de\u2026","rel":"","context":"Em &quot;Mensagens&quot;","img":{"alt_text":"","src":"","width":0,"height":0},"classes":[]},{"id":1789,"url":"http:\/\/www.soniamoura.com.br\/?p=1789","url_meta":{"origin":429,"position":4},"title":"TEMPO!TEMPO!","date":"18 maio 2012","format":false,"excerpt":"Tempo! Tempo! (Autoria: S\u00f4nia Moura) Se khronos pode ser medido, eu n\u00e3o sei O que eu sei \u00e9 que os homens acham Que ele pode ser contido Por rel\u00f3gios, calend\u00e1rios ou em di\u00e1rios Ilus\u00e3o, doce ilus\u00e3o J\u00e1 kairos, c\u00e1 entre n\u00f3s, est\u00e1 nas m\u00e3os de Deus N\u00e3o tem dimens\u00e3o, n\u00e3o\u2026","rel":"","context":"Post similar","img":{"alt_text":"","src":"","width":0,"height":0},"classes":[]},{"id":2218,"url":"http:\/\/www.soniamoura.com.br\/?p=2218","url_meta":{"origin":429,"position":5},"title":"A gargalhada do vil\u00e3o","date":"18 dezembro 2014","format":false,"excerpt":"A GARGALHADA DO VIL\u00c3O (Autoria: S\u00d4NIA MOURA) Algo que at\u00e9 hoje me deixa encafifada: Por que a gargalhada dos vil\u00f5es \u00e9 sempre t\u00e3o gostosa? Se n\u00e3o me falha a mem\u00f3ria, foi Thomas Hobbes quem disse: a gargalhada nasce da satisfa\u00e7\u00e3o de quem a emite, uma vez que este julga ocupar\u2026","rel":"","context":"Em &quot;Blogroll&quot;","img":{"alt_text":"","src":"https:\/\/i1.wp.com\/www.soniamoura.com.br\/wp-content\/uploads\/2008\/10\/coringa.jpg?resize=350%2C200","width":350,"height":200},"classes":[]}],"_links":{"self":[{"href":"http:\/\/www.soniamoura.com.br\/index.php?rest_route=\/wp\/v2\/posts\/429"}],"collection":[{"href":"http:\/\/www.soniamoura.com.br\/index.php?rest_route=\/wp\/v2\/posts"}],"about":[{"href":"http:\/\/www.soniamoura.com.br\/index.php?rest_route=\/wp\/v2\/types\/post"}],"author":[{"embeddable":true,"href":"http:\/\/www.soniamoura.com.br\/index.php?rest_route=\/wp\/v2\/users\/1"}],"replies":[{"embeddable":true,"href":"http:\/\/www.soniamoura.com.br\/index.php?rest_route=%2Fwp%2Fv2%2Fcomments&post=429"}],"version-history":[{"count":0,"href":"http:\/\/www.soniamoura.com.br\/index.php?rest_route=\/wp\/v2\/posts\/429\/revisions"}],"wp:attachment":[{"href":"http:\/\/www.soniamoura.com.br\/index.php?rest_route=%2Fwp%2Fv2%2Fmedia&parent=429"}],"wp:term":[{"taxonomy":"category","embeddable":true,"href":"http:\/\/www.soniamoura.com.br\/index.php?rest_route=%2Fwp%2Fv2%2Fcategories&post=429"},{"taxonomy":"post_tag","embeddable":true,"href":"http:\/\/www.soniamoura.com.br\/index.php?rest_route=%2Fwp%2Fv2%2Ftags&post=429"}],"curies":[{"name":"wp","href":"https:\/\/api.w.org\/{rel}","templated":true}]}}