{"id":38,"date":"2007-10-30T09:28:55","date_gmt":"2007-10-30T13:28:55","guid":{"rendered":"http:\/\/www.soniamoura.com.br\/?p=38"},"modified":"2007-11-08T17:25:54","modified_gmt":"2007-11-08T21:25:54","slug":"amai-vos","status":"publish","type":"post","link":"http:\/\/www.soniamoura.com.br\/?p=38","title":{"rendered":"AMAI-VOS!"},"content":{"rendered":"<p CLASS=\"MsoBodyTextIndent\">A qualquer um que tenha o m\u00ednimo de bom senso e sensibilidade, assustam e preocupam  comportamentos e atitudes de sociedades que se dizem crist\u00e3s,\u00a0 mas que, certamente, alguns de seus membros desconhecem um dos grandes ensinamentos do Mestre que diz:<\/p>\n<p STYLE=\"text-align: justify; text-indent: 35.40pt\" CLASS=\"MsoNormal\"><strong><em>\u201cAmai-vos uns aos outros como eu vos amei\u201d (Jo 13,34)<o:p><\/o:p><\/em><\/strong><\/p>\n<p CLASS=\"MsoBodyTextIndent\">Por isto, alguns indiv\u00edduos n\u00e3o conseguem se amar e, muito menos, amar o pr\u00f3ximo, especialmente,<span>  <\/span>se o pr\u00f3ximo pertencer a qualquer outro grupo que n\u00e3o seja o deles, nos levando a duvidar que estas criaturas  realmente conhe\u00e7am maneiras de conviv\u00eancia harmoniosa, e, menos ainda, saibam conviver e respeitar as diferen\u00e7as, e, principalmente, n\u00e3o sabem que na base, n\u00e3o somos t\u00e3o diferentes assim.<\/p>\n<p CLASS=\"MsoBodyTextIndent\">Num pa\u00eds, onde tudo parece transcorrer na mais perfeita ordem, e que, em<span>  <\/span>bancos famosos, est\u00e3o escondidos milh\u00f5es e milh\u00f5es de d\u00f3lares e de euros, muitas vezes de origem duvidosa e que, por outro lado, imagens apresentadas pelos cart\u00f5es postais, mostrando a<span>  <\/span>neve branquinha dos seus Alpes e seus chal\u00e9s com fumacinha saindo pelas chamin\u00e9s, imagens que nos fascinam e nos fazem sonhar com o dia em que l\u00e1 poderemos estar. Pois \u00e9 neste para\u00edso, que um cartaz racista e <span STYLE=\"color: #ff0000\"><a HREF=\"http:\/\/dn.sapo.pt\/2007\/10\/09\/internacional\/cartaz_racista_e_xenofobo_quebra_tra.html\">xen\u00f3fobo<\/a> <\/span>mostra duas ovelhas brancas que observam, enquanto uma terceira ovelha, tamb\u00e9m<span>  <\/span>branca, com um coice, expulsa uma ovelha negra de seu territ\u00f3rio, marcado pela bandeira que representa esta na\u00e7\u00e3o.<\/p>\n<p STYLE=\"text-align: justify; text-indent: 35.40pt\" CLASS=\"MsoNormal\">Num outro lugar, onde reis e rainhas reinam por <em>seculus seculorum<\/em>, em que um<span>  <\/span>big rel\u00f3gio marca a hora certa, impecavelmente, e onde castelos e seus donos ocupam lugares nobres,<span>  <\/span>uma apresentadora da rede Sky News, durante a transmiss\u00e3o do discurso do l\u00edder do partido sobre imigra\u00e7\u00e3o, deixou escapar que a pol\u00edtica do Partido Conservador para os imigrantes era de <span STYLE=\"color: #ff0000\"><a HREF=\"http:\/\/www.bbc.co.uk\/portuguese\/reporterbbc\/story\/2007\/10\/071030_gafesky_fp.shtml\">\u201cexterm\u00ednio\u201d.<\/a><o:p><\/o:p><\/span><\/p>\n<p CLASS=\"MsoBodyTextIndent\">E, numa cidade da Am\u00e9rica do Sul, que tem o nome de um ap\u00f3stolo de Cristo, considerado por muitos crist\u00e3os como o mais importante disc\u00edpulo de Jesus, um grupo de jovens, que poderiam ser chamados de neo \u2013 \u201csem rumo, sem limite e sem amor\u201d e outros que se denominam \u201ccabe\u00e7as raspadas\u201d, mas t\u00e3o raspadas, t\u00e3o raspadas,<span>  <\/span>que acredito terem raspado-lhes at\u00e9 os c\u00e9rebros, todos perdidos na noite e no dia,<span>  <\/span>espancam e<span>  <\/span>matam, sem d\u00f3 nem piedade, homossexuais,<span>  <\/span>nordestinos ou qualquer um que lhes parecer \u201cdiferente\u201d.<\/p>\n<p STYLE=\"text-align: justify; text-indent: 35.40pt\" CLASS=\"MsoNormal\">Barb\u00e1rie? Esc\u00e2ndalo? Preconceito? Racismo? Loucura? \u00c9 tudo isto sim, mas, principalmente \u00e9 a falta de amor que determina estes comportamentos, ent\u00e3o, por favor, r\u00e1pido, religi\u00f5es \u00e0 parte, repassem estas palavras, que j\u00e1 estavam no Antigo Testamento \u201c<strong><em>\u201cAmar\u00e1s o teu pr\u00f3ximo como a ti mesmo\u201d (Lv 19,18)<\/em><\/strong>, mas que Jesus ampliou sua significa\u00e7\u00e3o, pois, para ele, a representa\u00e7\u00e3o destas palavras diz que devemos <strong><em>amar a todos, sem distin\u00e7\u00e3o&#8230;\u201d (cf. Jo 13,1)<o:p><\/o:p><\/em><\/strong><\/p>\n","protected":false},"excerpt":{"rendered":"<p>A qualquer um que tenha o m\u00ednimo de bom senso e sensibilidade, assustam e preocupam comportamentos e atitudes de sociedades que se dizem crist\u00e3s,\u00a0 mas que, certamente, alguns de seus membros desconhecem um dos grandes ensinamentos do Mestre que diz: \u201cAmai-vos uns aos outros como eu vos amei\u201d (Jo 13,34) Por isto, alguns indiv\u00edduos n\u00e3o [&hellip;]<\/p>\n","protected":false},"author":1,"featured_media":0,"comment_status":"open","ping_status":"open","sticky":false,"template":"","format":"standard","meta":{"spay_email":"","jetpack_publicize_message":"","jetpack_is_tweetstorm":false},"categories":[5],"tags":[],"jetpack_featured_media_url":"","jetpack_publicize_connections":[],"jetpack_sharing_enabled":true,"jetpack_shortlink":"https:\/\/wp.me\/pmZuW-C","jetpack-related-posts":[{"id":790,"url":"http:\/\/www.soniamoura.com.br\/?p=790","url_meta":{"origin":38,"position":0},"title":"PRECE","date":"29 junho 2009","format":false,"excerpt":"PRECE (Autoria: S\u00f4nia Moura) Eis-me aqui a teus p\u00e9s ajoelhada Suplicando tua interven\u00e7\u00e3o N\u00e3o quero amar, n\u00e3o, n\u00e3o quero n\u00e3o. Afastai-me, Senhor, desta tenta\u00e7\u00e3o Creia-me, Senhor, fui embebedada por Cupido E assim despi minha armadura de defesa E, agora, Senhor, encontro-me indefesa A implorar a ti que venha me valer\u2026","rel":"","context":"Em &quot;Poesias&quot;","img":{"alt_text":"","src":"","width":0,"height":0},"classes":[]},{"id":2201,"url":"http:\/\/www.soniamoura.com.br\/?p=2201","url_meta":{"origin":38,"position":1},"title":"BOCAS","date":"6 novembro 2014","format":false,"excerpt":"\u00a0 Bocas\u00a0 (S\u00f4nia Moura) Qualquer beijo \u00e9 bom (menos o beijo falso), mas beijo bom mesmo \u00e9 o beijo na boca, esse \u00e9 uma del\u00edcia. Se voc\u00ea tem uma boca para beijar, preste aten\u00e7\u00e3o: Para evitar ser pego com a boca na botija e espantar o olho gordo que queira\u2026","rel":"","context":"Post similar","img":{"alt_text":"","src":"https:\/\/i0.wp.com\/www.soniamoura.com.br\/wp-content\/uploads\/2014\/11\/amorerde.jpg?resize=350%2C200","width":350,"height":200},"classes":[]},{"id":1189,"url":"http:\/\/www.soniamoura.com.br\/?p=1189","url_meta":{"origin":38,"position":2},"title":"O BARCO E A VIDA","date":"29 mar\u00e7o 2010","format":false,"excerpt":"\u00a0 \u00a0 O BARCO E A VIDA [por S\u00d4NIA MOURA] \u00a0 A vida \u00e9 mesmo assim, dias felizes, outros, nem tanto. \u00c9 mais ou menos como um pequeno barquinho perdido em alto mar, ora uma onda nos joga para l\u00e1, ora, outra, nos joga para c\u00e1. Assim como o barco\u2026","rel":"","context":"Em &quot;Mensagens&quot;","img":{"alt_text":"","src":"","width":0,"height":0},"classes":[]},{"id":1169,"url":"http:\/\/www.soniamoura.com.br\/?p=1169","url_meta":{"origin":38,"position":3},"title":"DOR DE AMAR","date":"18 mar\u00e7o 2010","format":false,"excerpt":"\u00a0 \u00a0 DOR DE AMAR\u00a0 (Autoria: S\u00f4nia Moura) \u00a0 O choro veio em l\u00e1grimas cascateantes E ela sentiu que precisava de um colo Precisava de bra\u00e7os e de abra\u00e7os Precisava do aconchego e do amante Pediu carinho Ele n\u00e3o entendeu S\u00f3 ela sabia o quanto era dif\u00edcil Trilhar aquele caminho\u2026","rel":"","context":"Em &quot;Livros&quot;","img":{"alt_text":"","src":"","width":0,"height":0},"classes":[]},{"id":264,"url":"http:\/\/www.soniamoura.com.br\/?p=264","url_meta":{"origin":38,"position":4},"title":"FALSOS PROFETAS","date":"7 julho 2008","format":false,"excerpt":"FALSOS PROFETAS Ag\u00eancia - Estado - Em S\u00e3o Borja (RS) 9\/10\/2007 - 09h37 [http:\/\/noticias.uol.com.br\/ultnot\/2007\/10\/19\/ult4469u12368.jhtm] \u201cPastor queima imagens sacras cadastradas no Iphan \u201c\u201cO pastor da Igreja Universal do Reino de Deus (IURD) F\u00e1bio Guimar\u00e3es da Silva Pereira queimou, durante um culto, duas imagens da hist\u00f3ria missioneira cadastradas no Instituto do Patrim\u00f4nio\u2026","rel":"","context":"Post similar","img":{"alt_text":"","src":"","width":0,"height":0},"classes":[]},{"id":935,"url":"http:\/\/www.soniamoura.com.br\/?p=935","url_meta":{"origin":38,"position":5},"title":"A CORAGEM DE AMAR","date":"18 outubro 2009","format":false,"excerpt":"\u00a0 \u00a0 \u00a0 A CORAGEM DE AMAR\u00a0 (Autoria: S\u00f4nia Moura) \u00a0 \u00a0 \u201c\u00c9 preciso ter coragem para amar.\u201d \u00a0 Esta frase foi dita por uma entrevistada na tv N\u00e3o pude deixar de reconhecer Que existe muito de verdade nesta declara\u00e7\u00e3o, Pois h\u00e1 mais do que se pode realmente ver Quando\u2026","rel":"","context":"Em &quot;Poesias&quot;","img":{"alt_text":"","src":"","width":0,"height":0},"classes":[]}],"_links":{"self":[{"href":"http:\/\/www.soniamoura.com.br\/index.php?rest_route=\/wp\/v2\/posts\/38"}],"collection":[{"href":"http:\/\/www.soniamoura.com.br\/index.php?rest_route=\/wp\/v2\/posts"}],"about":[{"href":"http:\/\/www.soniamoura.com.br\/index.php?rest_route=\/wp\/v2\/types\/post"}],"author":[{"embeddable":true,"href":"http:\/\/www.soniamoura.com.br\/index.php?rest_route=\/wp\/v2\/users\/1"}],"replies":[{"embeddable":true,"href":"http:\/\/www.soniamoura.com.br\/index.php?rest_route=%2Fwp%2Fv2%2Fcomments&post=38"}],"version-history":[{"count":0,"href":"http:\/\/www.soniamoura.com.br\/index.php?rest_route=\/wp\/v2\/posts\/38\/revisions"}],"wp:attachment":[{"href":"http:\/\/www.soniamoura.com.br\/index.php?rest_route=%2Fwp%2Fv2%2Fmedia&parent=38"}],"wp:term":[{"taxonomy":"category","embeddable":true,"href":"http:\/\/www.soniamoura.com.br\/index.php?rest_route=%2Fwp%2Fv2%2Fcategories&post=38"},{"taxonomy":"post_tag","embeddable":true,"href":"http:\/\/www.soniamoura.com.br\/index.php?rest_route=%2Fwp%2Fv2%2Ftags&post=38"}],"curies":[{"name":"wp","href":"https:\/\/api.w.org\/{rel}","templated":true}]}}