{"id":32,"date":"2007-12-01T19:27:49","date_gmt":"2007-12-01T23:27:49","guid":{"rendered":"http:\/\/www.soniamoura.com.br\/?p=32"},"modified":"2007-12-01T19:30:13","modified_gmt":"2007-12-01T23:30:13","slug":"comemoracao","status":"publish","type":"post","link":"http:\/\/www.soniamoura.com.br\/?p=32","title":{"rendered":"Comemora\u00e7\u00e3o"},"content":{"rendered":"<p ALIGN=\"justify\">&nbsp;<\/p>\n<p ALIGN=\"justify\">Comemorar relaciona-se com lembrar (quest\u00e3o de raiz, de etimologia).<br \/>\nHoje um aluno, j\u00e1 homem feito, chorou em meu  ombro.<br \/>\nChorou de emo\u00e7\u00e3o porque se lembrou de mim, dos tempos em que ele menino, chegou em minha vida. Segundo ele,  fui algu\u00e9m muito importante e daqueles tempos ele guarda boas lembran\u00e7as.<br \/>\nO que mais eu posso querer? Fui lembrada como algu\u00e9m que fez o outro ser feliz e crescer.<br \/>\nObrigada a voc\u00ea, de quem, a partir de hoje, sou a eterna e grata aluna.<br \/>\nCom voc\u00ea, aprendi que a  gratid\u00e3o \u00e9 um bem precioso que se guarda no cora\u00e7\u00e3o.<\/p>\n<p ALIGN=\"justify\"><img ALIGN=\"left\" HEIGHT=\"300\" WIDTH=\"300\" HSPACE=\"6\" TITLE=\"Gratid\u00e3o\" SRC=\"http:\/\/www.magnalatina.com.br\/lojaprovoice\/images\/mulheres%20ibm%20coracao%20de%20gratidao.jpg\" \/><\/p>\n","protected":false},"excerpt":{"rendered":"<p>&nbsp; Comemorar relaciona-se com lembrar (quest\u00e3o de raiz, de etimologia). Hoje um aluno, j\u00e1 homem feito, chorou em meu ombro. Chorou de emo\u00e7\u00e3o porque se lembrou de mim, dos tempos em que ele menino, chegou em minha vida. Segundo ele, fui algu\u00e9m muito importante e daqueles tempos ele guarda boas lembran\u00e7as. O que mais eu [&hellip;]<\/p>\n","protected":false},"author":1,"featured_media":0,"comment_status":"open","ping_status":"open","sticky":false,"template":"","format":"standard","meta":{"spay_email":"","jetpack_publicize_message":"","jetpack_is_tweetstorm":false},"categories":[5],"tags":[],"jetpack_featured_media_url":"","jetpack_publicize_connections":[],"jetpack_sharing_enabled":true,"jetpack_shortlink":"https:\/\/wp.me\/pmZuW-w","jetpack-related-posts":[{"id":2010,"url":"http:\/\/www.soniamoura.com.br\/?p=2010","url_meta":{"origin":32,"position":0},"title":"2h e 05min","date":"30 setembro 2013","format":false,"excerpt":"\u00a0 \u00a02h e 05min \u00a0 Ela o esperou por duas horas, com a ansiedade dos apaixonados. Ele chegou cabisbaixo, olhar fugidio. Ela sentiu o cora\u00e7\u00e3o pulsar mais r\u00e1pido, tentou afastar a realidade e refugiar-se na fantasia. Ele cumprimentou-a secamente, sem alma, sem vida. Ela os olhos lacrimejou, no desespero da\u2026","rel":"","context":"Em &quot;Livros&quot;","img":{"alt_text":"","src":"","width":0,"height":0},"classes":[]},{"id":2535,"url":"http:\/\/www.soniamoura.com.br\/?p=2535","url_meta":{"origin":32,"position":1},"title":"A mo\u00e7a e o guarda-chuva vermelho","date":"27 dezembro 2018","format":false,"excerpt":"\u00a0 Chovia no Rio de Janeiro, mas o calor continuava e ela seguia apressadamente. A passos largos e r\u00e1pidos, Mariana, com o seu guarda-chuva vermelho, seguia em busca sabe-se l\u00e1 de qu\u00ea. Numa esquina de Copacabana, Galb\u00e9rio, o irrecuper\u00e1vel conquistador, viu a mo\u00e7a, admirou seu andar apressado e o guarda-chuva\u2026","rel":"","context":"Post similar","img":{"alt_text":"","src":"","width":0,"height":0},"classes":[]},{"id":700,"url":"http:\/\/www.soniamoura.com.br\/?p=700","url_meta":{"origin":32,"position":2},"title":"O FEITI\u00c7O VIROU CONTRA A FEITICEIRA","date":"24 abril 2009","format":false,"excerpt":"O FEITI\u00c7O VIROU CONTRA A FEITICEIRA \u00a0 \u00a0 \u00a0 \u00a0 \u00a0 (Autoria: S\u00f4nia Moura) \u00a0 \u00a0 \u00a0 \u00a0 \u00a0 \u00a0 \u00a0 \u00a0 \u00a0 \u00a0 \u00a0 \u00a0 \u00a0 \u00a0 \u00a0 \u00a0 \u00a0 \u00a0 \u00a0 \u00a0 Elvira fora tra\u00edda pelo marido, Ricardo agora morava com \u201ca outra\u201d. O nome da \u201coutra\u201d n\u00e3o\u2026","rel":"","context":"Em &quot;Contos&quot;","img":{"alt_text":"","src":"","width":0,"height":0},"classes":[]},{"id":2193,"url":"http:\/\/www.soniamoura.com.br\/?p=2193","url_meta":{"origin":32,"position":3},"title":"GARGANTA","date":"28 outubro 2014","format":false,"excerpt":"Garganta {por S\u00f4nia Moura} \u00a0 A saudade se enfronhou em meu destino E desandou a cobrar uma solu\u00e7\u00e3o Que desse paz ao meu cora\u00e7\u00e3o \u00a0 Estufei o peito e disse a ela: - Esse caso eu resolvo, com ele n\u00e3o mais me envolvo, Ele \u00e9 passado, est\u00e1 do mapa riscado\u2026","rel":"","context":"Em &quot;Livros&quot;","img":{"alt_text":"","src":"https:\/\/i1.wp.com\/www.soniamoura.com.br\/wp-content\/uploads\/2014\/10\/beijo-perfeito.jpg?resize=350%2C200","width":350,"height":200},"classes":[]},{"id":154,"url":"http:\/\/www.soniamoura.com.br\/?p=154","url_meta":{"origin":32,"position":4},"title":"\"PRA N\u00c3O DIZER QUE N\u00c3O FALEI DE FLORES...\"","date":"7 mar\u00e7o 2008","format":false,"excerpt":"Ah! Que saudades dos tempos de outrora em que as flores enfeitavam a vida e amenizavam a morte. Nos dias de hoje, at\u00e9 elas, t\u00e3o singelas, perfumadas, serenas v\u00e3o parar nos tribunais, nas cortes, logo elas que s\u00e3o usadas para se fazer a corte!. Tempos! Oh! Tempos! I - Corte\u2026","rel":"","context":"Com 2 coment\u00e1rios","img":{"alt_text":"","src":"","width":0,"height":0},"classes":[]},{"id":1377,"url":"http:\/\/www.soniamoura.com.br\/?p=1377","url_meta":{"origin":32,"position":5},"title":"\u00c0 MINHA PRIMEIRA PROFESSORA","date":"15 outubro 2010","format":false,"excerpt":"\u00a0 \u00c0 MINHA PRIMEIRA PROFESSORA\u00a0 (por S\u00d4NIA MOURA) \u00a0 Desde muito cedo aprendi a amar meus professores. \u00a0 Lembro-me com ternura da minha primeira professora ADYR DA CONCEI\u00c7\u00c3O, mo\u00e7a modesta, professora gigante, com o maior cora\u00e7\u00e3o que eu j\u00e1 vi. \u00a0 Quanto ao maior cora\u00e7\u00e3o, \u00e9 certo que a ci\u00eancia\u2026","rel":"","context":"Em &quot;Mensagens&quot;","img":{"alt_text":"","src":"","width":0,"height":0},"classes":[]}],"_links":{"self":[{"href":"http:\/\/www.soniamoura.com.br\/index.php?rest_route=\/wp\/v2\/posts\/32"}],"collection":[{"href":"http:\/\/www.soniamoura.com.br\/index.php?rest_route=\/wp\/v2\/posts"}],"about":[{"href":"http:\/\/www.soniamoura.com.br\/index.php?rest_route=\/wp\/v2\/types\/post"}],"author":[{"embeddable":true,"href":"http:\/\/www.soniamoura.com.br\/index.php?rest_route=\/wp\/v2\/users\/1"}],"replies":[{"embeddable":true,"href":"http:\/\/www.soniamoura.com.br\/index.php?rest_route=%2Fwp%2Fv2%2Fcomments&post=32"}],"version-history":[{"count":0,"href":"http:\/\/www.soniamoura.com.br\/index.php?rest_route=\/wp\/v2\/posts\/32\/revisions"}],"wp:attachment":[{"href":"http:\/\/www.soniamoura.com.br\/index.php?rest_route=%2Fwp%2Fv2%2Fmedia&parent=32"}],"wp:term":[{"taxonomy":"category","embeddable":true,"href":"http:\/\/www.soniamoura.com.br\/index.php?rest_route=%2Fwp%2Fv2%2Fcategories&post=32"},{"taxonomy":"post_tag","embeddable":true,"href":"http:\/\/www.soniamoura.com.br\/index.php?rest_route=%2Fwp%2Fv2%2Ftags&post=32"}],"curies":[{"name":"wp","href":"https:\/\/api.w.org\/{rel}","templated":true}]}}