{"id":27,"date":"2007-10-24T15:36:12","date_gmt":"2007-10-24T19:36:12","guid":{"rendered":"http:\/\/www.soniamoura.com.br\/?p=27"},"modified":"2007-11-08T17:30:29","modified_gmt":"2007-11-08T21:30:29","slug":"metamorfose","status":"publish","type":"post","link":"http:\/\/www.soniamoura.com.br\/?p=27","title":{"rendered":"Metamorfose"},"content":{"rendered":"<p>Estou relendo \u201cO Vermelho e o Negro\u201d de Stendhal e percebo que, no ontem ou no hoje, na hist\u00f3ria e na est\u00f3ria do homem,  a ambi\u00e7\u00e3o,  metamorfoseada  em paix\u00e3o, fascina a todos. Por isto \u00e9 que se v\u00ea, na Hist\u00f3ria universal ou na est\u00f3ria de Julien Sorel,  vil\u00f5es  metamorfoseados em her\u00f3is, sorrindo para todos n\u00f3s.<\/p>\n","protected":false},"excerpt":{"rendered":"<p>Estou relendo \u201cO Vermelho e o Negro\u201d de Stendhal e percebo que, no ontem ou no hoje, na hist\u00f3ria e na est\u00f3ria do homem, a ambi\u00e7\u00e3o, metamorfoseada em paix\u00e3o, fascina a todos. Por isto \u00e9 que se v\u00ea, na Hist\u00f3ria universal ou na est\u00f3ria de Julien Sorel, vil\u00f5es metamorfoseados em her\u00f3is, sorrindo para todos n\u00f3s.<\/p>\n","protected":false},"author":1,"featured_media":0,"comment_status":"open","ping_status":"open","sticky":false,"template":"","format":"standard","meta":{"spay_email":"","jetpack_publicize_message":"","jetpack_is_tweetstorm":false},"categories":[8],"tags":[],"jetpack_featured_media_url":"","jetpack_publicize_connections":[],"jetpack_sharing_enabled":true,"jetpack_shortlink":"https:\/\/wp.me\/pmZuW-r","jetpack-related-posts":[{"id":1259,"url":"http:\/\/www.soniamoura.com.br\/?p=1259","url_meta":{"origin":27,"position":0},"title":"SEGREDO de FAM\u00cdLIA na estrada (sem) limite entre o p\u00fablico e o privado","date":"8 junho 2010","format":false,"excerpt":"\u00a0 SEGREDO de FAM\u00cdLIA na estrada (sem) limite entre o p\u00fablico e o privado\u00a0 \u00a0\u00a0\u00a0\u00a0\u00a0\u00a0\u00a0\u00a0\u00a0\u00a0\u00a0\u00a0\u00a0\u00a0\u00a0\u00a0\u00a0\u00a0\u00a0\u00a0\u00a0\u00a0\u00a0\u00a0\u00a0\u00a0\u00a0\u00a0\u00a0\u00a0\u00a0\u00a0\u00a0\u00a0\u00a0\u00a0\u00a0\u00a0\u00a0\u00a0\u00a0\u00a0\u00a0 (Autoria: S\u00f4nia Moura) Tomando a Literatura como arte que circula entre a math\u00e9sis e a m\u00edmesis e, por meio da qual, o autor recria a linguagem e o mundo, vamos encontrar em \u201cViagens na Minha\u2026","rel":"","context":"Em &quot;Ensaios&quot;","img":{"alt_text":"","src":"","width":0,"height":0},"classes":[]},{"id":1239,"url":"http:\/\/www.soniamoura.com.br\/?p=1239","url_meta":{"origin":27,"position":1},"title":"CURVAS NA SEARA DE VENTO","date":"18 maio 2010","format":false,"excerpt":"\u00a0 CURVAS NA SEARA DE VENTO\u00a0 (Autoria: S\u00f4nia Moura) (UFF \u2013 Semin\u00e1rio \u2013 2008) Em Seara de Vento de Manuel da Fonseca, o verbo curvar-se e seus sin\u00f4nimos se apresentam como met\u00e1foras- s\u00edntese do romance, dando a estas palavras mobilidades significativas capazes de mostrar os m\u00faltiplos aspectos de uma realidade\u2026","rel":"","context":"Em &quot;Ensaios&quot;","img":{"alt_text":"","src":"","width":0,"height":0},"classes":[]},{"id":746,"url":"http:\/\/www.soniamoura.com.br\/?p=746","url_meta":{"origin":27,"position":2},"title":"BRASIL - COTA POR COTA...","date":"17 maio 2009","format":false,"excerpt":"\u00a0 \u00a0 \u00a0 \u00a0 \u00a0 \u00a0 \u00a0 \u00a0 \u00a0 \u00a0 \u00a0 \u00a0 \u00a0 \u00a0 \u00a0 \u00a0 \u00a0 \u00a0 \u00a0 \u00a0 \u00a0 \u00a0 \u00a0 \u00a0 \u00a0 \u00a0 \u00a0 \u00a0 \u00a0 \u00a0 \u00a0 \u00a0 \u00a0 \u00a0 \u00a0 \u00a0 \u00a0 \u00a0 BRASIL \u2013 COTA POR COTA... (Autoria: S\u00f4nia Moura) A hist\u00f3ria da educa\u00e7\u00e3o\u2026","rel":"","context":"Em &quot;Ensaios&quot;","img":{"alt_text":"","src":"","width":0,"height":0},"classes":[]},{"id":279,"url":"http:\/\/www.soniamoura.com.br\/?p=279","url_meta":{"origin":27,"position":3},"title":"Todos s\u00e3o iguais perante a Lei!!???","date":"15 julho 2008","format":false,"excerpt":"http:\/\/jbonline.terra.com.br\/extra\/2008\/07\/15\/e150715659.html [via www.niu.com.br] Ag\u00eancia Brasil Satiagraha: exposi\u00e7\u00e3o de presos foi erro, diz Tarso \u00a0 \u00a0 A respeito da reuni\u00e3o com o presidente Lula, o ministro afirmou que \"o presidente disse que a conveni\u00eancia de us\u00e1-las (algemas) ou n\u00e3o, de acordo com a lei, \u00e9 do pr\u00f3prio agente. E que o\u2026","rel":"","context":"Em &quot;Mensagens&quot;","img":{"alt_text":"","src":"","width":0,"height":0},"classes":[]},{"id":180,"url":"http:\/\/www.soniamoura.com.br\/?p=180","url_meta":{"origin":27,"position":4},"title":"\"EU TENHO UM SONHO\"!","date":"4 abril 2008","format":false,"excerpt":"Ao ler, pela internet,\u00a0um\u00a0informativo sobre a hist\u00f3ria da luta dos negros nos Estados Unidos, em que os nomes de seus l\u00edderes se mostra, pensei:\u00a0\u00a0- Certamente haver\u00e1 algo na internet sobre a lideran\u00e7a ou sobre os l\u00edderes negros no Brasil. No entanto, o que encontrei foi desanimador e triste, ou seja,\u2026","rel":"","context":"Em &quot;Mensagens&quot;","img":{"alt_text":"","src":"","width":0,"height":0},"classes":[]},{"id":865,"url":"http:\/\/www.soniamoura.com.br\/?p=865","url_meta":{"origin":27,"position":5},"title":"LIVRO DE MEM\u00d3RIAS","date":"24 agosto 2009","format":false,"excerpt":"\u00a0 LIVRO DE MEM\u00d3RIAS \u00a0 (por S\u00f4nia Moura) Um livro de mem\u00f3rias n\u00e3o guarda tudo, mas, como arte, guarda para sempre as muitas faces de hist\u00f3rias \u00fanicas e m\u00faltiplas, e, ao mesmo tempo, t\u00e3o singulares e t\u00e3o plurais, ele guarda a hist\u00f3ria de um e a hist\u00f3ria de todos, que\u2026","rel":"","context":"Em &quot;Mensagens&quot;","img":{"alt_text":"","src":"","width":0,"height":0},"classes":[]}],"_links":{"self":[{"href":"http:\/\/www.soniamoura.com.br\/index.php?rest_route=\/wp\/v2\/posts\/27"}],"collection":[{"href":"http:\/\/www.soniamoura.com.br\/index.php?rest_route=\/wp\/v2\/posts"}],"about":[{"href":"http:\/\/www.soniamoura.com.br\/index.php?rest_route=\/wp\/v2\/types\/post"}],"author":[{"embeddable":true,"href":"http:\/\/www.soniamoura.com.br\/index.php?rest_route=\/wp\/v2\/users\/1"}],"replies":[{"embeddable":true,"href":"http:\/\/www.soniamoura.com.br\/index.php?rest_route=%2Fwp%2Fv2%2Fcomments&post=27"}],"version-history":[{"count":0,"href":"http:\/\/www.soniamoura.com.br\/index.php?rest_route=\/wp\/v2\/posts\/27\/revisions"}],"wp:attachment":[{"href":"http:\/\/www.soniamoura.com.br\/index.php?rest_route=%2Fwp%2Fv2%2Fmedia&parent=27"}],"wp:term":[{"taxonomy":"category","embeddable":true,"href":"http:\/\/www.soniamoura.com.br\/index.php?rest_route=%2Fwp%2Fv2%2Fcategories&post=27"},{"taxonomy":"post_tag","embeddable":true,"href":"http:\/\/www.soniamoura.com.br\/index.php?rest_route=%2Fwp%2Fv2%2Ftags&post=27"}],"curies":[{"name":"wp","href":"https:\/\/api.w.org\/{rel}","templated":true}]}}