{"id":2421,"date":"2016-08-22T11:50:17","date_gmt":"2016-08-22T14:50:17","guid":{"rendered":"http:\/\/www.soniamoura.com.br\/?p=2421"},"modified":"2016-08-22T11:50:17","modified_gmt":"2016-08-22T14:50:17","slug":"desesperadamente-felizes","status":"publish","type":"post","link":"http:\/\/www.soniamoura.com.br\/?p=2421","title":{"rendered":"DESESPERADAMENTE, FELIZES!"},"content":{"rendered":"<p>Li, em algum lugar, a seguinte afirmativa: \u201c<em>O mundo precisa <u>desesperadamente<\/u> de pessoas felizes\u201d<\/em>. Verdade\u00a0 total! Absoluta!<\/p>\n<p>O Rio de Janeiro escancarou esta verdade para o mundo. Felizes! Sim, felizes, demos uma grande banana para os pessimistas, para aqueles que insistem em dizer que nada de bom acontece no Brasil, isto \u00e9 uma inverdade, mas serve muito bem aos que querem manipular o povo, e tentam colocar no ch\u00e3o a autoestima de nossa gente.<\/p>\n<p>N\u00e3o me fa\u00e7o de inocente ou n\u00e3o coloco venda nos olhos, sei que temos problemas e muitos, mas temos solu\u00e7\u00f5es, temos caminhos a seguir, para tal, desvencilhemo-nos dos labirintos que alguns insistem em nos aprisionar. H\u00e1 sa\u00edda, peguemos o fio de Ariadne e por ele nos guiemos. N\u00e3o podemos deixar esses fantasmas nos amedrontarem, mas ao contr\u00e1rio, nos deixemos guiar \u00a0pelo que temos de bom (e n\u00e3o \u00e9 pouco).<\/p>\n<p>A festa Ol\u00edmpica deixou vir \u00e0 baila o nosso verdadeiro esp\u00edrito cheio de alegria, orgulho, paix\u00e3o. Os c\u00e9ticos e rancorosos j\u00e1 come\u00e7aram a atacar dizendo: <em>-Quero ver agora que a festa acabou<\/em>. Escutem bem, a festa acabou sim, mas nosso amor n\u00e3o. Claro, toda festa chega ao fim, por\u00e9m o mais importante \u00e9 alegria e o gosto de festa que ficaram no c\u00e9u da alma e no c\u00e9u da boca, por \u201csementes\u201d que foram ali plantadas.<\/p>\n<p>Se voc\u00eas incr\u00e9dulos me perguntarem se o meu copo est\u00e1 meio cheio ou meio vazio posso dizer<em>: &#8211; Meio cheio, porque me serviram outra vez, grandes doses de orgulho e esperan\u00e7a, ou posso dizer que o meu copo est\u00e1 meio vazio, porque sorvo deliciosamente os felizes momentos vividos em minha Cidade Maravilhosa.<\/em><\/p>\n<p><img loading=\"lazy\" class=\"alignnone size-medium wp-image-2422\" src=\"http:\/\/www.soniamoura.com.br\/wp-content\/uploads\/2016\/08\/olimpiadas-rio-2016-6-300x225.jpg\" alt=\"olimpiadas-rio-2016-6\" width=\"300\" height=\"225\" srcset=\"http:\/\/www.soniamoura.com.br\/wp-content\/uploads\/2016\/08\/olimpiadas-rio-2016-6-300x225.jpg 300w, http:\/\/www.soniamoura.com.br\/wp-content\/uploads\/2016\/08\/olimpiadas-rio-2016-6.jpg 400w\" sizes=\"(max-width: 300px) 100vw, 300px\" \/><\/p>\n","protected":false},"excerpt":{"rendered":"<p>Li, em algum lugar, a seguinte afirmativa: \u201cO mundo precisa desesperadamente de pessoas felizes\u201d. Verdade\u00a0 total! Absoluta! O Rio de Janeiro escancarou esta verdade para o mundo. Felizes! Sim, felizes, demos uma grande banana para os pessimistas, para aqueles que insistem em dizer que nada de bom acontece no Brasil, isto \u00e9 uma inverdade, mas [&hellip;]<\/p>\n","protected":false},"author":1,"featured_media":0,"comment_status":"open","ping_status":"open","sticky":false,"template":"","format":"standard","meta":{"spay_email":"","jetpack_publicize_message":"","jetpack_is_tweetstorm":false},"categories":[5],"tags":[],"jetpack_featured_media_url":"","jetpack_publicize_connections":[],"jetpack_sharing_enabled":true,"jetpack_shortlink":"https:\/\/wp.me\/pmZuW-D3","jetpack-related-posts":[{"id":1837,"url":"http:\/\/www.soniamoura.com.br\/?p=1837","url_meta":{"origin":2421,"position":0},"title":"Esconder a tristeza, por qu\u00ea?","date":"27 agosto 2012","format":false,"excerpt":"Esconder a tristeza, por qu\u00ea? (autoria: S\u00f4nia Moura) Tristeza tem fim, sim, s\u00f3 n\u00e3o adianta escond\u00ea-la. Por que temos que \"estar felizes\" a qualquer custo e sempre? Por que n\u00e3o podemos mais entristermo-nos? Gente, a tristeza existe e \u00e9 t\u00e3o forte quanto a alegria, claro que preferimos a alegria \u00e0\u2026","rel":"","context":"Em &quot;Mensagens&quot;","img":{"alt_text":"","src":"","width":0,"height":0},"classes":[]},{"id":417,"url":"http:\/\/www.soniamoura.com.br\/?p=417","url_meta":{"origin":2421,"position":1},"title":"E FORAM FELIZES PARA SEMPRE!","date":"19 outubro 2008","format":false,"excerpt":"E FORAM FELIZES PARA SEMPRE!(Autoria: S\u00f4nia Moura) Eu acredito no \u201c... e foram felizes para sempre\u201d, eu s\u00f3 n\u00e3o acredito, at\u00e9 porque \u00e9 imposs\u00edvel, \u00e9 no \u201c... e foram felizes sempre\u201d. Alguns dizem que esta frase: \u201c... e foram felizes para sempre!\u201d, assim como o amor, \u00e9 inven\u00e7\u00e3o dos encantadores\u2026","rel":"","context":"Post similar","img":{"alt_text":"","src":"","width":0,"height":0},"classes":[]},{"id":1131,"url":"http:\/\/www.soniamoura.com.br\/?p=1131","url_meta":{"origin":2421,"position":2},"title":"TUDO \u00c9 UM ESPET\u00c1CULO!","date":"3 fevereiro 2010","format":false,"excerpt":"\u00a0 \u00a0 \u00a0 \u00a0 \u00a0 \u00a0 \u00a0 \u00a0 \u00a0 \u00a0 \u00a0 \u00a0 \u00a0 \u00a0 \u00a0 \u00a0 \u00a0 \u00a0 \u00a0 \u00a0 TUDO \u00c9 UM ESPET\u00c1CULO!\u00a0 (Autoria: S\u00d4NIA MOURA) \u00a0 Como diz Guy Debord \u201cO mundo presente e ausente que o espet\u00e1culo faz ver \u00e9 o mundo da mercadoria dominando tudo o\u2026","rel":"","context":"Em &quot;Ensaios&quot;","img":{"alt_text":"","src":"","width":0,"height":0},"classes":[]},{"id":301,"url":"http:\/\/www.soniamoura.com.br\/?p=301","url_meta":{"origin":2421,"position":3},"title":"ERA UMA VEZ...","date":"29 julho 2008","format":false,"excerpt":"ERA UMA VEZ... [por S\u00f4nia Moura] Ontem fui ao cinema assistir ao filme Era Uma Vez... do diretor Breno Silveira. O filme mostra o romance de Nina (Vit\u00f3ria Frate), uma garota rica da zona sul carioca e D\u00e9( Thiago Martins), um rapaz pobre e honesto. Seria uma hist\u00f3ria comum: amor\u2026","rel":"","context":"Post similar","img":{"alt_text":"","src":"","width":0,"height":0},"classes":[]},{"id":2080,"url":"http:\/\/www.soniamoura.com.br\/?p=2080","url_meta":{"origin":2421,"position":4},"title":"ENAMORADOS","date":"12 junho 2014","format":false,"excerpt":"\u00a0ENAMORADOS (Autoria: S\u00f4nia Moura) Promessa dos deuses, s\u00f3 agora cumprida, Trouxe \u00e0 nossa lembran\u00e7a A saudade de um tempo t\u00e3o bom Uma alegria imensa que n\u00e3o se pode traduzir, S\u00f3 se pode sentir... Ressurgiu minha fada madrinha e nos reaproximou Felizes, fizemos amor, nos (re) apaixonamos, Recriamos nosso Conto de\u2026","rel":"","context":"Em &quot;Livros&quot;","img":{"alt_text":"","src":"","width":0,"height":0},"classes":[]},{"id":1189,"url":"http:\/\/www.soniamoura.com.br\/?p=1189","url_meta":{"origin":2421,"position":5},"title":"O BARCO E A VIDA","date":"29 mar\u00e7o 2010","format":false,"excerpt":"\u00a0 \u00a0 O BARCO E A VIDA [por S\u00d4NIA MOURA] \u00a0 A vida \u00e9 mesmo assim, dias felizes, outros, nem tanto. \u00c9 mais ou menos como um pequeno barquinho perdido em alto mar, ora uma onda nos joga para l\u00e1, ora, outra, nos joga para c\u00e1. Assim como o barco\u2026","rel":"","context":"Em &quot;Mensagens&quot;","img":{"alt_text":"","src":"","width":0,"height":0},"classes":[]}],"_links":{"self":[{"href":"http:\/\/www.soniamoura.com.br\/index.php?rest_route=\/wp\/v2\/posts\/2421"}],"collection":[{"href":"http:\/\/www.soniamoura.com.br\/index.php?rest_route=\/wp\/v2\/posts"}],"about":[{"href":"http:\/\/www.soniamoura.com.br\/index.php?rest_route=\/wp\/v2\/types\/post"}],"author":[{"embeddable":true,"href":"http:\/\/www.soniamoura.com.br\/index.php?rest_route=\/wp\/v2\/users\/1"}],"replies":[{"embeddable":true,"href":"http:\/\/www.soniamoura.com.br\/index.php?rest_route=%2Fwp%2Fv2%2Fcomments&post=2421"}],"version-history":[{"count":1,"href":"http:\/\/www.soniamoura.com.br\/index.php?rest_route=\/wp\/v2\/posts\/2421\/revisions"}],"predecessor-version":[{"id":2423,"href":"http:\/\/www.soniamoura.com.br\/index.php?rest_route=\/wp\/v2\/posts\/2421\/revisions\/2423"}],"wp:attachment":[{"href":"http:\/\/www.soniamoura.com.br\/index.php?rest_route=%2Fwp%2Fv2%2Fmedia&parent=2421"}],"wp:term":[{"taxonomy":"category","embeddable":true,"href":"http:\/\/www.soniamoura.com.br\/index.php?rest_route=%2Fwp%2Fv2%2Fcategories&post=2421"},{"taxonomy":"post_tag","embeddable":true,"href":"http:\/\/www.soniamoura.com.br\/index.php?rest_route=%2Fwp%2Fv2%2Ftags&post=2421"}],"curies":[{"name":"wp","href":"https:\/\/api.w.org\/{rel}","templated":true}]}}