{"id":2299,"date":"2015-07-26T22:36:51","date_gmt":"2015-07-27T01:36:51","guid":{"rendered":"http:\/\/www.soniamoura.com.br\/?p=2299"},"modified":"2015-07-26T22:36:51","modified_gmt":"2015-07-27T01:36:51","slug":"na-curva-do-anzol","status":"publish","type":"post","link":"http:\/\/www.soniamoura.com.br\/?p=2299","title":{"rendered":"NA CURVA DO ANZOL"},"content":{"rendered":"<p>&nbsp;<\/p>\n<p><a href=\"http:\/\/www.soniamoura.com.br\/wp-content\/uploads\/2015\/07\/FELICIDADE-ANZOL.jpg\"><img loading=\"lazy\" class=\"alignnone size-medium wp-image-2300\" src=\"http:\/\/www.soniamoura.com.br\/wp-content\/uploads\/2015\/07\/FELICIDADE-ANZOL-300x300.jpg\" alt=\"FELICIDADE-ANZOL\" width=\"300\" height=\"300\" srcset=\"http:\/\/www.soniamoura.com.br\/wp-content\/uploads\/2015\/07\/FELICIDADE-ANZOL-300x300.jpg 300w, http:\/\/www.soniamoura.com.br\/wp-content\/uploads\/2015\/07\/FELICIDADE-ANZOL-150x150.jpg 150w, http:\/\/www.soniamoura.com.br\/wp-content\/uploads\/2015\/07\/FELICIDADE-ANZOL.jpg 403w\" sizes=\"(max-width: 300px) 100vw, 300px\" \/><\/a><\/p>\n<p>NA CURVA DO ANZOL (S\u00f4nia Moura)<\/p>\n<p>Presa na curva do anzol<br \/>\nA felicidade piscava para mim<br \/>\nJ\u00e1 sangrava, mas ainda assim,<br \/>\nMais forte que a esperan\u00e7a<br \/>\nResistia e me fazia resistir<br \/>\nTinha toda raz\u00e3o,<br \/>\nSe presa nas garras do anzol<br \/>\nEla n\u00e3o sucumbiu<br \/>\nAinda que me ronde a desilus\u00e3o<br \/>\nEu tamb\u00e9m n\u00e3o vou desistir<\/p>\n<p>(Da obra: Coisas de Ad\u00e3o e Eva)<\/p>\n","protected":false},"excerpt":{"rendered":"<p>&nbsp; NA CURVA DO ANZOL (S\u00f4nia Moura) Presa na curva do anzol A felicidade piscava para mim J\u00e1 sangrava, mas ainda assim, Mais forte que a esperan\u00e7a Resistia e me fazia resistir Tinha toda raz\u00e3o, Se presa nas garras do anzol Ela n\u00e3o sucumbiu Ainda que me ronde a desilus\u00e3o Eu tamb\u00e9m n\u00e3o vou desistir [&hellip;]<\/p>\n","protected":false},"author":1,"featured_media":0,"comment_status":"open","ping_status":"open","sticky":false,"template":"","format":"standard","meta":{"spay_email":"","jetpack_publicize_message":"","jetpack_is_tweetstorm":false},"categories":[4,2],"tags":[],"jetpack_featured_media_url":"","jetpack_publicize_connections":[],"jetpack_sharing_enabled":true,"jetpack_shortlink":"https:\/\/wp.me\/pmZuW-B5","jetpack-related-posts":[{"id":1248,"url":"http:\/\/www.soniamoura.com.br\/?p=1248","url_meta":{"origin":2299,"position":0},"title":"CURVAS NA SEARA DE VENTO \u2013 II (Exemplificando...)","date":"24 maio 2010","format":false,"excerpt":"\u00a0 CURVAS NA SEARA DE VENTO \u2013 II (Exemplificando...) \u00a0(UFF \u2013 Semin\u00e1rio \u2013 2008) A t\u00edtulo de exemplifica\u00e7\u00e3o, selecionamos passagens da obra de Manuel da Fonseca \u2013 Seara de Vento- nas quais o verbo curvar-se e outros voc\u00e1bulos com significa\u00e7\u00f5es aproximadas ao verbo curvar-se, destacam-se, dando respaldo a nossas coloca\u00e7\u00f5es\u2026","rel":"","context":"Em &quot;Ensaios&quot;","img":{"alt_text":"","src":"","width":0,"height":0},"classes":[]},{"id":2164,"url":"http:\/\/www.soniamoura.com.br\/?p=2164","url_meta":{"origin":2299,"position":1},"title":"NUANCES","date":"16 agosto 2014","format":false,"excerpt":"NUANCES (por S\u00d4NIA MOURA) Sob o t\u00edtulo\u00a0\u201cO mundo maravilhoso da palavra intraduz\u00edvel\u201d, a revista\u00a0L\u00edngua Portuguesa\u00a0\u2013 Ano II \u2013 no. 31- Maio de 2008, traz um bel\u00edssimo artigo sobre algumas particularidades da l\u00edngua, no que concerne \u00e0s abordagens diversificadas de uma mesma realidade, quando, por exemplo, para um voc\u00e1bulo \u00a0da l\u00edngua\u2026","rel":"","context":"Em &quot;Ensaios&quot;","img":{"alt_text":"","src":"https:\/\/i1.wp.com\/www.soniamoura.com.br\/wp-content\/uploads\/2014\/08\/amor-raz\u00c3\u00b5es-248x300.jpg?resize=350%2C200","width":350,"height":200},"classes":[]},{"id":235,"url":"http:\/\/www.soniamoura.com.br\/?p=235","url_meta":{"origin":2299,"position":2},"title":"NUANCES","date":"18 junho 2008","format":false,"excerpt":"\u00a0\u00a0\u00a0\u00a0\u00a0\u00a0\u00a0\u00a0\u00a0\u00a0\u00a0\u00a0\u00a0\u00a0\u00a0\u00a0\u00a0\u00a0\u00a0\u00a0\u00a0\u00a0\u00a0\u00a0\u00a0\u00a0\u00a0\u00a0\u00a0\u00a0\u00a0\u00a0\u00a0\u00a0\u00a0\u00a0\u00a0\u00a0\u00a0\u00a0\u00a0\u00a0\u00a0\u00a0\u00a0\u00a0\u00a0\u00a0\u00a0\u00a0\u00a0\u00a0\u00a0\u00a0\u00a0\u00a0\u00a0\u00a0\u00a0 NUANCES (por S\u00d4NIA MOURA) Sob o t\u00edtulo \u201cO mundo maravilhoso da palavra intraduz\u00edvel\u201d, a revista L\u00edngua Portuguesa \u2013 Ano II \u2013 no. 31- Maio de 2008, traz um bel\u00edssimo artigo sobre algumas particularidades da l\u00edngua, no que concerne \u00e0s abordagens diversificadas de uma mesma realidade, quando, por exemplo, para\u2026","rel":"","context":"Em &quot;Mensagens&quot;","img":{"alt_text":"","src":"","width":0,"height":0},"classes":[]},{"id":1125,"url":"http:\/\/www.soniamoura.com.br\/?p=1125","url_meta":{"origin":2299,"position":3},"title":"A COR DO PASSADO","date":"25 janeiro 2010","format":false,"excerpt":"\u00a0 A COR DO PASSADO \u00a0 \u00a0Num canto da sala, F\u00e1tima aguardava em sil\u00eancio, porque qualquer palavra naquele momento, seria em v\u00e3o. Para espantar a dor, come\u00e7ou a cantarolar bem baixinho, mas por alguns segundos, depois ela voltou a ser toda sil\u00eancio. A brevidade da vida a atacara em cheio,\u2026","rel":"","context":"Em &quot;Contos&quot;","img":{"alt_text":"","src":"","width":0,"height":0},"classes":[]},{"id":626,"url":"http:\/\/www.soniamoura.com.br\/?p=626","url_meta":{"origin":2299,"position":4},"title":"ENCANTADORA DE CORA\u00c7\u00d5ES","date":"8 fevereiro 2009","format":false,"excerpt":"ENCANTADORA DE CORA\u00c7\u00d5ES (por: S\u00f4nia Moura) Fui \u00e0 festa de anivers\u00e1rio de minha amiga Sueli, que, para n\u00f3s \u00e9 somente Su ou Sussu. Bela festa, polvilhada pelos sorrisos e abra\u00e7os verdadeiros de amigos tamb\u00e9m verdadeiros. Muita m\u00fasica, muita dan\u00e7a e muita alegria, tudo isto regado a comes e bebes de\u2026","rel":"","context":"Em &quot;Mensagens&quot;","img":{"alt_text":"","src":"","width":0,"height":0},"classes":[]},{"id":1413,"url":"http:\/\/www.soniamoura.com.br\/?p=1413","url_meta":{"origin":2299,"position":5},"title":"AMOR, AMOR!","date":"22 novembro 2010","format":false,"excerpt":"\u00a0 Amor, Amor!\u00a0 (por S\u00f4nia Moura) \u00a0 O amor precisa ser cuidado, ou melhor, muito bem cuidado. \u00c9 mais ou menos como fazer um doce ou uma gel\u00e9ia de frutas, \u00e9 preciso mexer, mexer e mexer o tempo todo, se n\u00e3o o doce gruda no fundo da panela e queima,\u2026","rel":"","context":"Com 1 coment\u00e1rio","img":{"alt_text":"","src":"","width":0,"height":0},"classes":[]}],"_links":{"self":[{"href":"http:\/\/www.soniamoura.com.br\/index.php?rest_route=\/wp\/v2\/posts\/2299"}],"collection":[{"href":"http:\/\/www.soniamoura.com.br\/index.php?rest_route=\/wp\/v2\/posts"}],"about":[{"href":"http:\/\/www.soniamoura.com.br\/index.php?rest_route=\/wp\/v2\/types\/post"}],"author":[{"embeddable":true,"href":"http:\/\/www.soniamoura.com.br\/index.php?rest_route=\/wp\/v2\/users\/1"}],"replies":[{"embeddable":true,"href":"http:\/\/www.soniamoura.com.br\/index.php?rest_route=%2Fwp%2Fv2%2Fcomments&post=2299"}],"version-history":[{"count":1,"href":"http:\/\/www.soniamoura.com.br\/index.php?rest_route=\/wp\/v2\/posts\/2299\/revisions"}],"predecessor-version":[{"id":2301,"href":"http:\/\/www.soniamoura.com.br\/index.php?rest_route=\/wp\/v2\/posts\/2299\/revisions\/2301"}],"wp:attachment":[{"href":"http:\/\/www.soniamoura.com.br\/index.php?rest_route=%2Fwp%2Fv2%2Fmedia&parent=2299"}],"wp:term":[{"taxonomy":"category","embeddable":true,"href":"http:\/\/www.soniamoura.com.br\/index.php?rest_route=%2Fwp%2Fv2%2Fcategories&post=2299"},{"taxonomy":"post_tag","embeddable":true,"href":"http:\/\/www.soniamoura.com.br\/index.php?rest_route=%2Fwp%2Fv2%2Ftags&post=2299"}],"curies":[{"name":"wp","href":"https:\/\/api.w.org\/{rel}","templated":true}]}}