{"id":22,"date":"2007-10-21T16:49:06","date_gmt":"2007-10-21T20:49:06","guid":{"rendered":"http:\/\/www.soniamoura.com.br\/?p=22"},"modified":"2007-10-23T19:14:18","modified_gmt":"2007-10-23T23:14:18","slug":"recado-a-marina-colsanti","status":"publish","type":"post","link":"http:\/\/www.soniamoura.com.br\/?p=22","title":{"rendered":"Recado \u00e0 Marina Colasanti"},"content":{"rendered":"<p ALIGN=\"justify\">Recado \u00e0 Marina Colasanti<\/p>\n<p>Aqueles que me conhecem sabem o quanto sou f\u00e3 da Marina Colasanti. Gosto de seus textos e n\u00e3o os leio apenas, costumo sabore\u00e1-los, n\u00e3o s\u00e3o aquela cerveja, mas descem redondo, ali\u00e1s, redond\u00edssimo.<br \/>\nEscrevi um trabalho, cujo t\u00edtulo \u00e9 O Er\u00f3tico nos Contos de Fadas, baseando-me em seus textos, o que me deu grande prazer (trocadilhos \u00e0 parte) e, tempos mais tarde, tive a alegria de ser sua aluna por um breve espa\u00e7o de tempo, em aulas sobre literatura infantil.<br \/>\nHoje, li um artigo de Marina no JB* e, mais uma vez, deliciei-me e venho aqui para enviar para ela este recado:<br \/>\n&#8211; Marina, a casa de Albavilla n\u00e3o precisa ser (re)encontrada, ela vive dentro de voc\u00ea   e agora vive,tamb\u00e9m,\u00a0 em  seus leitores. Estes, ao lerem seu artigo,  sentem como se l\u00e1 estivessem, bebendo o leite farto da  cabra e buscando os ovos da galinha no ninho, sendo meninos, correndo pelo bosque, comendo castanhas cozidas, neste sonho que voc\u00ea nos ofereceu, encravado no  hoje que tamb\u00e9m \u00e9 ontem.<\/p>\n<p>(\u00a0*Artigo:<em> Fausto come\u00e7ou, eu continuo, Marina Colasanti &#8211; JB\u00a021\/10\/2007 [Caderno B p.3]<\/em><\/p>\n","protected":false},"excerpt":{"rendered":"<p>Recado \u00e0 Marina Colasanti Aqueles que me conhecem sabem o quanto sou f\u00e3 da Marina Colasanti. Gosto de seus textos e n\u00e3o os leio apenas, costumo sabore\u00e1-los, n\u00e3o s\u00e3o aquela cerveja, mas descem redondo, ali\u00e1s, redond\u00edssimo. Escrevi um trabalho, cujo t\u00edtulo \u00e9 O Er\u00f3tico nos Contos de Fadas, baseando-me em seus textos, o que me [&hellip;]<\/p>\n","protected":false},"author":1,"featured_media":0,"comment_status":"open","ping_status":"open","sticky":false,"template":"","format":"standard","meta":{"spay_email":"","jetpack_publicize_message":"","jetpack_is_tweetstorm":false},"categories":[5],"tags":[],"jetpack_featured_media_url":"","jetpack_publicize_connections":[],"jetpack_sharing_enabled":true,"jetpack_shortlink":"https:\/\/wp.me\/pmZuW-m","jetpack-related-posts":[{"id":1108,"url":"http:\/\/www.soniamoura.com.br\/?p=1108","url_meta":{"origin":22,"position":0},"title":"CONTOS DE FADAS III","date":"13 janeiro 2010","format":false,"excerpt":"\u00a0 Contos de Fadas \u2013 III\u00a0 (Autoria: S\u00f4nia Moura) \u00a0Uma brev\u00edssima leitura de alguns contos de Marina Colasanti \u00a0Marina Colasanti nasceu em Asmara, 26 de setembro de 1937. \u00c9 uma escritora e jornalista \u00edtalo-brasileira nascida na ent\u00e3o col\u00f4nia italiana da Eritr\u00e9ia. Ainda crian\u00e7a sua fam\u00edlia voltou para a It\u00e1lia de\u2026","rel":"","context":"Em &quot;Ensaios&quot;","img":{"alt_text":"","src":"","width":0,"height":0},"classes":[]},{"id":1102,"url":"http:\/\/www.soniamoura.com.br\/?p=1102","url_meta":{"origin":22,"position":1},"title":"CONTOS DE FADAS - I","date":"10 janeiro 2010","format":false,"excerpt":"\u00a0 \u00a0 \u00a0 \u00a0 \u00a0 \u00a0 \u00a0 \u00a0 \u00a0 \u00a0 \u00a0 \u00a0 \u00a0 \u00a0 \u00a0 \u00a0 \u00a0 \u00a0 \u00a0 \u00a0 \u00a0 \u00a0 \u00a0 \u00a0 \u00a0 \u00a0 \u00a0 \u00a0 \u00a0 \u00a0 \u00a0 \u00a0 \u00a0 \u00a0 \u00a0 \u00a0 \u00a0 \u00a0 \u00a0 Contos de Fadas\u00a0 (Autoria: S\u00f4nia Moura) \u00a0 \u00a0Misturando o real convencional\u2026","rel":"","context":"Em &quot;Ensaios&quot;","img":{"alt_text":"","src":"","width":0,"height":0},"classes":[]},{"id":1562,"url":"http:\/\/www.soniamoura.com.br\/?p=1562","url_meta":{"origin":22,"position":2},"title":"FUTURISMO","date":"21 abril 2011","format":false,"excerpt":"\u00a0 FUTURISMO (Autoria: S\u00f4nia Moura) Chamava-se Marinete, diziam que o pai, homem que amava as letras, lhe dera este nome em homenagem ao poeta Filippo Marinetti. Desde sempre a menina mostrava estar al\u00e9m do seu tempo. Quando beb\u00ea e em crian\u00e7a era at\u00e9 engra\u00e7adinho ver as perip\u00e9cias dela, mas, ao\u2026","rel":"","context":"Em &quot;Contos&quot;","img":{"alt_text":"","src":"","width":0,"height":0},"classes":[]},{"id":72,"url":"http:\/\/www.soniamoura.com.br\/?p=72","url_meta":{"origin":22,"position":3},"title":"Recado ao Guimar\u00e3es","date":"27 novembro 2007","format":false,"excerpt":"Grande Rosa Voc\u00ea poderia me explicar como pode o seu texto \" ser t\u00e3o\"\u00a0rico\u00a0e\u00a0\"ser\u00a0t\u00e3o\"\u00a0 pontilhado por saborosas veredas que nos levam a\u00a0viajar,\u00a0a\u00a0sonhar\u00a0e\u00a0a\u00a0embrenhar-se\u00a0na\u00a0grande\u00a0aventura\u00a0da\u00a0escrita? Esperando,\u00a0ansiosamente\u00a0sua\u00a0resposta,\u00a0deixo\u00a0a\u00a0voc\u00ea, um\u00a0grande\u00a0abra\u00e7o\u00a0cor\u00a0de\u00a0Rosa.","rel":"","context":"Em &quot;R\u00e1pidas&quot;","img":{"alt_text":"","src":"","width":0,"height":0},"classes":[]},{"id":777,"url":"http:\/\/www.soniamoura.com.br\/?p=777","url_meta":{"origin":22,"position":4},"title":"PRESENTE NA SAUDADE","date":"22 junho 2009","format":false,"excerpt":"PRESENTE NA SAUDADE (Autoria: S\u00f4nia Moura) A um canto da sala, encolhida, Mariana curva-se ao peso daquela verdade. Sente-se desamparada, parecia que havia um punhal espetando o seu peito, ferindo-lhe n\u00e3o s\u00f3 o corpo, mas sua alma,.a vida e a sua mais linda hist\u00f3ria. Desolada, deixa os bra\u00e7os penderem-se ao\u2026","rel":"","context":"Em &quot;Contos&quot;","img":{"alt_text":"","src":"","width":0,"height":0},"classes":[]},{"id":1007,"url":"http:\/\/www.soniamoura.com.br\/?p=1007","url_meta":{"origin":22,"position":5},"title":"POEMAS DE AMOR","date":"14 novembro 2009","format":false,"excerpt":"\u00a0 POEMAS DE AMOR\u00a0 (um quase, quase ensaio) (Autoria: S\u00d4NIA MOURA) Em uma revista, que trata de assuntos relacionados \u00e0 L\u00edngua Portuguesa e Literatura Brasileira, leio um artigo, que se inicia assim: \u201cExistem poemas de amor? Que classifica\u00e7\u00e3o \u00e9 essa, de onde saiu?\/ Possivelmente da designa\u00e7\u00e3o \u201cpoesia l\u00edrico-amorosa...\u201d* Com todo\u2026","rel":"","context":"Em &quot;Ensaios&quot;","img":{"alt_text":"","src":"","width":0,"height":0},"classes":[]}],"_links":{"self":[{"href":"http:\/\/www.soniamoura.com.br\/index.php?rest_route=\/wp\/v2\/posts\/22"}],"collection":[{"href":"http:\/\/www.soniamoura.com.br\/index.php?rest_route=\/wp\/v2\/posts"}],"about":[{"href":"http:\/\/www.soniamoura.com.br\/index.php?rest_route=\/wp\/v2\/types\/post"}],"author":[{"embeddable":true,"href":"http:\/\/www.soniamoura.com.br\/index.php?rest_route=\/wp\/v2\/users\/1"}],"replies":[{"embeddable":true,"href":"http:\/\/www.soniamoura.com.br\/index.php?rest_route=%2Fwp%2Fv2%2Fcomments&post=22"}],"version-history":[{"count":0,"href":"http:\/\/www.soniamoura.com.br\/index.php?rest_route=\/wp\/v2\/posts\/22\/revisions"}],"wp:attachment":[{"href":"http:\/\/www.soniamoura.com.br\/index.php?rest_route=%2Fwp%2Fv2%2Fmedia&parent=22"}],"wp:term":[{"taxonomy":"category","embeddable":true,"href":"http:\/\/www.soniamoura.com.br\/index.php?rest_route=%2Fwp%2Fv2%2Fcategories&post=22"},{"taxonomy":"post_tag","embeddable":true,"href":"http:\/\/www.soniamoura.com.br\/index.php?rest_route=%2Fwp%2Fv2%2Ftags&post=22"}],"curies":[{"name":"wp","href":"https:\/\/api.w.org\/{rel}","templated":true}]}}