{"id":212,"date":"2008-05-23T18:15:53","date_gmt":"2008-05-23T22:15:53","guid":{"rendered":"http:\/\/www.soniamoura.com.br\/?p=212"},"modified":"2008-05-23T18:33:07","modified_gmt":"2008-05-23T22:33:07","slug":"carga-pesada","status":"publish","type":"post","link":"http:\/\/www.soniamoura.com.br\/?p=212","title":{"rendered":"CARGA PESADA"},"content":{"rendered":"<p><strong>CARGA PESADA<\/strong><\/p>\n<p><a HREF=\"http:\/\/www.soniamoura.com.br\/wp-content\/uploads\/2008\/05\/carga-pesada.jpg\" TITLE=\"carga pesada\"><img SRC=\"http:\/\/www.soniamoura.com.br\/wp-content\/uploads\/2008\/05\/carga-pesada.jpg\" ALT=\"carga pesada\" \/><\/a><\/p>\n<p><a HREF=\"http:\/\/www.soniamoura.com.br\/wp-content\/uploads\/2008\/05\/carga-pesada.jpg\" TITLE=\"carga pesada\">CARGA PESADA<\/a><\/p>\n<p><em>Acad\u00eamico ingl\u00eas<\/em><em><a HREF=\"http:\/\/www.bbc.co.uk\/portuguese\/reporterbbc\/story\/2008\/05\/080522_educacaoqiclasse_np.shtml - \">\u00a0<\/a>diz que os ricos t\u00eam QI mais alto.<br \/>\nClasse social influenciaria no QI, diz o acad\u00eamico <\/em><\/p>\n<p><em>A pequena propor\u00e7\u00e3o de estudantes de classe m\u00e9dia baixa em universidades renomadas \u00e9 o &#8220;resultado natural de uma <\/em><a HREF=\"http:\/\/www.bbc.co.uk\/portuguese\/reporterbbc\/story\/2008\/05\/080522\"><em><a HREF=\"http:\/\/www.bbc.co.uk\/portuguese\/reporterbbc\/story\/2008\/05\/080522_educacaoqiclasse_np.shtml - \">diferen\u00e7a de QI entre classes sociais&#8221;,<\/a><\/em><\/a><em> afirma o acad\u00eamico ingl\u00eas Bruce Charlton na edi\u00e7\u00e3o desta quinta-feira da revista especializada em educa\u00e7\u00e3o Times Higher Education.<br \/>\n&#8220;No entanto, neste debate um fato vital foi esquecido: classes sociais mais altas t\u00eam uma m\u00e9dia de QI maior do que as classes baixas&#8221;, afirmou Charlton em artigo publicado na revista.<br \/>\nSegundo o acad\u00eamico, professor de psiquiatria evolutiva na Universidade de Newcastle, na Inglaterra, a domina\u00e7\u00e3o das classes altas \u00e9 &#8220;natural&#8221; e uma quest\u00e3o de &#8220;m\u00e9rito&#8221;.<br \/>\n(&#8230;)<br \/>\n&#8220;A distribui\u00e7\u00e3o desigual de classes observada em universidades renomadas, comparada com a popula\u00e7\u00e3o geral, dificilmente acontece devido a preconceito ou corrup\u00e7\u00e3o no processo de admiss\u00e3o. Ao contr\u00e1rio, o padr\u00e3o observado \u00e9 o resultado natural do m\u00e9rito&#8221;, escreveu Charlton no artigo.\u201d<\/em><\/p>\n<p><strong>http:\/\/www.bbc.co.uk\/portuguese\/reporterbbc\/story\/2008\/05\/080522_educacaoqiclasse_np.shtml<\/strong> &#8211; VIA- <strong>www.niu.com.br  em 22\/05\/2008<\/strong><\/p>\n<p>Esta conclus\u00e3o, a que chegou o doutor Bruce Charlton, recebeu duras cr\u00edticas, \u00e9 claro, pois ainda h\u00e1 pessoas sensatas em nosso planeta Terra, embora em nossa nave caiba de tudo um pouco: poetas, santos, cretinos e loucos.<\/p>\n<p>Cabe saber em que planeta est\u00e1 parado o preclaro psiquiatra que deveria, a meu ver, procurar ajuda m\u00e9dica imediatamente, uma vez que a sandice de suas declara\u00e7\u00f5es nos remete a uma carga pesada, recheada de preconceitos e de conceitos completamente equivocados.<\/p>\n<p>Mostra a hist\u00f3ria que declara\u00e7\u00f5es deste porte levam a duros resultados, espalham inverdades e abrem caminhos para a dissemina\u00e7\u00e3o de separa\u00e7\u00f5es sociais e mais, esta carga pesada colocada dentro da nave, levar\u00e1 a humanidade a ficar \u00e0 deriva do amor, da compreens\u00e3o, da paz e da verdade.<\/p>\n<p>Como explicar\u00e1 o doutor a hist\u00f3ria de um menino pobre, brasileiro, ali\u00e1s, paup\u00e9rrimo, que, adolescente, empregou-se como servente, e foi designado para a limpeza dos banheiros de uma reparti\u00e7\u00e3o.<\/p>\n<p>O jovem, com toda a dificuldade s\u00f3cio-econ\u00f4mica do mundo (nada a ver com intelig\u00eancia), venceu todas as barreiras e hoje \u00e9 Juiz do Supremo Tribunal? Podemos citar tamb\u00e9m a hist\u00f3ria do menino pobre do morro do Livramento que \u00e9 uma das maiores express\u00f5es da Literatura Brasileira, como explicar este fen\u00f4meno, doutor?<\/p>\n<p>E como ficar\u00e1 o c\u00e9rebro (ou a intelig\u00eancia) de quem nasceu pobre e com esfor\u00e7o ou bafejado pela sorte, enriqueceu? Tornar-se-\u00e1 esta pessoa mais inteligente ou foi com  intelig\u00eancia que a pessoa enriqueceu? (A segunda hip\u00f3tese seria &#8220;incoerente&#8221;, pois, segundo este pesquisador pobre n\u00e3o \u00e9 inteligente.)<\/p>\n<p>E, assim, a nave prosseguir\u00e1 desgovernada, mal entendida, mal avaliada, mal cuidada&#8230; coitada!<\/p>\n","protected":false},"excerpt":{"rendered":"<p>CARGA PESADA CARGA PESADA Acad\u00eamico ingl\u00eas\u00a0diz que os ricos t\u00eam QI mais alto. Classe social influenciaria no QI, diz o acad\u00eamico A pequena propor\u00e7\u00e3o de estudantes de classe m\u00e9dia baixa em universidades renomadas \u00e9 o &#8220;resultado natural de uma diferen\u00e7a de QI entre classes sociais&#8221;, afirma o acad\u00eamico ingl\u00eas Bruce Charlton na edi\u00e7\u00e3o desta quinta-feira [&hellip;]<\/p>\n","protected":false},"author":1,"featured_media":0,"comment_status":"open","ping_status":"open","sticky":false,"template":"","format":"standard","meta":{"spay_email":"","jetpack_publicize_message":"","jetpack_is_tweetstorm":false},"categories":[1],"tags":[],"jetpack_featured_media_url":"","jetpack_publicize_connections":[],"jetpack_sharing_enabled":true,"jetpack_shortlink":"https:\/\/wp.me\/pmZuW-3q","jetpack-related-posts":[{"id":2461,"url":"http:\/\/www.soniamoura.com.br\/?p=2461","url_meta":{"origin":212,"position":0},"title":"D\u00daVIDAS com CERTEZA","date":"13 fevereiro 2017","format":false,"excerpt":"O amor me pegou de jeito N\u00e3o h\u00e1 como recuar Atravesso esta ponte Ou me jogo neste mar? \u00a0 N\u00e3o sei mesmo o que fazer Enfrento esta tempestade Abro cortinas para o sol entrar Ou deixo a vida me levar? \u00a0 Afasto a nuvem pesada Afasto o medo de amar\u2026","rel":"","context":"Em &quot;Livros&quot;","img":{"alt_text":"","src":"https:\/\/i0.wp.com\/www.soniamoura.com.br\/wp-content\/uploads\/2017\/02\/d\u00c3\u00bavida1-1-300x222.jpg?resize=350%2C200","width":350,"height":200},"classes":[]},{"id":1166,"url":"http:\/\/www.soniamoura.com.br\/?p=1166","url_meta":{"origin":212,"position":1},"title":"LUZ NA ESCURID\u00c3O","date":"17 mar\u00e7o 2010","format":false,"excerpt":"\u00a0 \u00a0 \u00a0 \u00a0 LUZ NA ESCURID\u00c3O\u00a0 (Autoria: S\u00d4NIA MOURA) \u00a0 Eram sombras que caminhavam lentamente, arrastando-se na luz do dia como se estivessem em meio a mais forte escurid\u00e3o. Os passos seguiam como se os p\u00e9s estivessem envolvidos por fortes correntes. De repente... ouviu-se ao longe um estampido e\u2026","rel":"","context":"Em &quot;Contos&quot;","img":{"alt_text":"","src":"","width":0,"height":0},"classes":[]},{"id":728,"url":"http:\/\/www.soniamoura.com.br\/?p=728","url_meta":{"origin":212,"position":2},"title":"HUMANOS","date":"6 maio 2009","format":false,"excerpt":"HUMANOS (Autoria: S\u00d4NIA MOURA) Lia esta reportagem nesta manh\u00e3, quando o sol come\u00e7ava a aparecer e minhas obriga\u00e7\u00f5es come\u00e7avam a serem cumpridas. A leitura me causou tristeza pelo absurdo que, infelizmente, tem-se repetido. Destaquemos o que diz a delegada Ana Lu\u00edza: -N\u00e3o houve motivo. N\u00e3o houve briga. \u00c9 claro que\u2026","rel":"","context":"Em &quot;Mensagens&quot;","img":{"alt_text":"","src":"","width":0,"height":0},"classes":[]},{"id":1037,"url":"http:\/\/www.soniamoura.com.br\/?p=1037","url_meta":{"origin":212,"position":3},"title":"DE PRESS\u00c3O em PRESS\u00c3O... nasce a depress\u00e3o","date":"6 dezembro 2009","format":false,"excerpt":"DE PRESS\u00c3O em PRESS\u00c3O... nasce a depress\u00e3o (Autoria: S\u00f4nia Moura) Eu sempre disse que, hoje em dia, ningu\u00e9m mais pode ficar triste, sentir ang\u00fastia, ter medo e outros quetais, que l\u00e1 vem a palavra fat\u00eddica: DEPRESS\u00c3O! \u00c9 como se a tristeza, assim como a alegria (gra\u00e7as a Deus), n\u00e3o fizesse\u2026","rel":"","context":"Em &quot;Mensagens&quot;","img":{"alt_text":"","src":"","width":0,"height":0},"classes":[]},{"id":991,"url":"http:\/\/www.soniamoura.com.br\/?p=991","url_meta":{"origin":212,"position":4},"title":"O CAVALO","date":"9 novembro 2009","format":false,"excerpt":"\u00a0 O CAVALO\u00a0 (Autoria: S\u00f4nia Moura) \u00a0 O cavalinho Maneco Andava pra baixo e pra cima Carregando seus cacarecos E dizia pra todo mundo Que achava a vida boa Gostava de uma festa Gostava de trabalhar Gostava de namorar S\u00f3 n\u00e3o queria mesmo Seus trecos abandonar \u00a0 \u00a0E assim l\u00e1\u2026","rel":"","context":"Em &quot;Livros&quot;","img":{"alt_text":"","src":"","width":0,"height":0},"classes":[]},{"id":790,"url":"http:\/\/www.soniamoura.com.br\/?p=790","url_meta":{"origin":212,"position":5},"title":"PRECE","date":"29 junho 2009","format":false,"excerpt":"PRECE (Autoria: S\u00f4nia Moura) Eis-me aqui a teus p\u00e9s ajoelhada Suplicando tua interven\u00e7\u00e3o N\u00e3o quero amar, n\u00e3o, n\u00e3o quero n\u00e3o. Afastai-me, Senhor, desta tenta\u00e7\u00e3o Creia-me, Senhor, fui embebedada por Cupido E assim despi minha armadura de defesa E, agora, Senhor, encontro-me indefesa A implorar a ti que venha me valer\u2026","rel":"","context":"Em &quot;Poesias&quot;","img":{"alt_text":"","src":"","width":0,"height":0},"classes":[]}],"_links":{"self":[{"href":"http:\/\/www.soniamoura.com.br\/index.php?rest_route=\/wp\/v2\/posts\/212"}],"collection":[{"href":"http:\/\/www.soniamoura.com.br\/index.php?rest_route=\/wp\/v2\/posts"}],"about":[{"href":"http:\/\/www.soniamoura.com.br\/index.php?rest_route=\/wp\/v2\/types\/post"}],"author":[{"embeddable":true,"href":"http:\/\/www.soniamoura.com.br\/index.php?rest_route=\/wp\/v2\/users\/1"}],"replies":[{"embeddable":true,"href":"http:\/\/www.soniamoura.com.br\/index.php?rest_route=%2Fwp%2Fv2%2Fcomments&post=212"}],"version-history":[{"count":0,"href":"http:\/\/www.soniamoura.com.br\/index.php?rest_route=\/wp\/v2\/posts\/212\/revisions"}],"wp:attachment":[{"href":"http:\/\/www.soniamoura.com.br\/index.php?rest_route=%2Fwp%2Fv2%2Fmedia&parent=212"}],"wp:term":[{"taxonomy":"category","embeddable":true,"href":"http:\/\/www.soniamoura.com.br\/index.php?rest_route=%2Fwp%2Fv2%2Fcategories&post=212"},{"taxonomy":"post_tag","embeddable":true,"href":"http:\/\/www.soniamoura.com.br\/index.php?rest_route=%2Fwp%2Fv2%2Ftags&post=212"}],"curies":[{"name":"wp","href":"https:\/\/api.w.org\/{rel}","templated":true}]}}