{"id":210,"date":"2008-05-22T17:34:11","date_gmt":"2008-05-22T21:34:11","guid":{"rendered":"http:\/\/www.soniamoura.com.br\/?p=210"},"modified":"2008-05-22T17:34:11","modified_gmt":"2008-05-22T21:34:11","slug":"fratura-exposta","status":"publish","type":"post","link":"http:\/\/www.soniamoura.com.br\/?p=210","title":{"rendered":"FRATURA EXPOSTA"},"content":{"rendered":"<p><a HREF=\"http:\/\/www.soniamoura.com.br\/wp-content\/uploads\/2008\/05\/recem1.jpg\" TITLE=\"rec\u00e9m-nascido\"><img SRC=\"http:\/\/www.soniamoura.com.br\/wp-content\/uploads\/2008\/05\/recem1.jpg\" ALT=\"rec\u00e9m-nascido\" \/><\/a><\/p>\n<p><strong>FRATURA EXPOSTA<\/strong><\/p>\n<p>Assistindo a um programa sobre nascimentos, n\u00e3o sabia se ria ou se chorava, pois na hora que o beb\u00ea foi retirado da barriga de mam\u00e3e por meio de uma cesariana, colocaram aquela tarja preta no bilauzinho do rec\u00e9m chegado ao mundo. Sei que era um menino, pois o narrador disse: -\u00c9 um menino!<\/p>\n<p>Acho que se fosse uma menina haveria duas tarjas uma delas iria para os \u201cseios\u201d e a outra, j\u00e1 se sabe.<\/p>\n<p><a TITLE=\"Tarja Preta\" HREF=\"http:\/\/www.soniamoura.com.br\/wp-content\/uploads\/2008\/05\/tarja1.jpg\"><img ALT=\"Tarja Preta\" SRC=\"http:\/\/www.soniamoura.com.br\/wp-content\/uploads\/2008\/05\/tarja1.jpg\" \/><\/a><\/p>\n<p><strong>Claro que n\u00e3o era um programa tupiniquim, e sim, da Am\u00e9rica l\u00e1 de cima.<\/strong><\/p>\n<p>De fato, n\u00e3o consigo entender: ser\u00e1 esta uma quest\u00e3o legal? N\u00e3o lhes \u00e9 permitido mostrar sequer o \u00f3rg\u00e3o genital de um rec\u00e9m-nascido? Ser\u00e1 receio dos famigerados processos legais que, quase sempre, redundam em somas vultosas para quem perde a a\u00e7\u00e3o? Ou estar\u00e1 esta atitude ligada a quest\u00f5es religiosas? Ou ainda, ser\u00e1 por conta de press\u00f5es feitas por grupos extremistas?<\/p>\n<p>N\u00e3o sei a resposta, mas, sinto que h\u00e1 algo muito errado nesta hist\u00f3ria, para mim, soa como uma grande fratura exposta, que foi plantada na estrutura social, refletindo-se em comportamentos e em pensamentos desconjuntados, a rasgar o tecido social, fazendo-o sangrar. Neste caso, existe, ainda, o risco de uma infec\u00e7\u00e3o social, que poder\u00e1 levar \u00e0 morte da espontaneidade, da inoc\u00eancia e do prazer de se ver o natural.<\/p>\n","protected":false},"excerpt":{"rendered":"<p>FRATURA EXPOSTA Assistindo a um programa sobre nascimentos, n\u00e3o sabia se ria ou se chorava, pois na hora que o beb\u00ea foi retirado da barriga de mam\u00e3e por meio de uma cesariana, colocaram aquela tarja preta no bilauzinho do rec\u00e9m chegado ao mundo. Sei que era um menino, pois o narrador disse: -\u00c9 um menino! [&hellip;]<\/p>\n","protected":false},"author":1,"featured_media":0,"comment_status":"open","ping_status":"open","sticky":false,"template":"","format":"standard","meta":{"spay_email":"","jetpack_publicize_message":"","jetpack_is_tweetstorm":false},"categories":[1],"tags":[],"jetpack_featured_media_url":"","jetpack_publicize_connections":[],"jetpack_sharing_enabled":true,"jetpack_shortlink":"https:\/\/wp.me\/pmZuW-3o","jetpack-related-posts":[{"id":567,"url":"http:\/\/www.soniamoura.com.br\/?p=567","url_meta":{"origin":210,"position":0},"title":"JESUS NASCEU!","date":"26 dezembro 2008","format":false,"excerpt":"\u00a0 \u00a0 \u00a0 \u00a0 \u00a0 \u00a0 \u00a0 \u00a0 \u00a0 \u00a0 \u00a0 \u00a0 \u00a0 \u00a0 \u00a0 \u00a0 \u00a0 \u00a0 \u00a0 \u00a0 \u00a0 \u00a0 JESUS NASCEU! LIMA (Reuters) - Virgem Maria, uma peruana de 20 anos, deu \u00e0 luz um menino no dia de Natal e batizou-o de Jesus, disse a ag\u00eancia\u2026","rel":"","context":"Em &quot;Mensagens&quot;","img":{"alt_text":"","src":"","width":0,"height":0},"classes":[]},{"id":1811,"url":"http:\/\/www.soniamoura.com.br\/?p=1811","url_meta":{"origin":210,"position":1},"title":"AMOR DE CAL\u00c7AS CURTAS (Autoria:\u2026","date":"4 julho 2012","format":false,"excerpt":"AMOR DE CAL\u00c7AS CURTAS (Autoria: S\u00f4nia Moura) Num tom de lam\u00faria ou decep\u00e7\u00e3o, n\u00e3o sei bem, \u00c2ngela me disse: - O amor nos prega cada pe\u00e7a! Seu olhar fugia da dire\u00e7\u00e3o do meu, parecia que aquele olhar indeciso se perdia num mundo pr\u00f3prio, num mundo de d\u00favidas e ansiedade. Concordei\u2026","rel":"","context":"Em &quot;Contos&quot;","img":{"alt_text":"","src":"","width":0,"height":0},"classes":[]},{"id":1027,"url":"http:\/\/www.soniamoura.com.br\/?p=1027","url_meta":{"origin":210,"position":2},"title":"AMOR DE CAL\u00c7AS CURTAS","date":"24 novembro 2009","format":false,"excerpt":"AMOR DE CAL\u00c7AS CURTAS\u00a0 (Autoria: S\u00f4nia Moura) \u00a0 \u00a0Num tom de lam\u00faria ou decep\u00e7\u00e3o, n\u00e3o sei bem, \u00c2ngela me disse: - O amor nos prega cada pe\u00e7a! Seu olhar fugia da dire\u00e7\u00e3o do meu, parecia que aquele olhar indeciso se perdia num mundo pr\u00f3prio, num mundo de d\u00favidas e ansiedade.\u2026","rel":"","context":"Post similar","img":{"alt_text":"","src":"","width":0,"height":0},"classes":[]},{"id":448,"url":"http:\/\/www.soniamoura.com.br\/?p=448","url_meta":{"origin":210,"position":3},"title":"ERA UMA PULGA?","date":"4 novembro 2008","format":false,"excerpt":"ERA UMA PULGA? \u00a0 \u00a0 (Autoria: S\u00d4NIA MOURA)\u00a0 \u00a0\u00a0 \u00a0 \u00a0 \u00a0 \u00a0\u00a0 \u00a0 \u00a0 \u00a0 \u00a0 \u00a0 \u00a0 \u00a0 \u00a0 \u00a0 \u00a0 \u00a0 \u00a0 \u00a0 \u00a0 \u00a0 \u00a0 \u00a0 \u00a0 \u00a0 \u00a0 \u00a0 \u00a0 \u00a0 \u00a0\u00a0 \u00a0 \u00a0 \u00a0 \u00a0 \u00a0 \u00a0 \u00a0 \u00a0 \u00a0 \u00a0 \u00a0 \u00a0 \u00a0\u2026","rel":"","context":"Em &quot;Poesias&quot;","img":{"alt_text":"","src":"","width":0,"height":0},"classes":[]},{"id":757,"url":"http:\/\/www.soniamoura.com.br\/?p=757","url_meta":{"origin":210,"position":4},"title":"NEM VEM QUE N\u00c3O TEM!!!","date":"24 maio 2009","format":false,"excerpt":"NEM VEM QUE N\u00c3O TEM!!! (Autoria: S\u00f4nia Moura) Assistindo ao bom document\u00e1rio: \u201cSimonal \u2013 Ningu\u00e9m Sabe o Duro que Dei\u201d, confesso que chorei, que me revoltei e me rebelei, por saber que Simonal n\u00e3o est\u00e1 mais aqui para, ao menos, ter a chance de ouvir os aplausos que ecoaram ao\u2026","rel":"","context":"Post similar","img":{"alt_text":"","src":"","width":0,"height":0},"classes":[]},{"id":1401,"url":"http:\/\/www.soniamoura.com.br\/?p=1401","url_meta":{"origin":210,"position":5},"title":"\u201cNADA COMO UM DIA AP\u00d3S O OUTRO\u201d","date":"12 novembro 2010","format":false,"excerpt":"\u00a0 \u201cNADA COMO UM DIA AP\u00d3S O OUTRO\u201d (Autoria: S\u00f4nia Moura) \u00a0Todos sabiam que ela era uma \u201cSANTINHA DO PAU OCO\u201d e, por ser \"SEM EIRA NEM BEIRA\", colocou na cabe\u00e7a que s\u00f3 iria se entregar a um homem endieirado, todos desacreditavam que ela conseguisse, afinal, ela n\u00e3o era l\u00e1\u2026","rel":"","context":"Em &quot;Contos&quot;","img":{"alt_text":"","src":"","width":0,"height":0},"classes":[]}],"_links":{"self":[{"href":"http:\/\/www.soniamoura.com.br\/index.php?rest_route=\/wp\/v2\/posts\/210"}],"collection":[{"href":"http:\/\/www.soniamoura.com.br\/index.php?rest_route=\/wp\/v2\/posts"}],"about":[{"href":"http:\/\/www.soniamoura.com.br\/index.php?rest_route=\/wp\/v2\/types\/post"}],"author":[{"embeddable":true,"href":"http:\/\/www.soniamoura.com.br\/index.php?rest_route=\/wp\/v2\/users\/1"}],"replies":[{"embeddable":true,"href":"http:\/\/www.soniamoura.com.br\/index.php?rest_route=%2Fwp%2Fv2%2Fcomments&post=210"}],"version-history":[{"count":0,"href":"http:\/\/www.soniamoura.com.br\/index.php?rest_route=\/wp\/v2\/posts\/210\/revisions"}],"wp:attachment":[{"href":"http:\/\/www.soniamoura.com.br\/index.php?rest_route=%2Fwp%2Fv2%2Fmedia&parent=210"}],"wp:term":[{"taxonomy":"category","embeddable":true,"href":"http:\/\/www.soniamoura.com.br\/index.php?rest_route=%2Fwp%2Fv2%2Fcategories&post=210"},{"taxonomy":"post_tag","embeddable":true,"href":"http:\/\/www.soniamoura.com.br\/index.php?rest_route=%2Fwp%2Fv2%2Ftags&post=210"}],"curies":[{"name":"wp","href":"https:\/\/api.w.org\/{rel}","templated":true}]}}