{"id":21,"date":"2007-11-08T16:04:41","date_gmt":"2007-11-08T20:04:41","guid":{"rendered":"http:\/\/www.soniamoura.com.br\/?p=21"},"modified":"2007-11-08T17:11:27","modified_gmt":"2007-11-08T21:11:27","slug":"sortilegios","status":"publish","type":"post","link":"http:\/\/www.soniamoura.com.br\/?p=21","title":{"rendered":"Sortil\u00e9gios"},"content":{"rendered":"<p><img SRC=\"http:\/\/www.soniamoura.com.br\/wp-includes\/js\/tinymce\/themes\/advanced\/images\/spacer.gif\" TITLE=\"flores\" HEIGHT=\"1\" WIDTH=\"1\" \/><\/p>\n<p><img SRC=\"http:\/\/tn3-1.deviantart.com\/fs19\/300W\/f\/2007\/294\/b\/c\/bc107843137ec1e7.jpg\" ALT=\"M\u00e1scara\" HEIGHT=\"200\" WIDTH=\"300\" \/><\/p>\n<p>O que buscas esconder com esta m\u00e1scara?<br \/>\nOu de quem te escondes?<\/p>\n<p>N\u00e3o adianta, menina, teu olhar  revela a f\u00eamea feiticeira<br \/>\nE,<br \/>\nEnquanto teus l\u00e1bios parecem murmurar palavras de saudade,<br \/>\nEsta flor em teus cabelos revela a bailarina louca pra dan\u00e7ar<br \/>\nAssim,<br \/>\nSolte-se no mundo, ajude-o a girar com tua dan\u00e7a e teu balan\u00e7ar<br \/>\nEncante o ser amado e encante-se com ele, ainda que em sonhos,<br \/>\nTire a m\u00e1scara na hora que quiser ou quando ele pedir ou implorar<br \/>\nEnt\u00e3o,<br \/>\nRevele-se por inteiro, mas revele sua alma primeiro,<br \/>\nDepois v\u00e1 desnudando a paz que h\u00e1 por tr\u00e1s de teu olhar<br \/>\nDeixe cair os sete v\u00e9us do amor, fa\u00e7a esta dan\u00e7a porque<br \/>\nA vida \u00e9 curta, mas como \u00e9 longo o teu cantar, viva!<br \/>\nE,<br \/>\nEspalhe, pelo mundo,\u00a0muitos\u00a0 sortil\u00e9gios de amar.<\/p>\n","protected":false},"excerpt":{"rendered":"<p>O que buscas esconder com esta m\u00e1scara? Ou de quem te escondes? N\u00e3o adianta, menina, teu olhar revela a f\u00eamea feiticeira E, Enquanto teus l\u00e1bios parecem murmurar palavras de saudade, Esta flor em teus cabelos revela a bailarina louca pra dan\u00e7ar Assim, Solte-se no mundo, ajude-o a girar com tua dan\u00e7a e teu balan\u00e7ar Encante [&hellip;]<\/p>\n","protected":false},"author":1,"featured_media":0,"comment_status":"open","ping_status":"open","sticky":false,"template":"","format":"standard","meta":{"spay_email":"","jetpack_publicize_message":"","jetpack_is_tweetstorm":false},"categories":[2],"tags":[],"jetpack_featured_media_url":"","jetpack_publicize_connections":[],"jetpack_sharing_enabled":true,"jetpack_shortlink":"https:\/\/wp.me\/pmZuW-l","jetpack-related-posts":[{"id":2059,"url":"http:\/\/www.soniamoura.com.br\/?p=2059","url_meta":{"origin":21,"position":0},"title":"(IR)REAL","date":"3 mar\u00e7o 2014","format":false,"excerpt":"(IR)REAL (Autoria: S\u00f4nia Moura) Numa estrada deserta, encontrei um mascarado. Assustei-me, n\u00e3o por medo, assustei-me pelo deserto da estrada e pela incompatibilidade da data e da m\u00e1scara. Era julho e n\u00e3o era carnaval. Olhando-me por tr\u00e1s de sua m\u00e1scara dourada como o sol do meio-dia, a voz saiu-lhe calma e\u2026","rel":"","context":"Post similar","img":{"alt_text":"","src":"","width":0,"height":0},"classes":[]},{"id":1013,"url":"http:\/\/www.soniamoura.com.br\/?p=1013","url_meta":{"origin":21,"position":1},"title":"IR(REAL)","date":"18 novembro 2009","format":false,"excerpt":"\u00a0 \u00a0 \u00a0 \u00a0 \u00a0(IR)REAL\u00a0 (Autoria: S\u00f4nia Moura) \u00a0Numa estrada deserta, encontrei um mascarado. Assustei-me, n\u00e3o por medo, assustei-me pelo deserto da estrada e pela incompatibilidade da data e da m\u00e1scara. Era julho e n\u00e3o era carnaval. Olhando-me por tr\u00e1s de sua m\u00e1scara dourada como o sol do meio-dia, a\u2026","rel":"","context":"Em &quot;Contos&quot;","img":{"alt_text":"","src":"","width":0,"height":0},"classes":[]},{"id":1117,"url":"http:\/\/www.soniamoura.com.br\/?p=1117","url_meta":{"origin":21,"position":2},"title":"M\u00c3OS VAZIAS","date":"18 janeiro 2010","format":false,"excerpt":"\u00a0 M\u00e3os Vazias\u00a0\u00a0\u00a0 (Autoria: S\u00d4NIA MOURA) \u00a0 N\u00e3o, n\u00e3o h\u00e1 nada em minhas m\u00e3os Para te alegrar ou para te presentear N\u00e3o adianta procurar Mas, n\u00e3o fique triste, assim,\u00a0\u00a0\u00a0\u00a0\u00a0\u00a0\u00a0\u00a0\u00a0\u00a0\u00a0\u00a0\u00a0\u00a0\u00a0\u00a0\u00a0\u00a0\u00a0\u00a0\u00a0\u00a0 Eu te amo, amo, sim! \u00a0 Ent\u00e3o te trouxe algo Que n\u00e3o cabe nas m\u00e3os Nasce na alma Se espelha na\u2026","rel":"","context":"Em &quot;Livros&quot;","img":{"alt_text":"","src":"","width":0,"height":0},"classes":[]},{"id":870,"url":"http:\/\/www.soniamoura.com.br\/?p=870","url_meta":{"origin":21,"position":3},"title":"DOCE DELITO","date":"31 agosto 2009","format":false,"excerpt":"\u00a0 \u00a0 \u00a0 \u00a0 \u00a0 \u00a0 \u00a0 \u00a0 \u00a0 \u00a0 \u00a0 \u00a0 \u00a0 \u00a0 \u00a0 \u00a0 \u00a0 \u00a0 \u00a0 \u00a0 \u00a0 \u00a0 DOCE DELITO (Autoria: S\u00f4nia Moura) O que fazer para preencher a lacuna Que tu deixaste em minha vida? Estou sozinha e n\u00e3o consigo Povoar meu cora\u00e7\u00e3o Volta pra\u2026","rel":"","context":"Em &quot;Poesias&quot;","img":{"alt_text":"","src":"","width":0,"height":0},"classes":[]},{"id":2077,"url":"http:\/\/www.soniamoura.com.br\/?p=2077","url_meta":{"origin":21,"position":4},"title":"ODE AO RIO DE JANEIRO","date":"4 junho 2014","format":false,"excerpt":"\u00a0 Ode ao Rio de Janeiro\u00a0\u00a0 [por S\u00f4nia Moura] Rio de Janeiro Eu te vejo na corcova do camelo Corcoveando, Corcovado E o ano inteiro Me lambuzo No a\u00e7\u00facar de teu p\u00e3o Que alimenta minha emo\u00e7\u00e3o E mela meu cora\u00e7\u00e3o Com alegria, fantasia e calor Para depois eu me desmanchar\u2026","rel":"","context":"Em &quot;Livros&quot;","img":{"alt_text":"","src":"https:\/\/i1.wp.com\/www.soniamoura.com.br\/wp-content\/uploads\/2014\/06\/cidade-maravilhosa.jpg?resize=350%2C200","width":350,"height":200},"classes":[]},{"id":625,"url":"http:\/\/www.soniamoura.com.br\/?p=625","url_meta":{"origin":21,"position":5},"title":"QUADRINHAS","date":"7 fevereiro 2009","format":false,"excerpt":"\u00a0 \u00a0 \u00a0 \u00a0 \u00a0 \u00a0 \u00a0 \u00a0 \u00a0 \u00a0 \u00a0 \u00a0 \u00a0 QUADRINHAS (Autoria: S\u00f4nia Moura) I Qual uma cantiga de roda Assim ficou meu cora\u00e7\u00e3o Ao ver teu olhar no meu Nesta manh\u00e3 de ver\u00e3o! II Meu cora\u00e7\u00e3o bateu forte Quando encontrou o seu Minh\u00b4alma ficou feliz Com\u2026","rel":"","context":"Em &quot;Poesias&quot;","img":{"alt_text":"","src":"","width":0,"height":0},"classes":[]}],"_links":{"self":[{"href":"http:\/\/www.soniamoura.com.br\/index.php?rest_route=\/wp\/v2\/posts\/21"}],"collection":[{"href":"http:\/\/www.soniamoura.com.br\/index.php?rest_route=\/wp\/v2\/posts"}],"about":[{"href":"http:\/\/www.soniamoura.com.br\/index.php?rest_route=\/wp\/v2\/types\/post"}],"author":[{"embeddable":true,"href":"http:\/\/www.soniamoura.com.br\/index.php?rest_route=\/wp\/v2\/users\/1"}],"replies":[{"embeddable":true,"href":"http:\/\/www.soniamoura.com.br\/index.php?rest_route=%2Fwp%2Fv2%2Fcomments&post=21"}],"version-history":[{"count":0,"href":"http:\/\/www.soniamoura.com.br\/index.php?rest_route=\/wp\/v2\/posts\/21\/revisions"}],"wp:attachment":[{"href":"http:\/\/www.soniamoura.com.br\/index.php?rest_route=%2Fwp%2Fv2%2Fmedia&parent=21"}],"wp:term":[{"taxonomy":"category","embeddable":true,"href":"http:\/\/www.soniamoura.com.br\/index.php?rest_route=%2Fwp%2Fv2%2Fcategories&post=21"},{"taxonomy":"post_tag","embeddable":true,"href":"http:\/\/www.soniamoura.com.br\/index.php?rest_route=%2Fwp%2Fv2%2Ftags&post=21"}],"curies":[{"name":"wp","href":"https:\/\/api.w.org\/{rel}","templated":true}]}}