{"id":206,"date":"2008-05-19T12:55:54","date_gmt":"2008-05-19T16:55:54","guid":{"rendered":"http:\/\/www.soniamoura.com.br\/?p=206"},"modified":"2008-05-19T12:57:05","modified_gmt":"2008-05-19T16:57:05","slug":"justica","status":"publish","type":"post","link":"http:\/\/www.soniamoura.com.br\/?p=206","title":{"rendered":"Justi\u00e7a"},"content":{"rendered":"<p><a HREF=\"http:\/\/www.soniamoura.com.br\/wp-content\/uploads\/2008\/05\/traicaojpg.jpeg\" TITLE=\"Trai\u00e7\u00e3o\"><img SRC=\"http:\/\/www.soniamoura.com.br\/wp-content\/uploads\/2008\/05\/traicaojpg.jpeg\" ALT=\"Trai\u00e7\u00e3o\" \/><\/a><\/p>\n<p><strong>Justi\u00e7a<\/strong><\/p>\n<p>Jornais e emissoras de r\u00e1dio e tv noticiaram que os ju\u00edzes decretaram: R$200.000,00 para o primeiro, R$15.000,00 para o segundo\u00a0 e R$7.000,00 para o terceiro.<\/p>\n<p>Estamos falando de not\u00edcias que nos informam sobre decis\u00f5es judiciais, por meio das quais, maridos tra\u00eddos ganharam as causas contra suas ex-mulheres e a eles foi garantido, judicialmente, o ganho de indeniza\u00e7\u00f5es.<\/p>\n<p><strong>N\u00e3o vamos discutir a ess\u00eancia desta complexa quest\u00e3o, mas, com certeza absoluta, podemos afirmar que, se todos os homens que traem ou j\u00e1 tra\u00edram suas mulheres fossem obrigados a indeniz\u00e1-las&#8230;hummm&#8230; sei n\u00e3o!Ser\u00e1 que ainda haveria alguma reserva nos bancos brasileiros ou o pa\u00eds teria falido?<\/p>\n<p><\/strong><\/p>\n","protected":false},"excerpt":{"rendered":"<p>Justi\u00e7a Jornais e emissoras de r\u00e1dio e tv noticiaram que os ju\u00edzes decretaram: R$200.000,00 para o primeiro, R$15.000,00 para o segundo\u00a0 e R$7.000,00 para o terceiro. Estamos falando de not\u00edcias que nos informam sobre decis\u00f5es judiciais, por meio das quais, maridos tra\u00eddos ganharam as causas contra suas ex-mulheres e a eles foi garantido, judicialmente, o [&hellip;]<\/p>\n","protected":false},"author":1,"featured_media":0,"comment_status":"open","ping_status":"open","sticky":false,"template":"","format":"standard","meta":{"spay_email":"","jetpack_publicize_message":"","jetpack_is_tweetstorm":false},"categories":[1],"tags":[],"jetpack_featured_media_url":"","jetpack_publicize_connections":[],"jetpack_sharing_enabled":true,"jetpack_shortlink":"https:\/\/wp.me\/smZuW-justica","jetpack-related-posts":[{"id":329,"url":"http:\/\/www.soniamoura.com.br\/?p=329","url_meta":{"origin":206,"position":0},"title":"O QUE NOS PERMITE O ESPORTE?","date":"24 agosto 2008","format":false,"excerpt":"\u00a0 \u00a0 \u00a0 \u00a0 \u00a0 \u00a0 \u00a0 \u00a0 \u00a0 \u00a0 \u00a0 \u00a0 \u00a0 \u00a0 \u00a0 \u00a0 \u00a0 \u00a0 \u00a0 \u00a0 \u00a0 \u00a0 \u00a0 \u00a0 \u00a0 \u00a0 \u00a0 \u00a0 \u00a0 \u00a0 O que nos permite o esporte? Ganhar? Perder? Sofrer? Chorar? Sorrir?Sim, \u00e9 tudo isto e muito, muito mais. N\u00e3o sei\u2026","rel":"","context":"Em &quot;Mensagens&quot;","img":{"alt_text":"","src":"","width":0,"height":0},"classes":[]},{"id":658,"url":"http:\/\/www.soniamoura.com.br\/?p=658","url_meta":{"origin":206,"position":1},"title":"MULHER, SEMPRE MULHER!","date":"8 mar\u00e7o 2009","format":false,"excerpt":"\u00a0 \u00a0 \u00a0 \u00a0 \u00a0 \u00a0 \u00a0 \u00a0 \u00a0 \u00a0 \u00a0 \u00a0 \u00a0 \u00a0 \u00a0 \u00a0 \u00a0 \u00a0 \u00a0 \u00a0 \u00a0 \u00a0 \u00a0 \u00a0 \u00a0 \u00a0 \u00a0 \u00a0 \u00a0 \u00a0 \u00a0 \u00a0 \u00a0 \u00a0 \u00a0 \u00a0 \u00a0 \u00a0 \u00a0 \u00a0 \u00a0 \u00a0 \u00a0\u00a0 MULHER, SEMPRE MULHER! (Autoria: S\u00f4nia Moura) At\u00e9\u2026","rel":"","context":"Em &quot;Mensagens&quot;","img":{"alt_text":"","src":"","width":0,"height":0},"classes":[]},{"id":1105,"url":"http:\/\/www.soniamoura.com.br\/?p=1105","url_meta":{"origin":206,"position":2},"title":"CONTOS DE FADAS \u2013 II","date":"12 janeiro 2010","format":false,"excerpt":"\u00a0 \u00a0Contos de Fadas \u2013 II \u00a0( Autoria: S\u00f4nia Moura) \u00a0Uma brev\u00edssima leitura da obra: Hist\u00f3rias Maravilhosas de Ana de Castro Os\u00f3rio Ana de Castro Os\u00f3rio nasceu em Mangualde, a 18 de Junho 1872, e faleceu em Set\u00fabal, a 23 de Mar\u00e7o de 1935. \u00c9 considerada a criadora da literatura\u2026","rel":"","context":"Em &quot;Ensaios&quot;","img":{"alt_text":"","src":"","width":0,"height":0},"classes":[]},{"id":686,"url":"http:\/\/www.soniamoura.com.br\/?p=686","url_meta":{"origin":206,"position":3},"title":"Porta-seios","date":"13 abril 2009","format":false,"excerpt":"Porta - Seios (por S\u00d4NIA MOURA) \u00a0 \u00a0Porta-seios - antigamente, \u00a0era assim que se chamava o suti\u00e3, palavra trazida da l\u00edngua francesa para o seio de nossa l\u00edngua portuguesa. O famoso porta-seios protegia e\/ou segurava o que alguns chamavam de \"cofrinho\", pois as mulheres guardavam \"coisas\" entre os seios (ou\u2026","rel":"","context":"Post similar","img":{"alt_text":"","src":"","width":0,"height":0},"classes":[]},{"id":591,"url":"http:\/\/www.soniamoura.com.br\/?p=591","url_meta":{"origin":206,"position":4},"title":"CASAMENTO","date":"14 janeiro 2009","format":false,"excerpt":"Cardeal de Portugal alerta contra o casamento com mul\u00e7umanos [Quarta-feira, 14 de janeiro de 2009 17:03 BRST] (Reportagem de Axel Bugge)LISBOA (Reuters) - O cardeal de Portugal Jos\u00e9 Pilicarpo alertou as mo\u00e7as da na\u00e7\u00e3o predominantemente cat\u00f3lica contra o casamento com mul\u00e7umanos. \"O conselho que eu dou para as jovens portuguesas\u2026","rel":"","context":"Post similar","img":{"alt_text":"","src":"","width":0,"height":0},"classes":[]},{"id":652,"url":"http:\/\/www.soniamoura.com.br\/?p=652","url_meta":{"origin":206,"position":5},"title":"AS BRUXAS S\u00c3O M\u00c1S?","date":"2 mar\u00e7o 2009","format":false,"excerpt":"Ao nos lembrarmos do que sempre ouvimos e vimos em filmes ou lemos em hist\u00f3rias infantis, \u00a0ao lermos as breves informa\u00e7\u00f5es sobre \"as bruxas\", fica a pergunta: AS BRUXAS S\u00c3O M\u00c1S? \u00a0 (Autoria: S\u00d4NIA MOURA) O voc\u00e1bulo \"Bruxa\" \u00e9 de origem desconhecida, provavelmente de origem pr\u00e9-Romana. No entanto existe uma\u2026","rel":"","context":"Em &quot;Ensaios&quot;","img":{"alt_text":"","src":"","width":0,"height":0},"classes":[]}],"_links":{"self":[{"href":"http:\/\/www.soniamoura.com.br\/index.php?rest_route=\/wp\/v2\/posts\/206"}],"collection":[{"href":"http:\/\/www.soniamoura.com.br\/index.php?rest_route=\/wp\/v2\/posts"}],"about":[{"href":"http:\/\/www.soniamoura.com.br\/index.php?rest_route=\/wp\/v2\/types\/post"}],"author":[{"embeddable":true,"href":"http:\/\/www.soniamoura.com.br\/index.php?rest_route=\/wp\/v2\/users\/1"}],"replies":[{"embeddable":true,"href":"http:\/\/www.soniamoura.com.br\/index.php?rest_route=%2Fwp%2Fv2%2Fcomments&post=206"}],"version-history":[{"count":0,"href":"http:\/\/www.soniamoura.com.br\/index.php?rest_route=\/wp\/v2\/posts\/206\/revisions"}],"wp:attachment":[{"href":"http:\/\/www.soniamoura.com.br\/index.php?rest_route=%2Fwp%2Fv2%2Fmedia&parent=206"}],"wp:term":[{"taxonomy":"category","embeddable":true,"href":"http:\/\/www.soniamoura.com.br\/index.php?rest_route=%2Fwp%2Fv2%2Fcategories&post=206"},{"taxonomy":"post_tag","embeddable":true,"href":"http:\/\/www.soniamoura.com.br\/index.php?rest_route=%2Fwp%2Fv2%2Ftags&post=206"}],"curies":[{"name":"wp","href":"https:\/\/api.w.org\/{rel}","templated":true}]}}