{"id":198,"date":"2008-05-08T14:13:38","date_gmt":"2008-05-08T18:13:38","guid":{"rendered":"http:\/\/www.soniamoura.com.br\/?p=198"},"modified":"2008-05-09T16:16:13","modified_gmt":"2008-05-09T20:16:13","slug":"invasao","status":"publish","type":"post","link":"http:\/\/www.soniamoura.com.br\/?p=198","title":{"rendered":"Invas\u00e3o"},"content":{"rendered":"<p><a HREF=\"http:\/\/www.soniamoura.com.br\/wp-content\/uploads\/2008\/05\/fome1.jpg\" TITLE=\"Fome\"><img SRC=\"http:\/\/www.soniamoura.com.br\/wp-content\/uploads\/2008\/05\/fome1.jpg\" ALT=\"Fome\" \/><\/a><em>Mianmar ainda rejeita avi\u00e3o com ajuda dos EUA, diz diplomata<\/em><br \/>\n<u>Por Aung Hla Tun  &#8211; quinta-feira, 8 de maio de 2008<\/u><\/p>\n<p><em>YANGON (Reuters) &#8211; Os Estados Unidos continuam esperando a aprova\u00e7\u00e3o de Mianmar para come\u00e7ar a enviar ajuda em avi\u00f5es militares \u00e0s v\u00edtimas do ciclone Nargis, disse na quinta-feira o embaixador norte-americano em Bangcoc, Eric John.<\/em><\/p>\n<p><em>&#8220;Hoje de manh\u00e3, n\u00f3s e nossos aliados tailandeses achamos que havia uma decis\u00e3o da lideran\u00e7a birmanesa de permitir a entrada do [cargueiro] C-130. Por enquanto n\u00e3o temos tal decis\u00e3o&#8221;, afirmou ele em entrevista coletiva.&#8221;N\u00e3o temos permiss\u00e3o ainda para que o C-130 entre, mas enfatizo o &#8216;ainda&#8221;&#8216;, acrescentou.\u201d<br \/>\n(http:\/\/br.reuters.com\/article\/worldNews\/ &#8211; via \u2013 www.niu.com.br)<\/p>\n<p><strong>Muitos, muitos mortos. Fome, mis\u00e9ria, doen\u00e7as. Tristeza! Tristeza!<\/strong><\/p>\n<p><strong>Enquanto isto, a intransig\u00eancia dos que governam Miamar n\u00e3o permitindo (ou aceitando) ajuda externa, s\u00f3 serve para complicar ainda mais a situa\u00e7\u00e3o, deixando, assim, que inocentes morram \u00e0 m\u00edngua.<\/strong><\/p>\n<p><\/em><strong>Agora a pergunta que n\u00e3o quer calar:<\/strong><\/p>\n<p><strong>Se invadiram o Iraque com prop\u00f3sitos t\u00e3o \u201cnobres\u201d, n\u00e3o era a hora de os\u00a0donos\u00a0do\u00a0mundo\u00a0 \u201c invadirem\u201d para salvar vidas?<\/strong><\/p>\n","protected":false},"excerpt":{"rendered":"<p>Mianmar ainda rejeita avi\u00e3o com ajuda dos EUA, diz diplomata Por Aung Hla Tun &#8211; quinta-feira, 8 de maio de 2008 YANGON (Reuters) &#8211; Os Estados Unidos continuam esperando a aprova\u00e7\u00e3o de Mianmar para come\u00e7ar a enviar ajuda em avi\u00f5es militares \u00e0s v\u00edtimas do ciclone Nargis, disse na quinta-feira o embaixador norte-americano em Bangcoc, Eric [&hellip;]<\/p>\n","protected":false},"author":1,"featured_media":0,"comment_status":"open","ping_status":"open","sticky":false,"template":"","format":"standard","meta":{"spay_email":"","jetpack_publicize_message":"","jetpack_is_tweetstorm":false},"categories":[5],"tags":[],"jetpack_featured_media_url":"","jetpack_publicize_connections":[],"jetpack_sharing_enabled":true,"jetpack_shortlink":"https:\/\/wp.me\/smZuW-invasao","jetpack-related-posts":[{"id":1220,"url":"http:\/\/www.soniamoura.com.br\/?p=1220","url_meta":{"origin":198,"position":0},"title":"GOTA D\u00b4\u00c1GUA","date":"29 abril 2010","format":false,"excerpt":"\u00a0 \u00a0 GOTA D\u00b4\u00c1GUA (por S\u00f4nia Moura) \u00a0 Maria acordou com l\u00e1grimas nos olhos, emba\u00e7ando o raiar do seu dia, era o cora\u00e7\u00e3o que lhe saltava pelos olhos. As coisas do cora\u00e7\u00e3o s\u00e3o, quase sempre, lan\u00e7adas ao mundo atrav\u00e9s dos nossos olhos ou dos nossos olhares, pois s\u00e3o eles que\u2026","rel":"","context":"Em &quot;Livros&quot;","img":{"alt_text":"","src":"","width":0,"height":0},"classes":[]},{"id":173,"url":"http:\/\/www.soniamoura.com.br\/?p=173","url_meta":{"origin":198,"position":1},"title":"ETERNAMENTE","date":"27 mar\u00e7o 2008","format":false,"excerpt":"Quinta-feira, 27\/03\/2008 \u00c9 proibido morrer em uma cidade da Fran\u00e7a \u201cO decreto do prefeito de Sarpourenx \u00e9 um protesto contra a decis\u00e3o da cidade vizinha de proibir a amplia\u00e7\u00e3o do cemit\u00e9rio para seus limites. Ele espera que os idosos tenham vida longa.\u201d[Compilado do site http:\/\/video.globo.com - via \u2013 www.niu.com.br] (UM\u2026","rel":"","context":"Com 2 coment\u00e1rios","img":{"alt_text":"","src":"","width":0,"height":0},"classes":[]},{"id":920,"url":"http:\/\/www.soniamoura.com.br\/?p=920","url_meta":{"origin":198,"position":2},"title":"TEMPO! TEMPO! TEMPO!","date":"30 setembro 2009","format":false,"excerpt":"\u00a0 TEMPO! TEMPO! TEMPO! (Autoria: S\u00f4nia Moura) \u00a0 Por ser multifacetado, o tempo \u00e9 crian\u00e7a, jovem, velho; \u00e9 tamb\u00e9m presente, passado e futuro, \u00e9 finito e infinito e pode ser\u00a0 longo ou curto. O tempo \u00e9 t\u00e3o poderoso que pode ser de espera ou de encontro, de alegria ou de\u2026","rel":"","context":"Em &quot;Mensagens&quot;","img":{"alt_text":"","src":"","width":0,"height":0},"classes":[]},{"id":2426,"url":"http:\/\/www.soniamoura.com.br\/?p=2426","url_meta":{"origin":198,"position":3},"title":"SEM AMANH\u00c3?","date":"9 setembro 2016","format":false,"excerpt":"Esmeralda disse \u00e0 Sofia que tinha certeza de que tudo estava acabado, n\u00e3o havia mais esperan\u00e7a, uma pena, pensou ela, porque ainda havia muito amor. A manh\u00e3 se prenunciara entre nuvens, mas um sol t\u00edmido come\u00e7ava a despertar, e, enquanto as ondas mexiam as areias, a saudade remexia os pensamentos\u2026","rel":"","context":"Em &quot;Contos&quot;","img":{"alt_text":"","src":"https:\/\/i2.wp.com\/www.soniamoura.com.br\/wp-content\/uploads\/2016\/09\/manh\u00c3\u00a32-255x300.jpg?resize=350%2C200","width":350,"height":200},"classes":[]},{"id":965,"url":"http:\/\/www.soniamoura.com.br\/?p=965","url_meta":{"origin":198,"position":4},"title":"AVES PERDIDAS","date":"26 outubro 2009","format":false,"excerpt":"\u00a0 \u00a0 \u00a0 \u00a0 \u00a0 \u00a0 \u00a0 \u00a0 \u00a0 \u00a0 \u00a0 \u00a0 \u00a0 \u00a0 \u00a0 \u00a0 \u00a0 \u00a0 \u00a0 \u00a0 \u00a0 \u00a0 \u00a0 \u00a0 \u00a0 \u00a0 \u00a0 \u00a0 \u00a0 \u00a0 \u00a0 AVES PERDIDAS\u00a0 (por S\u00f4nia Moura) \u00a0 Depois de um tempo sem fazer a caminhada matinal \u00e0 beira-mar, pois a\u2026","rel":"","context":"Em &quot;Blogroll&quot;","img":{"alt_text":"","src":"","width":0,"height":0},"classes":[]},{"id":44,"url":"http:\/\/www.soniamoura.com.br\/?p=44","url_meta":{"origin":198,"position":5},"title":"Viva!","date":"4 novembro 2007","format":false,"excerpt":"Fui \u00e0 passeata dos Zumbis. Gostei do que vi. Uma garotada divertindo-se, curtindo um dia que, por si s\u00f3, carrega nos tons da tristeza, e que eles davam novo tom, o tom da descontra\u00e7\u00e3o. Algumas pessoas que assistiam \u00e0 passeata, sugeriam que esta era, certamente, algum protesto: \"Acho que foram\u2026","rel":"","context":"Em &quot;R\u00e1pidas&quot;","img":{"alt_text":"","src":"","width":0,"height":0},"classes":[]}],"_links":{"self":[{"href":"http:\/\/www.soniamoura.com.br\/index.php?rest_route=\/wp\/v2\/posts\/198"}],"collection":[{"href":"http:\/\/www.soniamoura.com.br\/index.php?rest_route=\/wp\/v2\/posts"}],"about":[{"href":"http:\/\/www.soniamoura.com.br\/index.php?rest_route=\/wp\/v2\/types\/post"}],"author":[{"embeddable":true,"href":"http:\/\/www.soniamoura.com.br\/index.php?rest_route=\/wp\/v2\/users\/1"}],"replies":[{"embeddable":true,"href":"http:\/\/www.soniamoura.com.br\/index.php?rest_route=%2Fwp%2Fv2%2Fcomments&post=198"}],"version-history":[{"count":0,"href":"http:\/\/www.soniamoura.com.br\/index.php?rest_route=\/wp\/v2\/posts\/198\/revisions"}],"wp:attachment":[{"href":"http:\/\/www.soniamoura.com.br\/index.php?rest_route=%2Fwp%2Fv2%2Fmedia&parent=198"}],"wp:term":[{"taxonomy":"category","embeddable":true,"href":"http:\/\/www.soniamoura.com.br\/index.php?rest_route=%2Fwp%2Fv2%2Fcategories&post=198"},{"taxonomy":"post_tag","embeddable":true,"href":"http:\/\/www.soniamoura.com.br\/index.php?rest_route=%2Fwp%2Fv2%2Ftags&post=198"}],"curies":[{"name":"wp","href":"https:\/\/api.w.org\/{rel}","templated":true}]}}