{"id":194,"date":"2008-05-03T15:09:40","date_gmt":"2008-05-03T19:09:40","guid":{"rendered":"http:\/\/www.soniamoura.com.br\/?p=194"},"modified":"2008-05-29T09:34:54","modified_gmt":"2008-05-29T13:34:54","slug":"194","status":"publish","type":"post","link":"http:\/\/www.soniamoura.com.br\/?p=194","title":{"rendered":"FENDA"},"content":{"rendered":"<p><a TITLE=\"Fenda\" HREF=\"http:\/\/www.soniamoura.com.br\/wp-content\/uploads\/2008\/05\/fenda1.jpg\"><img ALT=\"Fenda\" SRC=\"http:\/\/www.soniamoura.com.br\/wp-content\/uploads\/2008\/05\/fenda1.jpg\" \/><\/a><\/p>\n<p><em> \u00a0[por S\u00f4nia Moura, em 03 de maio de 2008] <\/em><\/p>\n<p>O sucesso, a fama e o poder s\u00e3o fortes, muito fortes e \u00e9 esta for\u00e7a que, quase sempre, encaminha os incautos a pisarem em terrenos perigosos, caminhos tortuosos, becos escuros, quartos inseguros e salas repletas de tapetes com pontas levantadas e corredores estreitos com obst\u00e1culos espalhados pelo ch\u00e3o.<\/p>\n<p>Assim \u00e9 que os pobres seres al\u00e7ados \u00e0 gl\u00f3ria instant\u00e2nea se v\u00eaem jogados a feras famintas, a vampiros sedentos e a comandos inescrupulosos que lhes querem devorar a alma, enquanto comprimem seus c\u00e9rebros,  anulando sua capacidade de raciocinar, pensar e decidir. Deste modo, tudo\u00a0mais\u00a0ser\u00e1envolvido\u00a0e\u00a0real\u00e7ado pelo luxo, pelo glamour, pelas luzes da ribalta, por  flashes vorazes e por todas as facilidades que o dinheiro possa\u00a0lhes\u00a0oferecer.<\/p>\n<p>Ao longo da caminhada luxuosa, feita por aposentos dos castelos de areia, estes pobres indiv\u00edduos ricos se sentem vazios, abandonados e passam a viver os eternos dilemas dos famosos e endinheirados: -\u201c- Ser\u00e1 que ela\/ele me ama ou ama o meu dinheiro, minha fama? \u201c- Ele \u00e9 meu amigo?\/ Ela \u00e9 minha amiga ou pretende aparecer na m\u00eddia?\u201d E por a\u00ed vai&#8230;at\u00e9 que o t\u00e9dio e a solid\u00e3o do sucesso tomem conta do pobre menino\u00a0rico ou da pobre menina rica,     uma vez que estes, geralmente, n\u00e3 est\u00e3o preparados para entrar na seleta \u201csala vip da fama\u201d.<\/p>\n<p>Tudo isto porque ningu\u00e9m lhes disse que existe uma fenda na sala vip da fama,\u00a0e, neste\u00a0luxuoso\u00a0dique\u00a0que\u00a0pode\u00a0se\u00a0romper\u00a0a\u00a0qualquer\u00a0momento,\u00a0\u00a0as drogas, as loucuras, os exageros e  os aproveitadores est\u00e3o a espionar estas criaturas deslumbradas e perdidas em meio a montanhas de d\u00f3lares ou dentro de seus carros majestosos, enquanto, por outras fendas, a m\u00eddia os observa de forma atenta e impiedosa, pronta para lhes dar o bote certeiro.<\/p>\n<p>Ent\u00e3o&#8230; em algum momento, a fenda se romper\u00e1 de forma brutal e \u00e1guas lodosas inundar\u00e3o suas vidas.<\/p>\n<p>A maioria absoluta dos pobres meninos  ricos\/meninas ricas ser\u00e1 tragada pela inclemente correnteza de fatos, boatos e maldades arranjadas, neste mundo de fantasia que s\u00f3 lhes propagou as<strong> \u201ccaras\u201d<\/strong>, ignorando por completo suas <strong>almas.<\/strong><\/p>\n<p>Por favor,<strong> \u201csave their souls!\u201d<\/strong><\/p>\n<p><em>(A\u00a0um\u00a0menino\u00a0que\u00a0morou\u00a0em\u00a0Bento\u00a0Ribeiro,\u00a0Rio\u00a0de\u00a0Janeiro.)\u00a0<\/em><\/p>\n","protected":false},"excerpt":{"rendered":"<p>\u00a0[por S\u00f4nia Moura, em 03 de maio de 2008] O sucesso, a fama e o poder s\u00e3o fortes, muito fortes e \u00e9 esta for\u00e7a que, quase sempre, encaminha os incautos a pisarem em terrenos perigosos, caminhos tortuosos, becos escuros, quartos inseguros e salas repletas de tapetes com pontas levantadas e corredores estreitos com obst\u00e1culos espalhados [&hellip;]<\/p>\n","protected":false},"author":1,"featured_media":0,"comment_status":"open","ping_status":"open","sticky":false,"template":"","format":"standard","meta":{"spay_email":"","jetpack_publicize_message":"","jetpack_is_tweetstorm":false},"categories":[5],"tags":[],"jetpack_featured_media_url":"","jetpack_publicize_connections":[],"jetpack_sharing_enabled":true,"jetpack_shortlink":"https:\/\/wp.me\/smZuW-194","jetpack-related-posts":[{"id":1090,"url":"http:\/\/www.soniamoura.com.br\/?p=1090","url_meta":{"origin":194,"position":0},"title":"Di\u00e1logos entre as cavernas de Plat\u00e3o e Saramago -INTERTEXTU[ATUAL]IDADES","date":"3 janeiro 2010","format":false,"excerpt":"\u00a0 \u00a0 \u00a0Di\u00e1logos entre as cavernas de Plat\u00e3o e Saramago - INTERTEXTU[ATUAL]IDADES \u00a0 \u00a0(Autoria: S\u00f4nia Moura) \u00a0 Uma obra nunca pertence a um s\u00f3 autor, a um s\u00f3 \u201cdono\u201d, uma vez que este autor \u201cassocia-se\u201d a outros autores, leitores, textos, cita\u00e7\u00f5es, ditos populares e a intertextualiza\u00e7\u00e3o acontece, acrescentando algo novo\u2026","rel":"","context":"Em &quot;Ensaios&quot;","img":{"alt_text":"","src":"","width":0,"height":0},"classes":[]},{"id":1370,"url":"http:\/\/www.soniamoura.com.br\/?p=1370","url_meta":{"origin":194,"position":1},"title":"AMOR NA MADRUGADA","date":"3 outubro 2010","format":false,"excerpt":"\u00a0 AMOR NA MADRUGADA\u00a0 (Autoria: S\u00f4nia Moura) \u00a0 A madrugada vai alta e clara. Em frente ao hotel, o mar toca sua m\u00fasica para a lua se deleitar; no quarto, o casal dorme o sono dos amantes, aquele em que ambos sonham o mesmo sonho. Enla\u00e7ados, enredados e ado\u00e7ados pelo\u2026","rel":"","context":"Em &quot;Contos&quot;","img":{"alt_text":"","src":"","width":0,"height":0},"classes":[]},{"id":50,"url":"http:\/\/www.soniamoura.com.br\/?p=50","url_meta":{"origin":194,"position":2},"title":"Escravid\u00e3o","date":"7 novembro 2007","format":false,"excerpt":"\u201cGuardi\u00f5es da humanidade\u201d, nossos vizinhos do andar superior, com a superioridade delegada pelo poder econ\u00f4mico, comandam o mundo, fiscalizam, reprovam e exploram, de forma velada ou revelada todos os que est\u00e3o na parte de baixo do mapa ou abaixo do que se determinou como riqueza, a econ\u00f4mica. Ainda que, em\u2026","rel":"","context":"Em &quot;Mensagens&quot;","img":{"alt_text":"","src":"","width":0,"height":0},"classes":[]},{"id":2285,"url":"http:\/\/www.soniamoura.com.br\/?p=2285","url_meta":{"origin":194,"position":3},"title":"BICHO - PAP\u00c3O","date":"5 julho 2015","format":false,"excerpt":"Bicho-pap\u00e3o [por S\u00f4nia Moura] O MEDO \u00e9 uma das maiores armas de manipula\u00e7\u00e3o e de instaura\u00e7\u00e3o da inseguran\u00e7a, do afastamento da alegria e do prazer e, principalmente do \u00f3dio entre povos, cidades, pa\u00edses, vizinhos, irm\u00e3os. O medo aprisiona e torna credo os incautos; ele nos faz escravos, porque tem a\u2026","rel":"","context":"Em &quot;Mensagens&quot;","img":{"alt_text":"","src":"https:\/\/i0.wp.com\/www.soniamoura.com.br\/wp-content\/uploads\/2015\/07\/MEDO-300x201.jpg?resize=350%2C200","width":350,"height":200},"classes":[]},{"id":79,"url":"http:\/\/www.soniamoura.com.br\/?p=79","url_meta":{"origin":194,"position":4},"title":"A hist\u00f3ria de Lourival","date":"6 dezembro 2007","format":false,"excerpt":"Vou-lhes contar a hist\u00f3ria De um conhecido meu Seu nome \u00e9 Lourival Estranha a situa\u00e7\u00e3o Do meu amigo Lourival N\u00e3o sabia se era do bem Ou se amava o mal Coitado do Lourival Tudo o que lhe ensinado Parecia a ele dizer Que tudo do que ele gostava Era pecado\u00a0e\u00a0n\u00e3o\u00a0prazer,\u2026","rel":"","context":"Post similar","img":{"alt_text":"","src":"","width":0,"height":0},"classes":[]},{"id":137,"url":"http:\/\/www.soniamoura.com.br\/?p=137","url_meta":{"origin":194,"position":5},"title":"AMOR (mais que) PERFEITO","date":"15 fevereiro 2008","format":false,"excerpt":"Leiam essa not\u00edcia e sintam no ar o cheiro do amor de m\u00e3os dadas com a esperan\u00e7a. \u00a0 \u00a0\u00a0\u00a0\u00a0\u00a0\u00a0\u00a0\u00a0\u00a0\u00a0\u00a0\u00a0\u00a0\u00a0\u00a0\u00a0\u00a0\u00a0\u00a0\u00a0\u00a0\u00a0\u00a0\u00a0\u00a0\u00a0\u00a0\u00a0\u00a0\u00a0\u00a0\u00a0\u00a0\u00a0\u00a0 Rec\u00e9m-casados mais idosos do mundo viajam pela Irlanda \u00a0 Dublin, 14 fev (EFE) - Os dois somam 177 anos, o que lhes torna os rec\u00e9m-casados mais idosos do mundo, e querem\u2026","rel":"","context":"Post similar","img":{"alt_text":"","src":"","width":0,"height":0},"classes":[]}],"_links":{"self":[{"href":"http:\/\/www.soniamoura.com.br\/index.php?rest_route=\/wp\/v2\/posts\/194"}],"collection":[{"href":"http:\/\/www.soniamoura.com.br\/index.php?rest_route=\/wp\/v2\/posts"}],"about":[{"href":"http:\/\/www.soniamoura.com.br\/index.php?rest_route=\/wp\/v2\/types\/post"}],"author":[{"embeddable":true,"href":"http:\/\/www.soniamoura.com.br\/index.php?rest_route=\/wp\/v2\/users\/1"}],"replies":[{"embeddable":true,"href":"http:\/\/www.soniamoura.com.br\/index.php?rest_route=%2Fwp%2Fv2%2Fcomments&post=194"}],"version-history":[{"count":0,"href":"http:\/\/www.soniamoura.com.br\/index.php?rest_route=\/wp\/v2\/posts\/194\/revisions"}],"wp:attachment":[{"href":"http:\/\/www.soniamoura.com.br\/index.php?rest_route=%2Fwp%2Fv2%2Fmedia&parent=194"}],"wp:term":[{"taxonomy":"category","embeddable":true,"href":"http:\/\/www.soniamoura.com.br\/index.php?rest_route=%2Fwp%2Fv2%2Fcategories&post=194"},{"taxonomy":"post_tag","embeddable":true,"href":"http:\/\/www.soniamoura.com.br\/index.php?rest_route=%2Fwp%2Fv2%2Ftags&post=194"}],"curies":[{"name":"wp","href":"https:\/\/api.w.org\/{rel}","templated":true}]}}