{"id":187,"date":"2008-04-22T15:02:04","date_gmt":"2008-04-22T19:02:04","guid":{"rendered":"http:\/\/www.soniamoura.com.br\/?p=187"},"modified":"2008-04-26T09:43:21","modified_gmt":"2008-04-26T13:43:21","slug":"o-papel-do-papel","status":"publish","type":"post","link":"http:\/\/www.soniamoura.com.br\/?p=187","title":{"rendered":"O PAPEL DO PAPEL"},"content":{"rendered":"<p>\u00a0<a TITLE=\"ph1.jpg\" HREF=\"http:\/\/www.soniamoura.com.br\/wp-content\/uploads\/2008\/04\/ph1.jpg\"><img ALT=\"ph1.jpg\" SRC=\"http:\/\/www.soniamoura.com.br\/wp-content\/uploads\/2008\/04\/ph1.jpg\" \/><\/a><\/p>\n<p><strong>Leiam:<\/strong><\/p>\n<p><em>\u201cEmpresa lan\u00e7a papel higi\u00eanico liter\u00e1rio na Espanha\u201d [p<em>or Anelise Infante]<\/em><\/em><\/p>\n<p><em>\u201cO velho h\u00e1bito de ler no banheiro ganhou um componente moderno: o papel higi\u00eanico liter\u00e1rio.\u201d<\/em><\/p>\n<p><em>\u201cA empresa espanhola Empreendedores est\u00e1 lan\u00e7ando rolos de papel especial onde aparecem impressos cl\u00e1ssicos da literatura mundial para que o usu\u00e1rio v\u00e1 lendo enquanto permanecer no banheiro. O produto, vendido s\u00f3 atrav\u00e9s da internet, inclui trechos de literatura cl\u00e1ssica, teatro, poesia e at\u00e9 textos sagrados da B\u00edblia e do Budismo.&#8221;<\/em><\/p>\n<p><strong>http:\/\/www.bbc.co.uk\/portuguese\/reporterbbc\/story\/  &#8211; VIA &#8211;<u>  www.niu.com.br<\/u><\/strong><\/p>\n<p>Essa novidade, pode ser interessante, mas, certamente, ir\u00e1 gerar conflitos.<br \/>\nLer os textos gravados no papel higi\u00eancio?<br \/>\nA resposta pode ser \u2013Sim!<br \/>\nE depois?<br \/>\nDar a este papel higi\u00eanico, que cont\u00e9m tantos ensinamentos, sentimentos, alegrias ou ang\u00fastias, um papel \u201cmenos nobre\u201d?<br \/>\nPor outro lado, o papel do papel higi\u00eanico ser\u00e1 sempre o mesmo, e, reconhe\u00e7amos, \u00e9 de grande import\u00e2ncia. Mas&#8230; Ser\u00e1 que combina com a literatura?<br \/>\nEnt\u00e3o&#8230; o que fazer? Ler e us\u00e1-lo ou ler e guard\u00e1-lo sem uso?<br \/>\nAlgumas novidades, aparentemente interessantes, podem nos confundir.<\/p>\n<p>E como na vida, cada um tem o seu papel, deixem ao papel higi\u00eanico o direito de cumprir o seu papel.<\/p>\n","protected":false},"excerpt":{"rendered":"<p>\u00a0 Leiam: \u201cEmpresa lan\u00e7a papel higi\u00eanico liter\u00e1rio na Espanha\u201d [por Anelise Infante] \u201cO velho h\u00e1bito de ler no banheiro ganhou um componente moderno: o papel higi\u00eanico liter\u00e1rio.\u201d \u201cA empresa espanhola Empreendedores est\u00e1 lan\u00e7ando rolos de papel especial onde aparecem impressos cl\u00e1ssicos da literatura mundial para que o usu\u00e1rio v\u00e1 lendo enquanto permanecer no banheiro. O [&hellip;]<\/p>\n","protected":false},"author":1,"featured_media":0,"comment_status":"open","ping_status":"open","sticky":false,"template":"","format":"standard","meta":{"spay_email":"","jetpack_publicize_message":"","jetpack_is_tweetstorm":false},"categories":[1],"tags":[],"jetpack_featured_media_url":"","jetpack_publicize_connections":[],"jetpack_sharing_enabled":true,"jetpack_shortlink":"https:\/\/wp.me\/pmZuW-31","jetpack-related-posts":[{"id":886,"url":"http:\/\/www.soniamoura.com.br\/?p=886","url_meta":{"origin":187,"position":0},"title":"ARTE e FATOS - componentes narrativos","date":"6 setembro 2009","format":false,"excerpt":"\u00a0 ARTE e FATOS - COMPONENTES NARRATIVOS (Autoria: S\u00d4NIA MOURA) \u00a0 Apesar de somente \u00e0 Literatura ser atribu\u00eddo o poder \u201cdivino\u201d da arte, e, no dizer de Umberto Eco, ser a Literatura quase uma religi\u00e3o, enquanto para Paul Ricoeur \u00e0 Hist\u00f3ria caiba o papel de conferir uma ordem ao passado,\u2026","rel":"","context":"Em &quot;Ensaios&quot;","img":{"alt_text":"","src":"","width":0,"height":0},"classes":[]},{"id":324,"url":"http:\/\/www.soniamoura.com.br\/?p=324","url_meta":{"origin":187,"position":1},"title":"DUAS FAM\u00cdLIAS EM \"A  CAVERNA\" DE SARAMAGO","date":"20 agosto 2008","format":false,"excerpt":"\u00a0 \u00a0 \u00a0 \u00a0 \u00a0 \u00a0 \u00a0 \u00a0 \u00a0 \u00a0 \u00a0 \u00a0 \u00a0 \u00a0 \u00a0 \u00a0 \u00a0\u00a0 DUAS FAM\u00cdLIAS NA CAVERNA\u00a0 Um breve estudo sobre a fam\u00edlia de A Caverna, de Jos\u00e9 Saramago - [Autoria: S\u00d4NIA MOURA] Em A Caverna, Saramago nos traz o modelo da fam\u00edlia portuguesa do s\u00e9c.\u2026","rel":"","context":"Em &quot;Ensaios&quot;","img":{"alt_text":"","src":"","width":0,"height":0},"classes":[]},{"id":1108,"url":"http:\/\/www.soniamoura.com.br\/?p=1108","url_meta":{"origin":187,"position":2},"title":"CONTOS DE FADAS III","date":"13 janeiro 2010","format":false,"excerpt":"\u00a0 Contos de Fadas \u2013 III\u00a0 (Autoria: S\u00f4nia Moura) \u00a0Uma brev\u00edssima leitura de alguns contos de Marina Colasanti \u00a0Marina Colasanti nasceu em Asmara, 26 de setembro de 1937. \u00c9 uma escritora e jornalista \u00edtalo-brasileira nascida na ent\u00e3o col\u00f4nia italiana da Eritr\u00e9ia. Ainda crian\u00e7a sua fam\u00edlia voltou para a It\u00e1lia de\u2026","rel":"","context":"Em &quot;Ensaios&quot;","img":{"alt_text":"","src":"","width":0,"height":0},"classes":[]},{"id":1156,"url":"http:\/\/www.soniamoura.com.br\/?p=1156","url_meta":{"origin":187,"position":3},"title":"DESTINO","date":"4 mar\u00e7o 2010","format":false,"excerpt":"DESTINO (S\u00d4NIA MOURA N\u00e3o adianta correr, n\u00e3o adianta fugir O que est\u00e1 em teu destino \u00c9 teu papel a cumprir! pode badalar o sino A noite pode escurecer Ningu\u00e9m foge do destino Assim O que tiver no teu caminho S\u00f3 tu poder\u00e1s viver!","rel":"","context":"Em &quot;Poesias&quot;","img":{"alt_text":"","src":"","width":0,"height":0},"classes":[]},{"id":93,"url":"http:\/\/www.soniamoura.com.br\/?p=93","url_meta":{"origin":187,"position":4},"title":"O NATAL JAMAIS SER\u00c1 O MESMO","date":"25 dezembro 2007","format":false,"excerpt":"Pensava em minha inesquec\u00edvel amiga. Quanta saudade! Com ela aprendi tanto, e, infelizmente foi com sua partida que aprendi que a aus\u00eancia plantada pela morte \u00e9 cruel. Ah! Amiga, que falta voc\u00ea ainda me faz... Acho que pensei alto. - Ela deve ter sido algu\u00e9m muito importante, falou minha neta.\u2026","rel":"","context":"Em &quot;Contos&quot;","img":{"alt_text":"","src":"","width":0,"height":0},"classes":[]},{"id":540,"url":"http:\/\/www.soniamoura.com.br\/?p=540","url_meta":{"origin":187,"position":5},"title":"O ESPET\u00c1CULO DA PALAVRA","date":"9 dezembro 2008","format":false,"excerpt":"\u00a0 \u00a0 \u00a0 \u00a0 \u00a0 \u00a0 \u00a0 \u00a0 \u00a0 \u00a0 \u00a0 \u00a0 \u00a0 \u00a0 \u00a0 \u00a0 \u00a0 \u00a0 \u00a0 \u00a0 \u00a0 \u00a0 \u00a0 \u00a0 \u00a0 \u00a0 \u00a0 \u00a0 \u00a0 \u00a0 \u00a0 \u00a0 \u00a0 \u00a0 \u00a0 \u00a0 \u00a0 \u00a0 \u00a0 \u00a0\u00a0 O ESPET\u00c1CULO DA PALAVRA [Autoria: S\u00f4nia Moura] A palavra texto\u2026","rel":"","context":"Em &quot;Ensaios&quot;","img":{"alt_text":"","src":"","width":0,"height":0},"classes":[]}],"_links":{"self":[{"href":"http:\/\/www.soniamoura.com.br\/index.php?rest_route=\/wp\/v2\/posts\/187"}],"collection":[{"href":"http:\/\/www.soniamoura.com.br\/index.php?rest_route=\/wp\/v2\/posts"}],"about":[{"href":"http:\/\/www.soniamoura.com.br\/index.php?rest_route=\/wp\/v2\/types\/post"}],"author":[{"embeddable":true,"href":"http:\/\/www.soniamoura.com.br\/index.php?rest_route=\/wp\/v2\/users\/1"}],"replies":[{"embeddable":true,"href":"http:\/\/www.soniamoura.com.br\/index.php?rest_route=%2Fwp%2Fv2%2Fcomments&post=187"}],"version-history":[{"count":0,"href":"http:\/\/www.soniamoura.com.br\/index.php?rest_route=\/wp\/v2\/posts\/187\/revisions"}],"wp:attachment":[{"href":"http:\/\/www.soniamoura.com.br\/index.php?rest_route=%2Fwp%2Fv2%2Fmedia&parent=187"}],"wp:term":[{"taxonomy":"category","embeddable":true,"href":"http:\/\/www.soniamoura.com.br\/index.php?rest_route=%2Fwp%2Fv2%2Fcategories&post=187"},{"taxonomy":"post_tag","embeddable":true,"href":"http:\/\/www.soniamoura.com.br\/index.php?rest_route=%2Fwp%2Fv2%2Ftags&post=187"}],"curies":[{"name":"wp","href":"https:\/\/api.w.org\/{rel}","templated":true}]}}