{"id":186,"date":"2008-04-21T12:52:30","date_gmt":"2008-04-21T16:52:30","guid":{"rendered":"http:\/\/www.soniamoura.com.br\/?p=186"},"modified":"2008-04-21T12:52:30","modified_gmt":"2008-04-21T16:52:30","slug":"bem-querenca","status":"publish","type":"post","link":"http:\/\/www.soniamoura.com.br\/?p=186","title":{"rendered":"BEM-QUEREN\u00c7A"},"content":{"rendered":"<p><a TITLE=\"COMEMORA\u00c7\u00c3O\" HREF=\"http:\/\/www.soniamoura.com.br\/wp-content\/uploads\/2008\/04\/flowerb983.jpg\"><img ALT=\"COMEMORA\u00c7\u00c3O\" SRC=\"http:\/\/www.soniamoura.com.br\/wp-content\/uploads\/2008\/04\/flowerb983.jpg\" \/><\/a><\/p>\n<p>Presentes escondidos em lugares secretos<br \/>\nEmbrulhados pela emo\u00e7\u00e3o da gente<br \/>\nAlgo de sal para alimentar o corpo,<br \/>\nE uns docinhos em calda com um queijo branco<br \/>\nBalinhas, bal\u00f5es e um bom vinho<br \/>\nPara aninhar a alma e o cora\u00e7\u00e3o<br \/>\nL\u00e1 est\u00e3o onde  todos se encontram, riem<br \/>\nEnquanto olhos, olhares e luzes brilham em muitos c\u00e9us<br \/>\nPara a estrela da bem-queren\u00e7a (re)nascer<br \/>\nAmparada por sens\u00edveis ora\u00e7\u00f5es<br \/>\nEm forma de velhas can\u00e7\u00f5es.<\/p>\n<p>Fam\u00edlia reunida, amigos reunidos<br \/>\nFlores \u00famidas para o ambiente perfumar<br \/>\nCora\u00e7\u00f5es a se alegrar com a m\u00fasica que rola  sem parar<br \/>\nAplaudida por  risonhas vozes que se espalham pelo ar<\/p>\n<p>\u00c9 tempo de amor, \u00e9 tempo de amar<br \/>\n\u00c9 tempo de viver, \u00e9 tempo de se ver<\/p>\n<p>&#8211; Que tempo \u00e9 esse?<\/p>\n<p>&#8211; \u00c9 passado, \u00e9 futuro e \u00e9 presente<br \/>\nPois, para se fazer uma festa<br \/>\nBasta querer,  bem,<br \/>\nE bem-querer, tamb\u00e9m!<\/p>\n<p>[Do livro <strong>POEM\u00c1GICA<\/strong>  de<strong> S\u00f4nia Moura<\/strong>]<\/p>\n","protected":false},"excerpt":{"rendered":"<p>Presentes escondidos em lugares secretos Embrulhados pela emo\u00e7\u00e3o da gente Algo de sal para alimentar o corpo, E uns docinhos em calda com um queijo branco Balinhas, bal\u00f5es e um bom vinho Para aninhar a alma e o cora\u00e7\u00e3o L\u00e1 est\u00e3o onde todos se encontram, riem Enquanto olhos, olhares e luzes brilham em muitos c\u00e9us [&hellip;]<\/p>\n","protected":false},"author":1,"featured_media":0,"comment_status":"open","ping_status":"open","sticky":false,"template":"","format":"standard","meta":{"spay_email":"","jetpack_publicize_message":"","jetpack_is_tweetstorm":false},"categories":[2],"tags":[],"jetpack_featured_media_url":"","jetpack_publicize_connections":[],"jetpack_sharing_enabled":true,"jetpack_shortlink":"https:\/\/wp.me\/pmZuW-30","jetpack-related-posts":[{"id":65,"url":"http:\/\/www.soniamoura.com.br\/?p=65","url_meta":{"origin":186,"position":0},"title":"ZUMBI DOS PALMARES (ou NA MARRA 2)","date":"20 novembro 2007","format":false,"excerpt":"J\u00e1 faz um bom tempo que, na MARRA , tentaram \u201ccivilizar\u201d um negro batizado Francisco, mas que se imortalizou como ZUMBI, o Zumbi dos Palmares. O negro chamado Francisco aprendeu portugu\u00eas e latim e ajudava na celebra\u00e7\u00e3o da missa, cresceu forte e inteligente. Aos quinze anos Zumbi foi para um\u2026","rel":"","context":"Com 1 coment\u00e1rio","img":{"alt_text":"","src":"","width":0,"height":0},"classes":[]},{"id":583,"url":"http:\/\/www.soniamoura.com.br\/?p=583","url_meta":{"origin":186,"position":1},"title":"A PORTA SE ABRIU...","date":"3 janeiro 2009","format":false,"excerpt":"\u00a0 \u00a0 \u00a0 \u00a0 \u00a0 \u00a0 \u00a0 \u00a0\u00a0 A Porta se abriu... (Autoria: S\u00f4nia Moura) Era como se Elka estivesse em pleno deserto, um calor insuport\u00e1vel, a boca seca, a sede e a solid\u00e3o consumindo suas entranhas. Sozinha, era assim que se sentia, embora bastasse olhar pela janela para ver\u2026","rel":"","context":"Em &quot;Contos&quot;","img":{"alt_text":"","src":"","width":0,"height":0},"classes":[]},{"id":777,"url":"http:\/\/www.soniamoura.com.br\/?p=777","url_meta":{"origin":186,"position":2},"title":"PRESENTE NA SAUDADE","date":"22 junho 2009","format":false,"excerpt":"PRESENTE NA SAUDADE (Autoria: S\u00f4nia Moura) A um canto da sala, encolhida, Mariana curva-se ao peso daquela verdade. Sente-se desamparada, parecia que havia um punhal espetando o seu peito, ferindo-lhe n\u00e3o s\u00f3 o corpo, mas sua alma,.a vida e a sua mais linda hist\u00f3ria. Desolada, deixa os bra\u00e7os penderem-se ao\u2026","rel":"","context":"Em &quot;Contos&quot;","img":{"alt_text":"","src":"","width":0,"height":0},"classes":[]},{"id":174,"url":"http:\/\/www.soniamoura.com.br\/?p=174","url_meta":{"origin":186,"position":3},"title":"DICAS PARA O LAR","date":"30 mar\u00e7o 2008","format":false,"excerpt":"\u00a0 J\u00e1 faz um tempinho que, cheia de amor no cora\u00e7\u00e3o, escrevi essas \u201cdicas\u201d para ajudar uma menina rec\u00e9m-casada, n\u00e3o sei se ela aproveitou alguma dessas \u201cdicas\u201d e, hoje, me pergunto: Ser\u00e1 que isto ainda faz sentido? COZINHA 1 - Economize Tempo: a) Deixe potinhos na geladeira com temperos cortados:\u2026","rel":"","context":"Post similar","img":{"alt_text":"","src":"","width":0,"height":0},"classes":[]},{"id":1128,"url":"http:\/\/www.soniamoura.com.br\/?p=1128","url_meta":{"origin":186,"position":4},"title":"NUVENS","date":"28 janeiro 2010","format":false,"excerpt":"\u00a0 NUVENS (por S\u00d4NIA MOURA) \u00a0 Hoje, caminhando pelas areias de Copacabana, eu e meu querid\u00edssimo companheiro de andan\u00e7a, S\u00e9rgio, interrompemos nossa caminhada matinal e, literalmente, \u201cficamos nas nuvens\u201d. Gente, que c\u00e9u era aquele?\u00a0 Quem pintou aquelas nuvens? Quem estava nos presenteando e provocando tamanha emo\u00e7\u00e3o? Pasmados ante aquela beleza,\u2026","rel":"","context":"Em &quot;Mensagens&quot;","img":{"alt_text":"","src":"","width":0,"height":0},"classes":[]},{"id":1335,"url":"http:\/\/www.soniamoura.com.br\/?p=1335","url_meta":{"origin":186,"position":5},"title":"Rastos, Restos e Rostos","date":"31 agosto 2010","format":false,"excerpt":"\u00a0 Rastos, Restos e Rostos\u00a0 (Autoria:S\u00d4NIA MOURA) Vivera em tantos lugares, visitara tantos pa\u00edses, vivera tantos amores, nem ela sabia contabilizar seu passado. Oitenta anos, oitenta anos, como o tempo passa!\u00a0 Catarina sabia que o tempo \u00e9 apenas um representativo da realidade e que, o livro que conta esta hist\u00f3ria,\u2026","rel":"","context":"Em &quot;Contos&quot;","img":{"alt_text":"","src":"","width":0,"height":0},"classes":[]}],"_links":{"self":[{"href":"http:\/\/www.soniamoura.com.br\/index.php?rest_route=\/wp\/v2\/posts\/186"}],"collection":[{"href":"http:\/\/www.soniamoura.com.br\/index.php?rest_route=\/wp\/v2\/posts"}],"about":[{"href":"http:\/\/www.soniamoura.com.br\/index.php?rest_route=\/wp\/v2\/types\/post"}],"author":[{"embeddable":true,"href":"http:\/\/www.soniamoura.com.br\/index.php?rest_route=\/wp\/v2\/users\/1"}],"replies":[{"embeddable":true,"href":"http:\/\/www.soniamoura.com.br\/index.php?rest_route=%2Fwp%2Fv2%2Fcomments&post=186"}],"version-history":[{"count":0,"href":"http:\/\/www.soniamoura.com.br\/index.php?rest_route=\/wp\/v2\/posts\/186\/revisions"}],"wp:attachment":[{"href":"http:\/\/www.soniamoura.com.br\/index.php?rest_route=%2Fwp%2Fv2%2Fmedia&parent=186"}],"wp:term":[{"taxonomy":"category","embeddable":true,"href":"http:\/\/www.soniamoura.com.br\/index.php?rest_route=%2Fwp%2Fv2%2Fcategories&post=186"},{"taxonomy":"post_tag","embeddable":true,"href":"http:\/\/www.soniamoura.com.br\/index.php?rest_route=%2Fwp%2Fv2%2Ftags&post=186"}],"curies":[{"name":"wp","href":"https:\/\/api.w.org\/{rel}","templated":true}]}}