{"id":182,"date":"2008-04-15T09:56:26","date_gmt":"2008-04-15T13:56:26","guid":{"rendered":"http:\/\/www.soniamoura.com.br\/?p=182"},"modified":"2008-04-15T10:06:30","modified_gmt":"2008-04-15T14:06:30","slug":"a-flor-da-morte","status":"publish","type":"post","link":"http:\/\/www.soniamoura.com.br\/?p=182","title":{"rendered":"A FLOR DA MORTE"},"content":{"rendered":"<p><a HREF=\"http:\/\/www.soniamoura.com.br\/wp-content\/uploads\/2008\/04\/flordamorte1.jpg\" TITLE=\"flordamorte1.jpg\"><img SRC=\"http:\/\/www.soniamoura.com.br\/wp-content\/uploads\/2008\/04\/flordamorte1.jpg\" ALT=\"flordamorte1.jpg\" \/><\/a><\/p>\n<p>Morava \u00e0 beira mar, numa cidade pequenina, aconchegante, onde a vida passava devagar. Tudo era muito calmo, somente o sino da igreja quebrava o quase sil\u00eancio daquele lugar.<\/p>\n<p>Um dia, no pequeno lugarejo, surge um construtor \u00e1vido por lucros e resolve promover a cidade: novas constru\u00e7\u00f5es, novos projetos, tudo, tudo novo.\u00a0Foi\u00a0neste\u00a0momento\u00a0que\u00a0o\u00a0\u00a0destino\u00a0resolveu trabalhar e tudo mudar. Para melhor? Para pior? Dif\u00edcil dizer.<\/p>\n<p>Para alguns, o lucro r\u00e1pido e a ascens\u00e3o econ\u00f4mica, pol\u00edtica e social era a certeza de que a mudan\u00e7a foi ben\u00e9fica, ao menos para suas contas banc\u00e1rias. Outros, menos afortunados, queixavam-se que a paz se afastou da cidade, quando muitos estranhos l\u00e1 aportaram.<\/p>\n<p>Mas, para Clara, pouco importava o que estava acontecendo, pois  a mo\u00e7a tinha o seu jardim secreto, onde somente ela poderia chegar. Clara julgava-se protegida contra todas as mudan\u00e7as.<\/p>\n<p>Mas,  haver\u00e1 esconderijo para Eros ou para T\u00e2natos?<\/p>\n<p>Ao\u00a0conhecer Francisco, homem vivido e sedutor, Clara deixou-se levar por sua l\u00e1bia e deixou-o penetrar no seu jardim secreto. Ele colheu a rosa que queria, presenteou-a com uma conta cinza, cor da desesperan\u00e7a e do desespero e, depois, partiu sem dizer adeus.<\/p>\n<p>Assim \u00e9 que Eros deu lugar a T\u00e2natos no jardim secreto de Clara, tomando conta de sua vida para sempre e,  a partir daquele abandono sem nenhuma explica\u00e7\u00e3o, um cora\u00e7\u00e3o estra\u00e7alhado foi plantado no jardim, agora j\u00e1 n\u00e3o mais secreto, e naquele lugar,  uma flor,  em forma de cora\u00e7\u00e3o\u00a0e\u00a0 com as p\u00e9talas partidas, nasce todo os anos, sempre\u00a0no dia 21 de agosto.<\/p>\n<p>[Do livro <strong>CONTOS e CONTAS<\/strong>, de <strong>S\u00d4NIA MOURA<\/strong>]<\/p>\n","protected":false},"excerpt":{"rendered":"<p>Morava \u00e0 beira mar, numa cidade pequenina, aconchegante, onde a vida passava devagar. Tudo era muito calmo, somente o sino da igreja quebrava o quase sil\u00eancio daquele lugar. Um dia, no pequeno lugarejo, surge um construtor \u00e1vido por lucros e resolve promover a cidade: novas constru\u00e7\u00f5es, novos projetos, tudo, tudo novo.\u00a0Foi\u00a0neste\u00a0momento\u00a0que\u00a0o\u00a0\u00a0destino\u00a0resolveu trabalhar e tudo mudar. [&hellip;]<\/p>\n","protected":false},"author":1,"featured_media":0,"comment_status":"open","ping_status":"open","sticky":false,"template":"","format":"standard","meta":{"spay_email":"","jetpack_publicize_message":"","jetpack_is_tweetstorm":false},"categories":[3],"tags":[],"jetpack_featured_media_url":"","jetpack_publicize_connections":[],"jetpack_sharing_enabled":true,"jetpack_shortlink":"https:\/\/wp.me\/pmZuW-2W","jetpack-related-posts":[{"id":42,"url":"http:\/\/www.soniamoura.com.br\/?p=42","url_meta":{"origin":182,"position":0},"title":"Lenda de uma Paix\u00e3o","date":"2 novembro 2007","format":false,"excerpt":"[Do livro PALAVRAS CR\u00d4NICAS, de S\u00f4nia moura} Solit\u00e1ria, a gaivota pousou num peda\u00e7o de pau fincado \u00e0 margem do rio. A tarde estava no fim. Os olhos cansados da jovem apaixonada percorreram as montanhas, seu suspiro profundo ecoou no ar, soltou-se do peito e alargou-se em pranto. As l\u00e1grimas jogavam-se\u2026","rel":"","context":"Em &quot;Contos&quot;","img":{"alt_text":"","src":"","width":0,"height":0},"classes":[]},{"id":1370,"url":"http:\/\/www.soniamoura.com.br\/?p=1370","url_meta":{"origin":182,"position":1},"title":"AMOR NA MADRUGADA","date":"3 outubro 2010","format":false,"excerpt":"\u00a0 AMOR NA MADRUGADA\u00a0 (Autoria: S\u00f4nia Moura) \u00a0 A madrugada vai alta e clara. Em frente ao hotel, o mar toca sua m\u00fasica para a lua se deleitar; no quarto, o casal dorme o sono dos amantes, aquele em que ambos sonham o mesmo sonho. Enla\u00e7ados, enredados e ado\u00e7ados pelo\u2026","rel":"","context":"Em &quot;Contos&quot;","img":{"alt_text":"","src":"","width":0,"height":0},"classes":[]},{"id":1093,"url":"http:\/\/www.soniamoura.com.br\/?p=1093","url_meta":{"origin":182,"position":2},"title":"ORACULAR","date":"5 janeiro 2010","format":false,"excerpt":"\u00a0 \u00a0 Oracular\u00a0 (Autoria: S\u00f4nia Moura) \u00a0 Era um famoso or\u00e1culo, lidava com numerologia, tar\u00f4 e astrologia, num fim de tarde de um ver\u00e3o escaldante foi visitado por um representante de um novo grupo de rock,\u00a0 a fim de que ela fizesse um estudo numerol\u00f3gico de dois nomes, pois um\u2026","rel":"","context":"Em &quot;Contos&quot;","img":{"alt_text":"","src":"","width":0,"height":0},"classes":[]},{"id":38,"url":"http:\/\/www.soniamoura.com.br\/?p=38","url_meta":{"origin":182,"position":3},"title":"AMAI-VOS!","date":"30 outubro 2007","format":false,"excerpt":"A qualquer um que tenha o m\u00ednimo de bom senso e sensibilidade, assustam e preocupam comportamentos e atitudes de sociedades que se dizem crist\u00e3s,\u00a0 mas que, certamente, alguns de seus membros desconhecem um dos grandes ensinamentos do Mestre que diz: \u201cAmai-vos uns aos outros como eu vos amei\u201d (Jo 13,34)\u2026","rel":"","context":"Em &quot;Mensagens&quot;","img":{"alt_text":"","src":"","width":0,"height":0},"classes":[]},{"id":2498,"url":"http:\/\/www.soniamoura.com.br\/?p=2498","url_meta":{"origin":182,"position":4},"title":"PODEROSA DEUSA","date":"3 abril 2018","format":false,"excerpt":"PODEROSA DEUSA Encontrei Atena Com as antenas ligadas E ela me falou assim: - \u00c9 por isso que Quando alguma coisa me enerva, Quem n\u00e3o sabe da minha hist\u00f3ria, Insiste em me chamar de Minerva Veja bem, nasci em toda a gl\u00f3ria, Sou filha de Zeus e M\u00e9tis Que, transformada\u2026","rel":"","context":"Em &quot;Livros&quot;","img":{"alt_text":"","src":"https:\/\/i2.wp.com\/www.soniamoura.com.br\/wp-content\/uploads\/2018\/04\/atena-3.jpg?resize=350%2C200","width":350,"height":200},"classes":[]},{"id":332,"url":"http:\/\/www.soniamoura.com.br\/?p=332","url_meta":{"origin":182,"position":5},"title":"O DONO DO BANCO","date":"30 agosto 2008","format":false,"excerpt":"O Dono do Banco (Autoria: S\u00d4NIA MOURA) Era pessoa importante. Todos o conheciam e todos (ou quase todos), naquela cidade, deviam a ele. A bem da verdade, n\u00e3o tinha mesmo como escapar, por isso os moradores confessavam abertamente sua depend\u00eancia em rela\u00e7\u00e3o \u00e0quele homem. Ele era bondoso, por isso todos\u2026","rel":"","context":"Em &quot;Contos&quot;","img":{"alt_text":"","src":"","width":0,"height":0},"classes":[]}],"_links":{"self":[{"href":"http:\/\/www.soniamoura.com.br\/index.php?rest_route=\/wp\/v2\/posts\/182"}],"collection":[{"href":"http:\/\/www.soniamoura.com.br\/index.php?rest_route=\/wp\/v2\/posts"}],"about":[{"href":"http:\/\/www.soniamoura.com.br\/index.php?rest_route=\/wp\/v2\/types\/post"}],"author":[{"embeddable":true,"href":"http:\/\/www.soniamoura.com.br\/index.php?rest_route=\/wp\/v2\/users\/1"}],"replies":[{"embeddable":true,"href":"http:\/\/www.soniamoura.com.br\/index.php?rest_route=%2Fwp%2Fv2%2Fcomments&post=182"}],"version-history":[{"count":0,"href":"http:\/\/www.soniamoura.com.br\/index.php?rest_route=\/wp\/v2\/posts\/182\/revisions"}],"wp:attachment":[{"href":"http:\/\/www.soniamoura.com.br\/index.php?rest_route=%2Fwp%2Fv2%2Fmedia&parent=182"}],"wp:term":[{"taxonomy":"category","embeddable":true,"href":"http:\/\/www.soniamoura.com.br\/index.php?rest_route=%2Fwp%2Fv2%2Fcategories&post=182"},{"taxonomy":"post_tag","embeddable":true,"href":"http:\/\/www.soniamoura.com.br\/index.php?rest_route=%2Fwp%2Fv2%2Ftags&post=182"}],"curies":[{"name":"wp","href":"https:\/\/api.w.org\/{rel}","templated":true}]}}