{"id":180,"date":"2008-04-04T12:37:41","date_gmt":"2008-04-04T16:37:41","guid":{"rendered":"http:\/\/www.soniamoura.com.br\/?p=180"},"modified":"2008-04-11T00:15:25","modified_gmt":"2008-04-11T04:15:25","slug":"eu-tenho-um-sonho","status":"publish","type":"post","link":"http:\/\/www.soniamoura.com.br\/?p=180","title":{"rendered":"&#8220;EU TENHO UM SONHO&#8221;!"},"content":{"rendered":"<p><a HREF=\"http:\/\/www.soniamoura.com.br\/wp-content\/uploads\/2008\/04\/corentes1.jpg\" TITLE=\"acorrentados\"><img SRC=\"http:\/\/www.soniamoura.com.br\/wp-content\/uploads\/2008\/04\/corentes1.thumbnail.jpg\" ALT=\"acorrentados\" \/><\/a><\/p>\n<p>Ao ler, pela internet,\u00a0um\u00a0informativo sobre a hist\u00f3ria da luta dos negros nos Estados Unidos, em que os nomes de seus l\u00edderes se mostra, pensei:\u00a0\u00a0&#8211; Certamente haver\u00e1 algo na internet sobre a lideran\u00e7a ou sobre os l\u00edderes negros no Brasil.<\/p>\n<p>No entanto, o que encontrei foi desanimador e triste, ou seja, encontrei quase nada.<\/p>\n<p>Num dosites encontrei uma pesquisa, cuja pergunta era: <strong>\u201cQuais os l\u00edderes negros que mais se destacaram?\u201d<\/strong> , assim mesmo, sem dizer \u00e9poca ou pa\u00eds.<\/p>\n<p>A maioria absoluta dos internautas respondeu \u00e0 pergunta citando nomes como: <em>Kunta Kint\u00ea, Malcolm X, , Idi Amin Dada, Touissant Louverture, Nelson Mandela, Patrice Lumumba, Martin Luther King, Agostinho Neto, Kwame Nkrumah.<\/em><\/p>\n<p><strong>E os  l\u00edderes negros brasileiros?<\/strong><br \/>\nAh! Que decep\u00e7\u00e3o, apareceram somente em cinco respostas, eis algumas delas (Como esclarecimento, um  pouco sobre os brasileiros citados):<\/p>\n<p><strong>R &#8211; &#8230; um cabo da marinha conhecido como almirante negro na \u00e9poca da Revolta da Chibata<\/strong><\/p>\n<p><strong>Jo\u00e3o C\u00e2ndido e A Revolta da Chibata<\/strong>: Os marinheiros nacionais, quase todos negros ou mulatos comandados por uma oficialidade branca, em contato cotidiano com as marinhas de pa\u00edses mais desenvolvidos \u00e0 \u00e9poca, n\u00e3o podiam deixar de notar que as mesmas n\u00e3o mais adotavam esse tipo de puni\u00e7\u00e3o em suas belonaves, considerada como degradante. O uso de castigos f\u00edsicos era semelhante aos maus-tratos da escravid\u00e3o, abolida no pa\u00eds desde 1888.<\/p>\n<p><strong>R &#8211; No Brasil: &#8211; Zumbi, l\u00edder do Quilomobo dos Palmares (1695) e o &#8211; Mestre-de-Campo HENRIQUE DIAS, comandante de um Ter\u00e7o, que combateu os holandeses, em Pernambuco<\/strong><\/p>\n<p><strong>Zumbi dos Palmares:<\/strong> Zumbi nasceu livre em Palmares, Pernambuco, no ano de 1655, mas foi capturado e entregue a um mission\u00e1rio portugu\u00eas quando tinha aproximadamente seis anos. Batizado &#8220;Francisco&#8221;, Zumbi recebeu os sacramentos, aprendeu portugu\u00eas e latim, e ajudava diariamente na celebra\u00e7\u00e3o da missa. Apesar das tentativas de torn\u00e1-lo &#8220;civilizado&#8221;, Zumbi escapou em 1670 e, com quinze anos, retornou ao seu local de origem. Zumbi se tornou conhecido pela sua destreza e ast\u00facia na luta e j\u00e1 era um estrategista militar respeit\u00e1vel quando chegou aos vinte e poucos anos.<\/p>\n<p><strong>Henrique Dias<\/strong>: Devido aos servi\u00e7os prestados, recebeu t\u00edtulos de fidalgo, a merc\u00ea do H\u00e1bito da Ordem de Cristo e a patente de Mestre-de-Campo. Conhecido como Governador dos crioulos, pretos e mulatos do Brasil, envolveu-se ainda na repress\u00e3o a quilombos, tendo sido cogitado pelo Vice-Rei Marqu\u00eas de Montalv\u00e3o, em novembro de 1640, para combater um quilombo no sert\u00e3o da Bahia, o que foi recusado pelos vereadores de Salvador. Como Mestre-de-Campo, comandou o Ter\u00e7o de afro-brasileiros do Ex\u00e9rcito Patriota nas duas batalhas dos Guararapes (1648 e 1649), vindo a falecer em 1662, oito anos ap\u00f3s a vit\u00f3ria sobre os holandeses<\/p>\n<p><strong>R &#8211; &#8230; como desportista o Pel\u00e9.<\/strong><\/p>\n<p><strong>Pel\u00e9:<\/strong> Recebeu o t\u00edtulo de Atleta do S\u00e9culo de todos os esportes em 15 de maio de 1981, eleito pelo jornal franc\u00eas L&#8217;Equipe. No final de 1999, o COI, atrav\u00e9s de uma vota\u00e7\u00e3o internacional entre todos os Comit\u00eas Ol\u00edmpicos Nacionais associados, tamb\u00e9m elegeu Pel\u00e9 o &#8220;Atleta do S\u00e9culo&#8221;.<\/p>\n<p><strong>EU TENHO UM SONHO&#8230;<\/strong><br \/>\nDesejo que tamb\u00e9m surja em meu pa\u00eds um KING, e, com a mesma paz, o mesmo amor e a mesma serenidade do pequeno \u2013 grande Gandhi, deixe entreabrir muitas, mas muitas Rosas nos parques, e que nossas crian\u00e7as venham a sentir orgulho de sua cor, seja ela, branca, amarela, vermelha ou negra.<br \/>\nA cor da pele realmente n\u00e3o importa, porque todos precisamos nos conhecer, criar la\u00e7os, construir identidades.<br \/>\nTodos precisamos nos reconhecer, por\u00e9m, o apagamento da imagem, o sil\u00eancio da verdade ou a reclus\u00e3o hist\u00f3rica, embota a luz que deve brotar naturalmente em todos n\u00f3s quando pensarmos em nossa hist\u00f3ria de vida e em nossos antepassados. Assim, que os nomes de negros, brancos e \u00edndios do nosso Brasil, possam ser mostrados, para que todos venhamos entender que vivemos sob a luz da mesma bandeira.<\/p>\n<p><strong>EU TENHO UM SONHO&#8230;<\/strong><\/p>\n<p>Um dia  iremos entender que, neste planeta, s\u00f3 existe uma ra\u00e7a: A RA\u00c7A HUMANA, e todos somos iguais, ao menos, nesta classifica\u00e7\u00e3o: somos humanos, demasiadamente humanos! Assim, ao menos biol\u00f3gica e sociologicamente  estaremos todos acorrentados uns aos outros, sempre, sempre.<\/p>\n","protected":false},"excerpt":{"rendered":"<p>Ao ler, pela internet,\u00a0um\u00a0informativo sobre a hist\u00f3ria da luta dos negros nos Estados Unidos, em que os nomes de seus l\u00edderes se mostra, pensei:\u00a0\u00a0&#8211; Certamente haver\u00e1 algo na internet sobre a lideran\u00e7a ou sobre os l\u00edderes negros no Brasil. No entanto, o que encontrei foi desanimador e triste, ou seja, encontrei quase nada. Num dosites [&hellip;]<\/p>\n","protected":false},"author":1,"featured_media":0,"comment_status":"open","ping_status":"open","sticky":false,"template":"","format":"standard","meta":{"spay_email":"","jetpack_publicize_message":"","jetpack_is_tweetstorm":false},"categories":[5],"tags":[],"jetpack_featured_media_url":"","jetpack_publicize_connections":[],"jetpack_sharing_enabled":true,"jetpack_shortlink":"https:\/\/wp.me\/pmZuW-2U","jetpack-related-posts":[{"id":486,"url":"http:\/\/www.soniamoura.com.br\/?p=486","url_meta":{"origin":180,"position":0},"title":"VALEU, ZUMBI!","date":"20 novembro 2008","format":false,"excerpt":"VALEU, ZUMBI! \u00a0[por S\u00d4NIA MOURA] \u00a0 Muitas s\u00e3o as dificuldades enfrentadas pela popula\u00e7\u00e3o negra no Brasil, para derrubar barreiras, caminhar com liberdade, ter orgulho da cor e da heran\u00e7a africana. Falta \u00e0 grande maioria destes brasileiros algo muito importante: a consci\u00eancia de sua negritude, o que pode ser definido assim:\u2026","rel":"","context":"Post similar","img":{"alt_text":"","src":"","width":0,"height":0},"classes":[]},{"id":1020,"url":"http:\/\/www.soniamoura.com.br\/?p=1020","url_meta":{"origin":180,"position":1},"title":"VALEU ZUMBI! VALEU BESOURO! VALEU MESTRE AL\u00cdPIO!","date":"21 novembro 2009","format":false,"excerpt":"\u00a0VALEU ZUMBI! VALEU BESOURO! VALEU MESTRE AL\u00cdPIO! (Autoria: S\u00f4nia Moura) \u00a0 A bem da verdade muitos s\u00e3o os nomes de her\u00f3is an\u00f4nimos que resistiram bravamente, lutando contra a imbecilidade da escravid\u00e3o. Homens e mulheres \u201cnegros como a noite\u201d guerrearam, como puderam, pelo seu povo, t\u00e3o injusti\u00e7ado e massacrado. Tenho certeza\u2026","rel":"","context":"Em &quot;Mensagens&quot;","img":{"alt_text":"","src":"","width":0,"height":0},"classes":[]},{"id":65,"url":"http:\/\/www.soniamoura.com.br\/?p=65","url_meta":{"origin":180,"position":2},"title":"ZUMBI DOS PALMARES (ou NA MARRA 2)","date":"20 novembro 2007","format":false,"excerpt":"J\u00e1 faz um bom tempo que, na MARRA , tentaram \u201ccivilizar\u201d um negro batizado Francisco, mas que se imortalizou como ZUMBI, o Zumbi dos Palmares. O negro chamado Francisco aprendeu portugu\u00eas e latim e ajudava na celebra\u00e7\u00e3o da missa, cresceu forte e inteligente. Aos quinze anos Zumbi foi para um\u2026","rel":"","context":"Com 1 coment\u00e1rio","img":{"alt_text":"","src":"","width":0,"height":0},"classes":[]},{"id":432,"url":"http:\/\/www.soniamoura.com.br\/?p=432","url_meta":{"origin":180,"position":3},"title":"HODIERNO","date":"28 outubro 2008","format":false,"excerpt":"HODIERNO Leiam com muita aten\u00e7\u00e3o: \u201c WASHINGTON (AFP) - Dois jovens neonazistas foram presos no Tennessee (sul dos Estados Unidos) por terem proferido amea\u00e7as de morte contra o candidato democrata \u00e0 Casa Branca, Barack Obama, segundo documentos da Justi\u00e7a dos quais a AFP obteve uma c\u00f3pia nesta segunda-feira.De acordo com\u2026","rel":"","context":"Post similar","img":{"alt_text":"","src":"","width":0,"height":0},"classes":[]},{"id":2052,"url":"http:\/\/www.soniamoura.com.br\/?p=2052","url_meta":{"origin":180,"position":4},"title":"Estado, Sociedade e Universidade - Sistema de COTAS","date":"8 janeiro 2014","format":false,"excerpt":"\u00a0 Estado, Sociedade e Universidade - Sistema de COTAS Autoria: S\u00f4nia Moura INTRODU\u00c7\u00c3O O assunto proposto para esse f\u00f3rum - Sistema de Cotas - \u00e9 delicado, dif\u00edcil, complexo e extremamente importante. A primeira proposta de leitura e reflex\u00e3o: Universidade e Sociedade nos convoca a pensar no distanciamento existente entre essas\u2026","rel":"","context":"Em &quot;Ensaios&quot;","img":{"alt_text":"","src":"","width":0,"height":0},"classes":[]},{"id":746,"url":"http:\/\/www.soniamoura.com.br\/?p=746","url_meta":{"origin":180,"position":5},"title":"BRASIL - COTA POR COTA...","date":"17 maio 2009","format":false,"excerpt":"\u00a0 \u00a0 \u00a0 \u00a0 \u00a0 \u00a0 \u00a0 \u00a0 \u00a0 \u00a0 \u00a0 \u00a0 \u00a0 \u00a0 \u00a0 \u00a0 \u00a0 \u00a0 \u00a0 \u00a0 \u00a0 \u00a0 \u00a0 \u00a0 \u00a0 \u00a0 \u00a0 \u00a0 \u00a0 \u00a0 \u00a0 \u00a0 \u00a0 \u00a0 \u00a0 \u00a0 \u00a0 \u00a0 BRASIL \u2013 COTA POR COTA... (Autoria: S\u00f4nia Moura) A hist\u00f3ria da educa\u00e7\u00e3o\u2026","rel":"","context":"Em &quot;Ensaios&quot;","img":{"alt_text":"","src":"","width":0,"height":0},"classes":[]}],"_links":{"self":[{"href":"http:\/\/www.soniamoura.com.br\/index.php?rest_route=\/wp\/v2\/posts\/180"}],"collection":[{"href":"http:\/\/www.soniamoura.com.br\/index.php?rest_route=\/wp\/v2\/posts"}],"about":[{"href":"http:\/\/www.soniamoura.com.br\/index.php?rest_route=\/wp\/v2\/types\/post"}],"author":[{"embeddable":true,"href":"http:\/\/www.soniamoura.com.br\/index.php?rest_route=\/wp\/v2\/users\/1"}],"replies":[{"embeddable":true,"href":"http:\/\/www.soniamoura.com.br\/index.php?rest_route=%2Fwp%2Fv2%2Fcomments&post=180"}],"version-history":[{"count":0,"href":"http:\/\/www.soniamoura.com.br\/index.php?rest_route=\/wp\/v2\/posts\/180\/revisions"}],"wp:attachment":[{"href":"http:\/\/www.soniamoura.com.br\/index.php?rest_route=%2Fwp%2Fv2%2Fmedia&parent=180"}],"wp:term":[{"taxonomy":"category","embeddable":true,"href":"http:\/\/www.soniamoura.com.br\/index.php?rest_route=%2Fwp%2Fv2%2Fcategories&post=180"},{"taxonomy":"post_tag","embeddable":true,"href":"http:\/\/www.soniamoura.com.br\/index.php?rest_route=%2Fwp%2Fv2%2Ftags&post=180"}],"curies":[{"name":"wp","href":"https:\/\/api.w.org\/{rel}","templated":true}]}}