{"id":166,"date":"2008-03-20T09:42:00","date_gmt":"2008-03-20T13:42:00","guid":{"rendered":"http:\/\/www.soniamoura.com.br\/?p=166"},"modified":"2008-03-20T09:50:23","modified_gmt":"2008-03-20T13:50:23","slug":"essas-mal-tracadas-linhas","status":"publish","type":"post","link":"http:\/\/www.soniamoura.com.br\/?p=166","title":{"rendered":"ESSAS MAL TRA\u00c7ADAS LINHAS&#8230;"},"content":{"rendered":"<p><a HREF=\"http:\/\/www.soniamoura.com.br\/wp-content\/uploads\/2008\/03\/cartaamor1.jpg\" TITLE=\"carta de amor\"><img SRC=\"http:\/\/www.soniamoura.com.br\/wp-content\/uploads\/2008\/03\/cartaamor1.jpg\" ALT=\"carta de amor\" \/><\/a><br \/>\nCom o papel amarelecido pelo tempo em suas m\u00e3os enrugadas, tamb\u00e9m  pelo tempo, Marieta relia, mais uma vez,  aquelas<em> mal tra\u00e7adas linhas.<\/em><\/p>\n<p>Nestes momentos, Marieta voltava a ser a jovem que viajava para tempos que l\u00e1 se v\u00e3o, quando computador, e.mail e celulares sequer passavam por nossas mais loucas fantasias, sonhos, del\u00edrios, desejos e outros quetais, pensou. Um tempo no qual muitas cartas de amor, de qualquer forma de amor, come\u00e7avam assim:<em> \u201cTomo da pena e do papel para escrever essas mal tra\u00e7adas linhas&#8230;\u201d<\/em>, que, ali\u00e1s, n\u00e3o eram t\u00e3o mal tra\u00e7adas assim, concluiu Marieta.<\/p>\n<p>Um sorriso p\u00e1lido emoldurou-lhe a face e iluminou-lhe o olhar, trazendo do passado a jovem que esperava no port\u00e3o a chegada do senhor Marcolino, o carteiro do vilarejo, onde morava a<em> ilustre dama<\/em>. <em>Ilustre Dama<\/em>, era assim que a ela se dirigia o<em> cavalheiro,<\/em> dono de seu cora\u00e7\u00e3o.<\/p>\n<p>A mem\u00f3ria afetiva da <em>ilustre dama<\/em> trouxe do fundo do ba\u00fa da saudade a imagem do<em> jovem donairoso,<\/em> com seu <em>majestoso bigode<\/em> e suas roupas elegantes. Marieta, agora, via-o curvar-se, beijando-lhe a m\u00e3o, num gesto galanteador, bastante envolvente.<\/p>\n<p>&#8211;\t&#8211; Meu Deus, tanto tempo se passou. Por onde andar\u00e1 Ricardo? Ser\u00e1 que ainda vive? Ela mesma respondeu:<br \/>\n&#8211;\t&#8211; Claro que sim, Ricardo vive, ao menos para mim, nas imagens emolduradas por  <em>essas mal tra\u00e7adas linhas&#8230;<\/em><\/p>\n<p>Misturando-se ao sorriso da jovem de outrora que voltava no tempo,  por meio daquelas<em> mal tra\u00e7adas linhas,<\/em> uma l\u00e1grima de saudade, imitando uma conta multicor, atravessou a barreira dos \u00f3culos e veio banhar a m\u00e3o outrora beijada, respingando no amor em forma <em>daquelas  mal tra\u00e7adas linhas..<\/em>.<\/p>\n<p><strong>(Do livro CONTOS E CONTAS de S\u00d4NIA MOURA)<\/strong><\/p>\n","protected":false},"excerpt":{"rendered":"<p>Com o papel amarelecido pelo tempo em suas m\u00e3os enrugadas, tamb\u00e9m pelo tempo, Marieta relia, mais uma vez, aquelas mal tra\u00e7adas linhas. Nestes momentos, Marieta voltava a ser a jovem que viajava para tempos que l\u00e1 se v\u00e3o, quando computador, e.mail e celulares sequer passavam por nossas mais loucas fantasias, sonhos, del\u00edrios, desejos e outros [&hellip;]<\/p>\n","protected":false},"author":1,"featured_media":0,"comment_status":"open","ping_status":"open","sticky":false,"template":"","format":"standard","meta":{"spay_email":"","jetpack_publicize_message":"","jetpack_is_tweetstorm":false},"categories":[3],"tags":[],"jetpack_featured_media_url":"","jetpack_publicize_connections":[],"jetpack_sharing_enabled":true,"jetpack_shortlink":"https:\/\/wp.me\/pmZuW-2G","jetpack-related-posts":[{"id":809,"url":"http:\/\/www.soniamoura.com.br\/?p=809","url_meta":{"origin":166,"position":0},"title":"EAD - DESAFIOS","date":"19 julho 2009","format":false,"excerpt":"EAD \u2013 DESAFIOS (Autoria: S\u00d4NIA MOURA) (Trabalho apresentado por S\u00f4nia Moura \u00e0 Funda\u00e7\u00e3o Get\u00falio Vargas) Seguindo o que ensina Saviani \u201cAo desafio da realidade, o homem responde com a reflex\u00e3o\u201d, o professor que aceita o novo desafio de ensinar a dist\u00e2ncia dever\u00e1 refletir sobre os movimentos renovadores de que necessitar\u00e1\u2026","rel":"","context":"Em &quot;Ensaios&quot;","img":{"alt_text":"","src":"","width":0,"height":0},"classes":[]},{"id":1076,"url":"http:\/\/www.soniamoura.com.br\/?p=1076","url_meta":{"origin":166,"position":1},"title":"O EF\u00caMERO E O ETERNO","date":"27 dezembro 2009","format":false,"excerpt":"\u00a0 \u00a0 \u00a0 \u00a0 \u00a0 \u00a0 \u00a0 \u00a0 \u00a0 \u00a0 \u00a0 \u00a0 \u00a0 \u00a0 \u00a0 \u00a0 \u00a0 \u00a0 \u00a0 \u00a0 \u00a0 \u00a0 \u00a0 \u00a0 \u00a0 O EF\u00caMERO E O ETERNO\u00a0 (Autoria: S\u00f4nia Moura) \u00a0 \u00a0 \u00b7\u00a0\u00a0\u00a0\u00a0\u00a0\u00a0\u00a0 \u00b7\u00a0\u00a0\u00a0\u00a0\u00a0\u00a0\u00a0 Ef\u00eamero foi aquele beijo que a menina-mo\u00e7a trocou no baile h\u00e1 tanto tempo.\u2026","rel":"","context":"Em &quot;Blogroll&quot;","img":{"alt_text":"","src":"","width":0,"height":0},"classes":[]},{"id":231,"url":"http:\/\/www.soniamoura.com.br\/?p=231","url_meta":{"origin":166,"position":2},"title":"INFORT\u00daNIO","date":"12 junho 2008","format":false,"excerpt":"\u00a0Infort\u00fanio (Autoria: S\u00d4NIA MOURA) Clarisse fechou os olhos e ouviu, outra vez, aquelas palavras mal ditas. Ser\u00e1 que aquele homem n\u00e3o conseguia ver sua alma, seus pensamentos e seu rosto? Sentiu-se como um peda\u00e7o de carne colocado frente a um animal irracional faminto. N\u00e3o, ele n\u00e3o a ouvia, nada do\u2026","rel":"","context":"Em &quot;Contos&quot;","img":{"alt_text":"","src":"","width":0,"height":0},"classes":[]},{"id":1422,"url":"http:\/\/www.soniamoura.com.br\/?p=1422","url_meta":{"origin":166,"position":3},"title":"NO HORIZONTE, A DOR E O SIL\u00caNCIO","date":"4 dezembro 2010","format":false,"excerpt":"NO HORIZONTE, A DOR E O SIL\u00caNCIO (por S\u00f4nia Moura) \u00a0A minha dor mostra o que eu sou e quem eu sou, aponta para o alvo de como me sinto naquele momento e, tamb\u00e9m, de como a sinto, na verdade ela, por um tempo, \u00e9 a minha voz sussurrada e,\u2026","rel":"","context":"Em &quot;Livros&quot;","img":{"alt_text":"","src":"","width":0,"height":0},"classes":[]},{"id":1401,"url":"http:\/\/www.soniamoura.com.br\/?p=1401","url_meta":{"origin":166,"position":4},"title":"\u201cNADA COMO UM DIA AP\u00d3S O OUTRO\u201d","date":"12 novembro 2010","format":false,"excerpt":"\u00a0 \u201cNADA COMO UM DIA AP\u00d3S O OUTRO\u201d (Autoria: S\u00f4nia Moura) \u00a0Todos sabiam que ela era uma \u201cSANTINHA DO PAU OCO\u201d e, por ser \"SEM EIRA NEM BEIRA\", colocou na cabe\u00e7a que s\u00f3 iria se entregar a um homem endieirado, todos desacreditavam que ela conseguisse, afinal, ela n\u00e3o era l\u00e1\u2026","rel":"","context":"Em &quot;Contos&quot;","img":{"alt_text":"","src":"","width":0,"height":0},"classes":[]},{"id":639,"url":"http:\/\/www.soniamoura.com.br\/?p=639","url_meta":{"origin":166,"position":5},"title":"J\u00c1 (N\u00c3O) ERA CARNAVAL","date":"23 fevereiro 2009","format":false,"excerpt":"\u00a0 J\u00c1 (n\u00e3o) ERA CARNAVAL (Autoria: S\u00f4nia Moura) \u00c0 procura da dimens\u00e3o secreta da vida, Bela, alheia \u00e0 sua dura realidade, preferia viver a realidade fict\u00edcia, a realidade recriada pela liberdade das fantasias. Equilibrando-se sobre as barras da esperan\u00e7a, h\u00e1 alguns carnavais, Bela fantasiava-se de mulher misteriosa, isolava os seus\u2026","rel":"","context":"Em &quot;Contos&quot;","img":{"alt_text":"","src":"","width":0,"height":0},"classes":[]}],"_links":{"self":[{"href":"http:\/\/www.soniamoura.com.br\/index.php?rest_route=\/wp\/v2\/posts\/166"}],"collection":[{"href":"http:\/\/www.soniamoura.com.br\/index.php?rest_route=\/wp\/v2\/posts"}],"about":[{"href":"http:\/\/www.soniamoura.com.br\/index.php?rest_route=\/wp\/v2\/types\/post"}],"author":[{"embeddable":true,"href":"http:\/\/www.soniamoura.com.br\/index.php?rest_route=\/wp\/v2\/users\/1"}],"replies":[{"embeddable":true,"href":"http:\/\/www.soniamoura.com.br\/index.php?rest_route=%2Fwp%2Fv2%2Fcomments&post=166"}],"version-history":[{"count":0,"href":"http:\/\/www.soniamoura.com.br\/index.php?rest_route=\/wp\/v2\/posts\/166\/revisions"}],"wp:attachment":[{"href":"http:\/\/www.soniamoura.com.br\/index.php?rest_route=%2Fwp%2Fv2%2Fmedia&parent=166"}],"wp:term":[{"taxonomy":"category","embeddable":true,"href":"http:\/\/www.soniamoura.com.br\/index.php?rest_route=%2Fwp%2Fv2%2Fcategories&post=166"},{"taxonomy":"post_tag","embeddable":true,"href":"http:\/\/www.soniamoura.com.br\/index.php?rest_route=%2Fwp%2Fv2%2Ftags&post=166"}],"curies":[{"name":"wp","href":"https:\/\/api.w.org\/{rel}","templated":true}]}}