{"id":160,"date":"2008-03-10T10:25:39","date_gmt":"2008-03-10T14:25:39","guid":{"rendered":"http:\/\/www.soniamoura.com.br\/?p=160"},"modified":"2008-03-12T15:42:51","modified_gmt":"2008-03-12T19:42:51","slug":"160","status":"publish","type":"post","link":"http:\/\/www.soniamoura.com.br\/?p=160","title":{"rendered":"BALAIO"},"content":{"rendered":"<p><a TITLE=\"balaio\" HREF=\"http:\/\/www.soniamoura.com.br\/wp-content\/uploads\/2008\/03\/balaio.jpg\"><img ALT=\"balaio\" SRC=\"http:\/\/www.soniamoura.com.br\/wp-content\/uploads\/2008\/03\/balaio.jpg\" \/><\/a><\/p>\n<p>No mesmo balaio,\u00a0isto\u00a0\u00e9, num balaio de gatos est\u00e3o: o joio e o trigo; o individual e o coletivo; o local e o global; a ci\u00eancia e a religi\u00e3o, que pecado!<\/p>\n<p><strong>VALEI-NOS,  DEUS!<\/strong><\/p>\n<p><strong>Vaticano divulga lista de novos pecados capitais  [Assimina Vlahou]<\/strong><\/p>\n<p><em><u><\/u>\u201cA manipula\u00e7\u00e3o gen\u00e9tica, o uso de drogas, a desigualdade social e a polui\u00e7\u00e3o ambiental est\u00e3o entre os novos pecados capitais pelos quais os crist\u00e3os devem pedir perd\u00e3o, segundo a nova lista apresentada pela Santa S\u00e9.O Vaticano atualizou a lista de pecados capitais para adapt\u00e1-la \u00e0 &#8220;realidade da globaliza\u00e7\u00e3o&#8221;.<\/em><em>Os novos pecados capitais &#8211; merecedores de condena\u00e7\u00e3o segundo a Igreja Cat\u00f3lica &#8211; ser\u00e3o agregados aos anteriores: gula, lux\u00faria, avareza, ira, soberba, vaidade e pregui\u00e7a.<\/p>\n<p>(&#8230;)<\/p>\n<p>Na interpreta\u00e7\u00e3o de monsenhor Girotti, o pecado deixou de ser apenas uma quest\u00e3o pessoal e passou a ter maior influencia na sociedade.<\/p>\n<p>&#8220;Antes, o pecado tinha uma dimens\u00e3o individual, hoje tem uma impacto social, principalmente por causa da globaliza\u00e7\u00e3o. A aten\u00e7\u00e3o ao pecado agora \u00e9 mais urgente devido aos reflexos maiores e mais destruidores que pode ter&#8221;, disse Girotti.\u201d<\/p>\n<p><\/em><strong>[http:\/\/noticias.terra.com.br\/mundo\/interna\/] [Compilado do site www.niu.com.br] <\/strong><\/p>\n","protected":false},"excerpt":{"rendered":"<p>No mesmo balaio,\u00a0isto\u00a0\u00e9, num balaio de gatos est\u00e3o: o joio e o trigo; o individual e o coletivo; o local e o global; a ci\u00eancia e a religi\u00e3o, que pecado! VALEI-NOS, DEUS! Vaticano divulga lista de novos pecados capitais [Assimina Vlahou] \u201cA manipula\u00e7\u00e3o gen\u00e9tica, o uso de drogas, a desigualdade social e a polui\u00e7\u00e3o ambiental [&hellip;]<\/p>\n","protected":false},"author":1,"featured_media":0,"comment_status":"open","ping_status":"open","sticky":false,"template":"","format":"standard","meta":{"spay_email":"","jetpack_publicize_message":"","jetpack_is_tweetstorm":false},"categories":[1],"tags":[],"jetpack_featured_media_url":"","jetpack_publicize_connections":[],"jetpack_sharing_enabled":true,"jetpack_shortlink":"https:\/\/wp.me\/smZuW-160","jetpack-related-posts":[{"id":57,"url":"http:\/\/www.soniamoura.com.br\/?p=57","url_meta":{"origin":160,"position":0},"title":"7","date":"14 novembro 2007","format":false,"excerpt":"7 s\u00e3o os pecados capitais, 7 s\u00e3o as cores do arco-\u00edris 7 s\u00e3o as notas musicais, 7 s\u00e3o dos dias da semana 7 s\u00e3o as maravilhas do mundo antigo, 7 s\u00e3o as artes Isso, todo mundo sabe. Mas o que voc\u00eas n\u00e3o sabem \u00e9 que adoro pintar o sete, Este\u2026","rel":"","context":"Em &quot;Poesias&quot;","img":{"alt_text":"","src":"","width":0,"height":0},"classes":[]},{"id":52,"url":"http:\/\/www.soniamoura.com.br\/?p=52","url_meta":{"origin":160,"position":1},"title":"A maior de todas as marcas: a vaidade","date":"9 novembro 2007","format":false,"excerpt":"Com certo atraso, reconhe\u00e7o, assisti ao filme O Diabo veste Prada, que foi baseado num best-seller da norte-americana Lauren Weisberger, que dizem ter vivido situa\u00e7\u00e3o semelhante. A hist\u00f3ria, todos j\u00e1 sabem: Andrea \u00e9 uma jovem que se muda para Nova York a fim de tentar uma carreira como jornalista. Ela\u2026","rel":"","context":"Post similar","img":{"alt_text":"","src":"","width":0,"height":0},"classes":[]},{"id":144,"url":"http:\/\/www.soniamoura.com.br\/?p=144","url_meta":{"origin":160,"position":2},"title":"Sangrando","date":"4 mar\u00e7o 2008","format":false,"excerpt":"A hist\u00f3ria de \u201cSangue Negro\u201d come\u00e7a no ano de 1898, num lugar denominado Novo M\u00e9xico. Numa modesta mina de prata, Daniel luta para tirar algo mais do que algumas fa\u00edscas da pedra t\u00e3o dura quanto ele e consegue, encontra uma pedra preciosa. Neste \u00ednterim, sofre um pequeno acidente, mas, com\u2026","rel":"","context":"Post similar","img":{"alt_text":"","src":"","width":0,"height":0},"classes":[]},{"id":2474,"url":"http:\/\/www.soniamoura.com.br\/?p=2474","url_meta":{"origin":160,"position":3},"title":"In vino veritas","date":"22 abril 2017","format":false,"excerpt":"\u00a0 Narrando uma hist\u00f3ria incerta Para validar uma certa hist\u00f3ria Ou quem sabe, uma hist\u00f3ria certa, O poeta reduplica o real N\u00e3o separa o bem do mal Bota tudo no mesmo balaio D\u00e1 destaque \u00e0 fantasia Porque a fantasia compensa O abandono e o t\u00e9dio E n\u00e3o h\u00e1 outro rem\u00e9dio\u2026","rel":"","context":"Em &quot;Livros&quot;","img":{"alt_text":"","src":"https:\/\/i0.wp.com\/www.soniamoura.com.br\/wp-content\/uploads\/2017\/04\/vino_veritas-300x210.jpg?resize=350%2C200","width":350,"height":200},"classes":[]},{"id":1393,"url":"http:\/\/www.soniamoura.com.br\/?p=1393","url_meta":{"origin":160,"position":4},"title":"SHOW D\u00c1 VIDA?","date":"24 outubro 2010","format":false,"excerpt":"\u00a0 SHOW D\u00c1 VIDA? \u00a0(por S\u00d4NIA MOURA) \u00a0 \u00a0 \u00a0 \u00a0 \u00a0 \u00a0 \u00a0 \u00a0 \u00a0 \u00a0 \u00a0 \u00a0 \u00a0 \u00a0 \u00a0 \u00a0 \u00a0 \u00a0 \u00a0 \u00a0 \u00a0 \u00a0 \u00a0 \u00a0 \u00a0 \u00a0 \u00a0 \u00a0Rio de Janeiro, 24 de outubro de 2010 Caro amigo(a) Tudo bem? Hoje estive pensando naquele\u2026","rel":"","context":"Em &quot;Blogroll&quot;","img":{"alt_text":"","src":"","width":0,"height":0},"classes":[]},{"id":802,"url":"http:\/\/www.soniamoura.com.br\/?p=802","url_meta":{"origin":160,"position":5},"title":"COSTELA DO AD\u00c3O","date":"11 julho 2009","format":false,"excerpt":"\u00a0 COSTELA DO AD\u00c3O (Autoria: S\u00f4nia Moura) Quero entender a costela do Ad\u00e3o Dizem que dela eu vim Por isso agora preciso conhec\u00ea-la J\u00e1 que ela faz parte de mim Quero poder analis\u00e1-la Irei consultar os deuses do Olimpo Para saber se \u00e9 mesmo verdade Que de uma costela do\u2026","rel":"","context":"Em &quot;Poesias&quot;","img":{"alt_text":"","src":"","width":0,"height":0},"classes":[]}],"_links":{"self":[{"href":"http:\/\/www.soniamoura.com.br\/index.php?rest_route=\/wp\/v2\/posts\/160"}],"collection":[{"href":"http:\/\/www.soniamoura.com.br\/index.php?rest_route=\/wp\/v2\/posts"}],"about":[{"href":"http:\/\/www.soniamoura.com.br\/index.php?rest_route=\/wp\/v2\/types\/post"}],"author":[{"embeddable":true,"href":"http:\/\/www.soniamoura.com.br\/index.php?rest_route=\/wp\/v2\/users\/1"}],"replies":[{"embeddable":true,"href":"http:\/\/www.soniamoura.com.br\/index.php?rest_route=%2Fwp%2Fv2%2Fcomments&post=160"}],"version-history":[{"count":0,"href":"http:\/\/www.soniamoura.com.br\/index.php?rest_route=\/wp\/v2\/posts\/160\/revisions"}],"wp:attachment":[{"href":"http:\/\/www.soniamoura.com.br\/index.php?rest_route=%2Fwp%2Fv2%2Fmedia&parent=160"}],"wp:term":[{"taxonomy":"category","embeddable":true,"href":"http:\/\/www.soniamoura.com.br\/index.php?rest_route=%2Fwp%2Fv2%2Fcategories&post=160"},{"taxonomy":"post_tag","embeddable":true,"href":"http:\/\/www.soniamoura.com.br\/index.php?rest_route=%2Fwp%2Fv2%2Ftags&post=160"}],"curies":[{"name":"wp","href":"https:\/\/api.w.org\/{rel}","templated":true}]}}