{"id":158,"date":"2008-03-09T10:00:34","date_gmt":"2008-03-09T14:00:34","guid":{"rendered":"http:\/\/www.soniamoura.com.br\/?p=158"},"modified":"2008-03-09T10:01:18","modified_gmt":"2008-03-09T14:01:18","slug":"158","status":"publish","type":"post","link":"http:\/\/www.soniamoura.com.br\/?p=158","title":{"rendered":"A HIST\u00d3RIA DE L\u00cdTTERA"},"content":{"rendered":"<p><a TITLE=\"livro das bruxas\" HREF=\"http:\/\/www.soniamoura.com.br\/wp-content\/uploads\/2008\/03\/bruxinha1.jpg\"><img ALT=\"livro das bruxas\" SRC=\"http:\/\/www.soniamoura.com.br\/wp-content\/uploads\/2008\/03\/bruxinha1.jpg\" \/><\/a><\/p>\n<p>L\u00edttera  mora, h\u00e1 muito tempo, em v\u00e1rios lugares. \u00c9 muito poderosa, por exemplo, \u00e9 capaz de ser voz, de ser letra, de ser mito. L\u00edttera \u00e9 s\u00e1bia.<\/p>\n<p>Ela \u00e9 muito antiga (ou ser\u00e1 velha?), e, embora possa usar a mesma roupagem, est\u00e1 sempre se renovando, por isso, as crian\u00e7as nunca se assustam com L\u00edttera, pois com ela compartilham e brincam.<\/p>\n<p>L\u00edttera \u00e9 amiga e conselheira.<\/p>\n<p>Podem at\u00e9 tentar aprisionar L\u00edttera, mas ela n\u00e3o se deixa\u00a0prender,\u00a0uma\u00a0vez\u00a0que\u00a0nasceu\u00a0para\u00a0ajudar a todos a\u00a0aprender. Ela dora a liberdade, gosta de um palco e de fazer travessuras.<\/p>\n<p>Quando acorda, seus cabelos est\u00e3o desgrenhados, depois, aos poucos,  ela os arruma. Ela n\u00e3o se preocupa muito com esta coisa de moda, mas umas pessoas insistem em coloc\u00e1-la \u201cdentro da moda\u201d, p\u00f4-la em arreios. N\u00e3o conseguem.<\/p>\n<p>L\u00edttera gosta de sorrir, conhece as mal\u00edcias da palavra, sabe enfeiti\u00e7ar, gosta do luar, do sonho, da fantasia e brinca com a realidade. Adora contar casos, suas palavras s\u00e3o m\u00e1gicas. Por isso ela tamb\u00e9m \u00e9 chamada de maga.<\/p>\n<p>L\u00edttera busca e nos faz busc\u00e1-la, \u00e0s vezes, brinca de confundir, para depois explicar.<\/p>\n<p>Nunca sai de nossa vida. Ora aparece em forma da palavra falada, ora em forma de palavra escrita. L\u00edttera est\u00e1 em todas as partes o tempo todo.<\/p>\n<p>Ali\u00e1s, o que seria de n\u00f3s sem ela?<\/p>\n<p>L\u00edttera \u00e9 a bruxa das palavras.<\/p>\n","protected":false},"excerpt":{"rendered":"<p>L\u00edttera mora, h\u00e1 muito tempo, em v\u00e1rios lugares. \u00c9 muito poderosa, por exemplo, \u00e9 capaz de ser voz, de ser letra, de ser mito. L\u00edttera \u00e9 s\u00e1bia. Ela \u00e9 muito antiga (ou ser\u00e1 velha?), e, embora possa usar a mesma roupagem, est\u00e1 sempre se renovando, por isso, as crian\u00e7as nunca se assustam com L\u00edttera, pois [&hellip;]<\/p>\n","protected":false},"author":1,"featured_media":0,"comment_status":"open","ping_status":"open","sticky":false,"template":"","format":"standard","meta":{"spay_email":"","jetpack_publicize_message":"","jetpack_is_tweetstorm":false},"categories":[3],"tags":[],"jetpack_featured_media_url":"","jetpack_publicize_connections":[],"jetpack_sharing_enabled":true,"jetpack_shortlink":"https:\/\/wp.me\/smZuW-158","jetpack-related-posts":[{"id":16,"url":"http:\/\/www.soniamoura.com.br\/?p=16","url_meta":{"origin":158,"position":0},"title":"De Olho no Hor\u00f3scopo","date":"15 outubro 2007","format":false,"excerpt":"DE OLHO NO HOR\u00d3SCOPO (Conto de Fevereiro do livro DOZE MULHERES CONTAM, de S\u00d4NIA MOURA) O bar fervilhava. Era Sexta-feira. Num canto, uma silhueta se destacava por estar t\u00e3o escondida. Ele a observava. Seus olhos levantaram \u2013se, arrastaram \u2013se pelo bar e encontraram os dele. Qual ser\u00e1 o signo dele?\u2026","rel":"","context":"Em &quot;Contos&quot;","img":{"alt_text":"","src":"","width":0,"height":0},"classes":[]},{"id":109,"url":"http:\/\/www.soniamoura.com.br\/?p=109","url_meta":{"origin":158,"position":1},"title":"A escadaria","date":"11 janeiro 2008","format":false,"excerpt":"Havia muito pouco tempo que ela sa\u00edra do orfanato, no qual estivera por 13 anos. L\u00e1 viveu seus primeiros anos e naquela casa seus caminhos come\u00e7aram a ser tra\u00e7ados. Aprendeu a amar as artes, as plantas, as pessoas e a vida. No pouco tempo fora do ninho, a maior vontade\u2026","rel":"","context":"Em &quot;Contos&quot;","img":{"alt_text":"","src":"","width":0,"height":0},"classes":[]},{"id":502,"url":"http:\/\/www.soniamoura.com.br\/?p=502","url_meta":{"origin":158,"position":2},"title":"\u00c9 PERMITIDO SONHAR","date":"30 novembro 2008","format":false,"excerpt":"\u00c9 PERMITIDO SONHAR (Autoria: S\u00f4nia Moura) \u00a0 \u00a0\u00a0 Depois de um dia cheio participa\u00e7\u00f5es em eventos, depois de ter vivido emo\u00e7\u00f5es diversificadas: \u00a0saudades, \u00a0alegrias, \u00a0frustra\u00e7\u00f5es, encontro com o ex- eterno amor e, ainda,\u00a0 depois de muitos goles de cerveja, Eliane voltou para casa e nem precisou encarar seus medos e\u2026","rel":"","context":"Em &quot;Contos&quot;","img":{"alt_text":"","src":"","width":0,"height":0},"classes":[]},{"id":1350,"url":"http:\/\/www.soniamoura.com.br\/?p=1350","url_meta":{"origin":158,"position":3},"title":"\u00c9 PERMITDO SONHAR","date":"18 setembro 2010","format":false,"excerpt":"\u00a0 \u00c9 PERMITDO SONHAR \u00a0\u00a0(Autoria: S\u00f4nia Moura) \u00a0 \u00a0 \u00a0 Depois de um dia cheio de participa\u00e7\u00f5es em eventos, depois de ter vivido emo\u00e7\u00f5es diversificadas:\u00a0 saudades,\u00a0 alegrias,\u00a0 frustra\u00e7\u00f5es, encontro com o ex- eterno amor e, ainda,\u00a0 depois de muitos goles de cerveja, Eliane voltou para casa e nem precisou encarar\u2026","rel":"","context":"Em &quot;Contos&quot;","img":{"alt_text":"","src":"","width":0,"height":0},"classes":[]},{"id":559,"url":"http:\/\/www.soniamoura.com.br\/?p=559","url_meta":{"origin":158,"position":4},"title":"FELIZ NATAL! FELIZ NATAL!","date":"24 dezembro 2008","format":false,"excerpt":"\u00a0 \u00a0 \u00a0 \u00a0 \u00a0 \u00a0 \u00a0 \u00a0 \u00a0 \u00a0 \u00a0 \u00a0 \u00a0 \u00a0 \u00a0 \u00a0 \u00a0 \u00a0 \u00a0 \u00a0 \u00a0\u00a0 \u00c9 NATAL! (Autoria: S\u00f4nia Moura) Era uma vez uma menininha que morava num vilarejo muito, mas muito tranq\u00fcilo. Neste lugar, as noites eram muito, mas muito mais claras e\u2026","rel":"","context":"Em &quot;Mensagens&quot;","img":{"alt_text":"","src":"","width":0,"height":0},"classes":[]},{"id":425,"url":"http:\/\/www.soniamoura.com.br\/?p=425","url_meta":{"origin":158,"position":5},"title":"EFEITO DOMIN\u00d3","date":"24 outubro 2008","format":false,"excerpt":"EFEITO DOMIN\u00d3 (Autoria: S\u00f4nia Moura) Um mo\u00e7o, em dia de f\u00faria, de loucura e descontrole total, prende uma linda jovem na torre dela, porque ele j\u00e1 estava completamente preso \u00e0 sua insanidade, que o levar\u00e1 \u00e0 pris\u00e3o material e acabar\u00e1 com sua vida, para sempre,pois nunca mais ele ser\u00e1 o\u2026","rel":"","context":"Post similar","img":{"alt_text":"","src":"","width":0,"height":0},"classes":[]}],"_links":{"self":[{"href":"http:\/\/www.soniamoura.com.br\/index.php?rest_route=\/wp\/v2\/posts\/158"}],"collection":[{"href":"http:\/\/www.soniamoura.com.br\/index.php?rest_route=\/wp\/v2\/posts"}],"about":[{"href":"http:\/\/www.soniamoura.com.br\/index.php?rest_route=\/wp\/v2\/types\/post"}],"author":[{"embeddable":true,"href":"http:\/\/www.soniamoura.com.br\/index.php?rest_route=\/wp\/v2\/users\/1"}],"replies":[{"embeddable":true,"href":"http:\/\/www.soniamoura.com.br\/index.php?rest_route=%2Fwp%2Fv2%2Fcomments&post=158"}],"version-history":[{"count":0,"href":"http:\/\/www.soniamoura.com.br\/index.php?rest_route=\/wp\/v2\/posts\/158\/revisions"}],"wp:attachment":[{"href":"http:\/\/www.soniamoura.com.br\/index.php?rest_route=%2Fwp%2Fv2%2Fmedia&parent=158"}],"wp:term":[{"taxonomy":"category","embeddable":true,"href":"http:\/\/www.soniamoura.com.br\/index.php?rest_route=%2Fwp%2Fv2%2Fcategories&post=158"},{"taxonomy":"post_tag","embeddable":true,"href":"http:\/\/www.soniamoura.com.br\/index.php?rest_route=%2Fwp%2Fv2%2Ftags&post=158"}],"curies":[{"name":"wp","href":"https:\/\/api.w.org\/{rel}","templated":true}]}}