{"id":156,"date":"2008-03-08T14:34:57","date_gmt":"2008-03-08T18:34:57","guid":{"rendered":"http:\/\/www.soniamoura.com.br\/?p=156"},"modified":"2008-03-08T14:35:37","modified_gmt":"2008-03-08T18:35:37","slug":"156","status":"publish","type":"post","link":"http:\/\/www.soniamoura.com.br\/?p=156","title":{"rendered":"PONTOS PARA AS MULHERES"},"content":{"rendered":"<p><a HREF=\"http:\/\/www.soniamoura.com.br\/wp-content\/uploads\/2008\/03\/woman1.jpg\" TITLE=\"mulher\"><img SRC=\"http:\/\/www.soniamoura.com.br\/wp-content\/uploads\/2008\/03\/woman1.jpg\" ALT=\"mulher\" \/><\/a><\/p>\n<p>Alguns dizem que nossa \u201ccabe\u00e7a\u201d \u00e9 como um grande <strong>ponto de interroga\u00e7\u00e3o<\/strong>. Ser\u00e1?, acho que n\u00e3o.<\/p>\n<p>Outros dizem que, quase sempre, nossas atitudes os deixam com um <strong>ponto de exclama\u00e7\u00e3o<\/strong> sobre a cabe\u00e7a. Ah!, essa n\u00e3o!<\/p>\n<p>Dizem tamb\u00e9m que entender-nos \u00e9 t\u00e3o dif\u00edcil quanto fazer o uso correto do <strong>ponto -e \u2013v\u00edrgula<\/strong>. Uma v\u00edrgula! (Seguida de exclama\u00e7\u00e3o).<\/p>\n<p>Pasmem! Dizem ainda que nosso olhar \u00e9 felinamente transgressor como os <strong>dois pontos<\/strong>, sempre prontos para enumerar, citar, exemplificar. Isso vai dar o que falar!<\/p>\n<p>H\u00e1 ainda aqueles que dizem que sabemos como nunca dar<strong> ponto sem n\u00f3<\/strong>. Ah! Tenha d\u00f3! [Embora isto esteja certo,  <strong>at\u00e9 certo ponto<\/strong>].<\/p>\n<p><em>Liga n\u00e3o, mulher, liga n\u00e3o! Olha s\u00f3:<\/em><\/p>\n<p>O que n\u00f3s somos mesmo \u00e9 o<strong> ponto alto<\/strong> de qualquer situa\u00e7\u00e3o, somos <strong>ponto colateral<\/strong> a indicar caminhos, e, para muita gente alcan\u00e7ar o<strong> ponto culminante<\/strong> na vida, somos n\u00f3s, mulheres, o seu <strong>ponto de apoio<\/strong>, como  <strong>ponto de contato<\/strong> entre eles e o mundo.<\/p>\n<p>Ainda mais:<\/p>\n<p>Somos n\u00f3s, que nos momentos dif\u00edceis, nos colocamos como<strong> ponto de equil\u00edbrio,<\/strong> e, ainda que todos escapem de sua vida por um <strong>ponto de fuga,<\/strong> l\u00e1 estamos n\u00f3s em nosso <strong>ponto de honra<\/strong>, dando apoio, mostrando nosso<strong> ponto de vista, <\/strong>e nos postando como um<strong> ponto de universo,<\/strong> acompanhando a quem amamos, porque n\u00e3o somos de <strong>entregar os pontos<\/strong>,  e&#8230;<strong>ponto final<\/strong>.<\/p>\n","protected":false},"excerpt":{"rendered":"<p>Alguns dizem que nossa \u201ccabe\u00e7a\u201d \u00e9 como um grande ponto de interroga\u00e7\u00e3o. Ser\u00e1?, acho que n\u00e3o. Outros dizem que, quase sempre, nossas atitudes os deixam com um ponto de exclama\u00e7\u00e3o sobre a cabe\u00e7a. Ah!, essa n\u00e3o! Dizem tamb\u00e9m que entender-nos \u00e9 t\u00e3o dif\u00edcil quanto fazer o uso correto do ponto -e \u2013v\u00edrgula. Uma v\u00edrgula! (Seguida [&hellip;]<\/p>\n","protected":false},"author":1,"featured_media":0,"comment_status":"open","ping_status":"open","sticky":false,"template":"","format":"standard","meta":{"spay_email":"","jetpack_publicize_message":"","jetpack_is_tweetstorm":false},"categories":[1,5],"tags":[],"jetpack_featured_media_url":"","jetpack_publicize_connections":[],"jetpack_sharing_enabled":true,"jetpack_shortlink":"https:\/\/wp.me\/smZuW-156","jetpack-related-posts":[{"id":630,"url":"http:\/\/www.soniamoura.com.br\/?p=630","url_meta":{"origin":156,"position":0},"title":"DROGAS PONTUALIZADAS","date":"16 fevereiro 2009","format":false,"excerpt":"\u00a0 \u00a0 \u00a0 \u00a0 \u00a0 \u00a0 \u00a0 \u00a0 \u00a0 \u00a0 \u00a0 \u00a0 \u00a0 \u00a0 \u00a0 \u00a0 \u00a0 \u00a0 \u00a0 \u00a0 \u00a0 \u00a0 \u00a0 \u00a0 \u00a0 \u00a0 \u00a0 \u00a0 \u00a0 \u00a0 \u00a0 \u00a0 \u00a0 \u00a0 DROGAS PONTUALIZADAS [por S\u00f4nia Moura] Assisto a um programa que mostra \u00a0diversas drogas, das mais variadas\u2026","rel":"","context":"Em &quot;Mensagens&quot;","img":{"alt_text":"","src":"","width":0,"height":0},"classes":[]},{"id":1209,"url":"http:\/\/www.soniamoura.com.br\/?p=1209","url_meta":{"origin":156,"position":1},"title":"POEMA P\u00d3S-TUDO \u2013 AUGUSTO DE CAMPOS \u2013 PARTE IV","date":"19 abril 2010","format":false,"excerpt":"POEMA P\u00d3S-TUDO \u2013 AUGUSTO DE CAMPOS \u2013 PARTE IV (Autoria: S\u00d4NIA MOURA) \u00a0 \u00a0\u00a0ALGUMAS POSSIBILIDADES DE LEITURA \u00a0O poema em estudo (P\u00d3STUDO), pela apresenta\u00e7\u00e3o formal e pela assinatura de Augusto de Campos, leva-nos a analis\u00e1-lo sob o prisma do movimento concretista. No seu processo formal, a\u00a0poesia concreta n\u00e3o utiliza a\u2026","rel":"","context":"Em &quot;Ensaios&quot;","img":{"alt_text":"","src":"","width":0,"height":0},"classes":[]},{"id":1811,"url":"http:\/\/www.soniamoura.com.br\/?p=1811","url_meta":{"origin":156,"position":2},"title":"AMOR DE CAL\u00c7AS CURTAS (Autoria:\u2026","date":"4 julho 2012","format":false,"excerpt":"AMOR DE CAL\u00c7AS CURTAS (Autoria: S\u00f4nia Moura) Num tom de lam\u00faria ou decep\u00e7\u00e3o, n\u00e3o sei bem, \u00c2ngela me disse: - O amor nos prega cada pe\u00e7a! Seu olhar fugia da dire\u00e7\u00e3o do meu, parecia que aquele olhar indeciso se perdia num mundo pr\u00f3prio, num mundo de d\u00favidas e ansiedade. Concordei\u2026","rel":"","context":"Em &quot;Contos&quot;","img":{"alt_text":"","src":"","width":0,"height":0},"classes":[]},{"id":1027,"url":"http:\/\/www.soniamoura.com.br\/?p=1027","url_meta":{"origin":156,"position":3},"title":"AMOR DE CAL\u00c7AS CURTAS","date":"24 novembro 2009","format":false,"excerpt":"AMOR DE CAL\u00c7AS CURTAS\u00a0 (Autoria: S\u00f4nia Moura) \u00a0 \u00a0Num tom de lam\u00faria ou decep\u00e7\u00e3o, n\u00e3o sei bem, \u00c2ngela me disse: - O amor nos prega cada pe\u00e7a! Seu olhar fugia da dire\u00e7\u00e3o do meu, parecia que aquele olhar indeciso se perdia num mundo pr\u00f3prio, num mundo de d\u00favidas e ansiedade.\u2026","rel":"","context":"Post similar","img":{"alt_text":"","src":"","width":0,"height":0},"classes":[]},{"id":1143,"url":"http:\/\/www.soniamoura.com.br\/?p=1143","url_meta":{"origin":156,"position":4},"title":"CORA\u00c7\u00c3O COLIBRI","date":"19 fevereiro 2010","format":false,"excerpt":"\u00a0 \u00a0 Cora\u00e7\u00e3o Colibri\u00a0 (Autoria: S\u00f4nia Moura) \u00a0 Ah! Cora\u00e7\u00e3o Como cabe em voc\u00ea Tanta emo\u00e7\u00e3o Tanto amor Tanta paix\u00e3o? Ser\u00e1 que \u00c9 porque voc\u00ea \u00e9 oco Ent\u00e3o se libera do sufoco E faz com que todos Se orientem Atrav\u00e9s de voc\u00ea? \u00a0 Ent\u00e3o, n\u00e3o adianta entrar em afli\u00e7\u00e3o Entregue\u2026","rel":"","context":"Em &quot;Livros&quot;","img":{"alt_text":"","src":"","width":0,"height":0},"classes":[]},{"id":221,"url":"http:\/\/www.soniamoura.com.br\/?p=221","url_meta":{"origin":156,"position":5},"title":"DE GR\u00c3O EM GR\u00c3O...","date":"2 junho 2008","format":false,"excerpt":"DE GR\u00c3O EM GR\u00c3O... \u00a0\u00a0\u00a0\u00a0 Inpe aponta desmatamento de 1.123 km2 na Amaz\u00f4nia; 794 km2 em MT S\u00c3O PAULO (Reuters) - A Amaz\u00f4nia perdeu 1.123 quil\u00f4metros quadrados de floresta por corte raso ou degrada\u00e7\u00e3o progressiva durante o m\u00eas de abril, informou nesta segunda-feira o Instituto Nacional de Pesquisas Espaciais (Inpe).\u2026","rel":"","context":"Post similar","img":{"alt_text":"","src":"","width":0,"height":0},"classes":[]}],"_links":{"self":[{"href":"http:\/\/www.soniamoura.com.br\/index.php?rest_route=\/wp\/v2\/posts\/156"}],"collection":[{"href":"http:\/\/www.soniamoura.com.br\/index.php?rest_route=\/wp\/v2\/posts"}],"about":[{"href":"http:\/\/www.soniamoura.com.br\/index.php?rest_route=\/wp\/v2\/types\/post"}],"author":[{"embeddable":true,"href":"http:\/\/www.soniamoura.com.br\/index.php?rest_route=\/wp\/v2\/users\/1"}],"replies":[{"embeddable":true,"href":"http:\/\/www.soniamoura.com.br\/index.php?rest_route=%2Fwp%2Fv2%2Fcomments&post=156"}],"version-history":[{"count":0,"href":"http:\/\/www.soniamoura.com.br\/index.php?rest_route=\/wp\/v2\/posts\/156\/revisions"}],"wp:attachment":[{"href":"http:\/\/www.soniamoura.com.br\/index.php?rest_route=%2Fwp%2Fv2%2Fmedia&parent=156"}],"wp:term":[{"taxonomy":"category","embeddable":true,"href":"http:\/\/www.soniamoura.com.br\/index.php?rest_route=%2Fwp%2Fv2%2Fcategories&post=156"},{"taxonomy":"post_tag","embeddable":true,"href":"http:\/\/www.soniamoura.com.br\/index.php?rest_route=%2Fwp%2Fv2%2Ftags&post=156"}],"curies":[{"name":"wp","href":"https:\/\/api.w.org\/{rel}","templated":true}]}}