{"id":15,"date":"2007-10-15T19:02:38","date_gmt":"2007-10-15T23:02:38","guid":{"rendered":"http:\/\/www.soniamoura.com.br\/?p=15"},"modified":"2007-10-16T00:47:25","modified_gmt":"2007-10-16T04:47:25","slug":"15","status":"publish","type":"post","link":"http:\/\/www.soniamoura.com.br\/?p=15","title":{"rendered":"Ca\u00e7ada"},"content":{"rendered":"<p><strong>CA\u00c7ADA<\/strong><br \/>\n(Oitavo poema do livro ENTRE BEIJOS E VINHOS , por S\u00f4nia Moura)<\/p>\n<p>Selvagem, nua,<br \/>\nToda sua<\/p>\n<p>Enroscada<br \/>\nFera acuada<br \/>\nOra provocada<br \/>\nSe atira \u00e0 luta<\/p>\n<p>O ca\u00e7ador se sente t\u00e3o seguro&#8230;<\/p>\n<p>Lan\u00e7a-se \u00e0 ca\u00e7a<br \/>\nCheio de desejos<br \/>\nE ent\u00e3o o ato se consuma<\/p>\n<p>Ele, de ca\u00e7ador feroz e implac\u00e1vel<br \/>\nSe torna ca\u00e7a mansa e dom\u00e1vel&#8230;<\/p>\n<p>(Surpresas e paix\u00e3o. P\u00f4r do sol iluminado.)<\/p>\n","protected":false},"excerpt":{"rendered":"<p>CA\u00c7ADA (Oitavo poema do livro ENTRE BEIJOS E VINHOS , por S\u00f4nia Moura) Selvagem, nua, Toda sua Enroscada Fera acuada Ora provocada Se atira \u00e0 luta O ca\u00e7ador se sente t\u00e3o seguro&#8230; Lan\u00e7a-se \u00e0 ca\u00e7a Cheio de desejos E ent\u00e3o o ato se consuma Ele, de ca\u00e7ador feroz e implac\u00e1vel Se torna ca\u00e7a mansa e [&hellip;]<\/p>\n","protected":false},"author":1,"featured_media":0,"comment_status":"open","ping_status":"open","sticky":false,"template":"","format":"standard","meta":{"spay_email":"","jetpack_publicize_message":"","jetpack_is_tweetstorm":false},"categories":[2],"tags":[],"jetpack_featured_media_url":"","jetpack_publicize_connections":[],"jetpack_sharing_enabled":true,"jetpack_shortlink":"https:\/\/wp.me\/smZuW-15","jetpack-related-posts":[{"id":613,"url":"http:\/\/www.soniamoura.com.br\/?p=613","url_meta":{"origin":15,"position":0},"title":"QUEM AFIOU O MACHADO DE ASSIS?","date":"2 fevereiro 2009","format":false,"excerpt":"Quem afiou a Machado de Assis? (por S\u00d4NIA MOURA) Teria sido Lima Barreto ou, mais contemporaneamente, Lima Duarte? Esta e outras perguntas faziam parte de um repert\u00f3rio das chamadas \u201dperguntas tolas\u201d, que s\u00f3 serviam para divertir, alegrar. Vejamos alguns exemplos: 1- Quem \u00e9 o centro avante do ataque card\u00edaco? 2-\u2026","rel":"","context":"Em &quot;Ensaios&quot;","img":{"alt_text":"","src":"","width":0,"height":0},"classes":[]},{"id":146,"url":"http:\/\/www.soniamoura.com.br\/?p=146","url_meta":{"origin":15,"position":1},"title":"Prospectores","date":"5 mar\u00e7o 2008","format":false,"excerpt":"Al\u00e9m do que j\u00e1 falei sobre o filme \"Sangue Negro\", no artigo intitulado \"Sangrando\" , h\u00e1 mais dois detalhes que merecem destaque e um estudo mais abrangente, s\u00e3o eles: Os nomes de alguns personagens* e a representa\u00e7\u00e3o simb\u00f3lica do jogo social. I - NOMES Daniel - o ca\u00e7ador de petr\u00f3leo,\u2026","rel":"","context":"Post similar","img":{"alt_text":"","src":"","width":0,"height":0},"classes":[]},{"id":652,"url":"http:\/\/www.soniamoura.com.br\/?p=652","url_meta":{"origin":15,"position":2},"title":"AS BRUXAS S\u00c3O M\u00c1S?","date":"2 mar\u00e7o 2009","format":false,"excerpt":"Ao nos lembrarmos do que sempre ouvimos e vimos em filmes ou lemos em hist\u00f3rias infantis, \u00a0ao lermos as breves informa\u00e7\u00f5es sobre \"as bruxas\", fica a pergunta: AS BRUXAS S\u00c3O M\u00c1S? \u00a0 (Autoria: S\u00d4NIA MOURA) O voc\u00e1bulo \"Bruxa\" \u00e9 de origem desconhecida, provavelmente de origem pr\u00e9-Romana. No entanto existe uma\u2026","rel":"","context":"Em &quot;Ensaios&quot;","img":{"alt_text":"","src":"","width":0,"height":0},"classes":[]},{"id":1507,"url":"http:\/\/www.soniamoura.com.br\/?p=1507","url_meta":{"origin":15,"position":3},"title":"O BAILE DAS M\u00c1SCARAS - parte II(Origens e Significa\u00e7\u00f5es)","date":"10 fevereiro 2011","format":false,"excerpt":"\u00a0 O Baile das M\u00e1scaras \u00a0(por: S\u00f4nia Moura)\u00a0\u00a0\u00a0\u00a0\u00a0\u00a0\u00a0\u00a0\u00a0\u00a0\u00a0\u00a0\u00a0\u00a0\u00a0\u00a0\u00a0\u00a0\u00a0\u00a0\u00a0\u00a0\u00a0\u00a0\u00a0\u00a0\u00a0\u00a0\u00a0\u00a0\u00a0\u00a0\u00a0\u00a0\u00a0\u00a0\u00a0\u00a0\u00a0\u00a0\u00a0\u00a0\u00a0\u00a0\u00a0\u00a0\u00a0\u00a0\u00a0\u00a0\u00a0\u00a0\u00a0\u00a0\u00a0\u00a0\u00a0\u00a0\u00a0\u00a0\u00a0\u00a0\u00a0\u00a0\u00a0\u00a0\u00a0\u00a0\u00a0\u00a0\u00a0\u00a0\u00a0\u00a0\u00a0\u00a0\u00a0\u00a0\u00a0\u00a0 Parte II \u2013 Origens e Significa\u00e7\u00f5es \u00a0\u00a0\u00a0\u00a0\u00a0\u00a0\u00a0\u00a0\u00a0\u00a0 A origem etimol\u00f3gica da palavra m\u00e1scara apresenta controv\u00e9rsias: maschera(\u00e1rabe) >< masca(latim)= \u201cdem\u00f4nio\u201d; mashera>mashara\u00a0 (italiano) = buf\u00e3o; maschera> mashara> masca>m\u00e1scara = bruxo, feiticeira (origem celta, germ\u00e2nica), pode significar tamb\u00e9m: pessoa (persona- lat.), emo\u00e7\u00e3o; alma (seele \u2013\u2026","rel":"","context":"Com 1 coment\u00e1rio","img":{"alt_text":"","src":"","width":0,"height":0},"classes":[]},{"id":429,"url":"http:\/\/www.soniamoura.com.br\/?p=429","url_meta":{"origin":15,"position":4},"title":"SELVA CELESTE","date":"27 outubro 2008","format":false,"excerpt":"Selva Celeste (AUTORIA: S\u00d4NIA MOURA) Tire um tempo e conhe\u00e7a a Selva Celeste Que, l\u00e1 no c\u00e9u, eles chamam de Constela\u00e7\u00e3o As Boreais s\u00e3o privil\u00e9gio de quem est\u00e1 ao norte, As Austrais s\u00f3 presenteiam quem est\u00e1 no sul, J\u00e1 as Zodiacais, mais dadivosas, s\u00e3o f\u00e1ceis de achar E se deixam\u2026","rel":"","context":"Em &quot;Poesias&quot;","img":{"alt_text":"","src":"","width":0,"height":0},"classes":[]},{"id":719,"url":"http:\/\/www.soniamoura.com.br\/?p=719","url_meta":{"origin":15,"position":5},"title":"ESPA\u00c7O A\u00c9REO","date":"2 maio 2009","format":false,"excerpt":"\u00a0 ESPA\u00c7O A\u00c9REO (Autoria: S\u00f4nia Moura) Estava distra\u00edda Quando algu\u00e9m invadiu O meu espa\u00e7o a\u00e9reo Imediatamente Ativei meus ca\u00e7a-fantasmas Que voaram em defesa dos meus limites Num momento em que eu estava t\u00e3o a\u00e9rea Tarde demais O espa\u00e7o j\u00e1 fora invadido N\u00e3o havia mais limites Eu j\u00e1 havia sido invadida\u2026","rel":"","context":"Em &quot;Livros&quot;","img":{"alt_text":"","src":"","width":0,"height":0},"classes":[]}],"_links":{"self":[{"href":"http:\/\/www.soniamoura.com.br\/index.php?rest_route=\/wp\/v2\/posts\/15"}],"collection":[{"href":"http:\/\/www.soniamoura.com.br\/index.php?rest_route=\/wp\/v2\/posts"}],"about":[{"href":"http:\/\/www.soniamoura.com.br\/index.php?rest_route=\/wp\/v2\/types\/post"}],"author":[{"embeddable":true,"href":"http:\/\/www.soniamoura.com.br\/index.php?rest_route=\/wp\/v2\/users\/1"}],"replies":[{"embeddable":true,"href":"http:\/\/www.soniamoura.com.br\/index.php?rest_route=%2Fwp%2Fv2%2Fcomments&post=15"}],"version-history":[{"count":0,"href":"http:\/\/www.soniamoura.com.br\/index.php?rest_route=\/wp\/v2\/posts\/15\/revisions"}],"wp:attachment":[{"href":"http:\/\/www.soniamoura.com.br\/index.php?rest_route=%2Fwp%2Fv2%2Fmedia&parent=15"}],"wp:term":[{"taxonomy":"category","embeddable":true,"href":"http:\/\/www.soniamoura.com.br\/index.php?rest_route=%2Fwp%2Fv2%2Fcategories&post=15"},{"taxonomy":"post_tag","embeddable":true,"href":"http:\/\/www.soniamoura.com.br\/index.php?rest_route=%2Fwp%2Fv2%2Ftags&post=15"}],"curies":[{"name":"wp","href":"https:\/\/api.w.org\/{rel}","templated":true}]}}