{"id":137,"date":"2008-02-15T09:06:13","date_gmt":"2008-02-15T13:06:13","guid":{"rendered":"http:\/\/www.soniamoura.com.br\/?p=137"},"modified":"2008-02-15T09:06:45","modified_gmt":"2008-02-15T13:06:45","slug":"amor-mais-que-perfeito","status":"publish","type":"post","link":"http:\/\/www.soniamoura.com.br\/?p=137","title":{"rendered":"AMOR (mais que) PERFEITO"},"content":{"rendered":"<p STYLE=\"font-family: Arial, sans-serif; font-size: 14px\" ALIGN=\"justify\"><strong STYLE=\"font-family: Verdana, Arial, sans-serif\">Leiam essa not\u00edcia e sintam no ar o cheiro do amor de m\u00e3os dadas com a esperan\u00e7a.<\/strong><\/p>\n<p STYLE=\"font-family: Arial, sans-serif; font-size: 14px\" ALIGN=\"justify\">&nbsp;<\/p>\n<p STYLE=\"font-family: Arial, sans-serif; font-size: 14px\" ALIGN=\"justify\">\u00a0\u00a0\u00a0\u00a0\u00a0\u00a0\u00a0\u00a0\u00a0\u00a0\u00a0\u00a0\u00a0\u00a0\u00a0\u00a0\u00a0\u00a0\u00a0\u00a0\u00a0\u00a0\u00a0\u00a0\u00a0\u00a0\u00a0\u00a0\u00a0\u00a0\u00a0\u00a0\u00a0\u00a0\u00a0<a HREF=\"http:\/\/www.soniamoura.com.br\/wp-content\/uploads\/2008\/02\/amorperfeito.jpg\" TITLE=\"amorperfeito.jpg\"><img SRC=\"http:\/\/www.soniamoura.com.br\/wp-content\/uploads\/2008\/02\/amorperfeito.jpg\" ALT=\"amorperfeito.jpg\" \/><\/a><\/p>\n<p><u STYLE=\"font-size: 16px\">Rec\u00e9m-casados mais idosos do mundo viajam pela Irlanda<\/u><\/p>\n<p STYLE=\"font-size: 14px\">&nbsp;<\/p>\n<p ALIGN=\"justify\"><em>Dublin, 14 fev (EFE) &#8211; Os dois somam 177 anos, o que lhes torna os rec\u00e9m-casados mais idosos do mundo, e querem comemorar hoje o Dia de S\u00e3o Valentim com uma cerim\u00f4nia religiosa na localidade irlandesa de Killarney.<\/em><\/p>\n<p><em>Peggy e James Mason, de 84 e 93 anos respectivamente, se casaram no civil no dia 19 de novembro na Inglaterra ap\u00f3s um r\u00e1pido namoro e, pouco depois, come\u00e7aram a percorrer as estradas de Reino Unido e Irlanda em sua lua-de-mel particular.<\/em><\/p>\n<p><em>Agora fizeram uma pausa na viagem para descansar e festejar a data t\u00e3o conhecida do patrono dos apaixonados.<\/em><\/p>\n<p><em>&#8220;Sentimos uma absoluta devo\u00e7\u00e3o um pelo outro, pode-se encontrar o amor em qualquer idade. Olhei para esses olhos azuis e para esse sorriso radiante e foi amor \u00e0 primeira vista&#8221;, disse James ao jornal &#8220;Irish Independent&#8221;.<\/em><\/p>\n<p>Qui, 14 Fev, 05h13  [ http:\/\/br.noticias.yahoo.com]<\/p>\n","protected":false},"excerpt":{"rendered":"<p>Leiam essa not\u00edcia e sintam no ar o cheiro do amor de m\u00e3os dadas com a esperan\u00e7a. &nbsp; \u00a0\u00a0\u00a0\u00a0\u00a0\u00a0\u00a0\u00a0\u00a0\u00a0\u00a0\u00a0\u00a0\u00a0\u00a0\u00a0\u00a0\u00a0\u00a0\u00a0\u00a0\u00a0\u00a0\u00a0\u00a0\u00a0\u00a0\u00a0\u00a0\u00a0\u00a0\u00a0\u00a0\u00a0\u00a0 Rec\u00e9m-casados mais idosos do mundo viajam pela Irlanda &nbsp; Dublin, 14 fev (EFE) &#8211; Os dois somam 177 anos, o que lhes torna os rec\u00e9m-casados mais idosos do mundo, e querem comemorar hoje o Dia de [&hellip;]<\/p>\n","protected":false},"author":1,"featured_media":0,"comment_status":"open","ping_status":"open","sticky":false,"template":"","format":"standard","meta":{"spay_email":"","jetpack_publicize_message":"","jetpack_is_tweetstorm":false},"categories":[1],"tags":[],"jetpack_featured_media_url":"","jetpack_publicize_connections":[],"jetpack_sharing_enabled":true,"jetpack_shortlink":"https:\/\/wp.me\/pmZuW-2d","jetpack-related-posts":[{"id":700,"url":"http:\/\/www.soniamoura.com.br\/?p=700","url_meta":{"origin":137,"position":0},"title":"O FEITI\u00c7O VIROU CONTRA A FEITICEIRA","date":"24 abril 2009","format":false,"excerpt":"O FEITI\u00c7O VIROU CONTRA A FEITICEIRA \u00a0 \u00a0 \u00a0 \u00a0 \u00a0 (Autoria: S\u00f4nia Moura) \u00a0 \u00a0 \u00a0 \u00a0 \u00a0 \u00a0 \u00a0 \u00a0 \u00a0 \u00a0 \u00a0 \u00a0 \u00a0 \u00a0 \u00a0 \u00a0 \u00a0 \u00a0 \u00a0 \u00a0 Elvira fora tra\u00edda pelo marido, Ricardo agora morava com \u201ca outra\u201d. O nome da \u201coutra\u201d n\u00e3o\u2026","rel":"","context":"Em &quot;Contos&quot;","img":{"alt_text":"","src":"","width":0,"height":0},"classes":[]},{"id":210,"url":"http:\/\/www.soniamoura.com.br\/?p=210","url_meta":{"origin":137,"position":1},"title":"FRATURA EXPOSTA","date":"22 maio 2008","format":false,"excerpt":"FRATURA EXPOSTA Assistindo a um programa sobre nascimentos, n\u00e3o sabia se ria ou se chorava, pois na hora que o beb\u00ea foi retirado da barriga de mam\u00e3e por meio de uma cesariana, colocaram aquela tarja preta no bilauzinho do rec\u00e9m chegado ao mundo. Sei que era um menino, pois o\u2026","rel":"","context":"Post similar","img":{"alt_text":"","src":"","width":0,"height":0},"classes":[]},{"id":173,"url":"http:\/\/www.soniamoura.com.br\/?p=173","url_meta":{"origin":137,"position":2},"title":"ETERNAMENTE","date":"27 mar\u00e7o 2008","format":false,"excerpt":"Quinta-feira, 27\/03\/2008 \u00c9 proibido morrer em uma cidade da Fran\u00e7a \u201cO decreto do prefeito de Sarpourenx \u00e9 um protesto contra a decis\u00e3o da cidade vizinha de proibir a amplia\u00e7\u00e3o do cemit\u00e9rio para seus limites. Ele espera que os idosos tenham vida longa.\u201d[Compilado do site http:\/\/video.globo.com - via \u2013 www.niu.com.br] (UM\u2026","rel":"","context":"Com 2 coment\u00e1rios","img":{"alt_text":"","src":"","width":0,"height":0},"classes":[]},{"id":86,"url":"http:\/\/www.soniamoura.com.br\/?p=86","url_meta":{"origin":137,"position":3},"title":"CURVAS","date":"15 dezembro 2007","format":false,"excerpt":"Niemeyer, 100 anos: solidariedade justifica passeio da vida Todas as curvas do mundo lembram Niemeyer: as curvas das praias, das estradas e das montanhas do Rio de Janeiro [ali\u00e1s, onde mais ele poderia ter nascido?], as curvas das pra\u00e7as e avenidas do mundo, as curvas de igrejas, de museus, de\u2026","rel":"","context":"Post similar","img":{"alt_text":"","src":"","width":0,"height":0},"classes":[]},{"id":253,"url":"http:\/\/www.soniamoura.com.br\/?p=253","url_meta":{"origin":137,"position":4},"title":"JANELAS","date":"1 julho 2008","format":false,"excerpt":"JANELAS \u201cA mo\u00e7a feia debru\u00e7ou na janela \/ Pensando que a banda tocava pra ela\u201d [A Banda \u2013 Chico Buarque] \u201cL\u00e1 fora, amor, uma rosa nasceu, todo mundo sambou, uma estrela caiu \/ Eu bem que mostrei sorrindo, pela janela, ah que lindo\/ Mas Carolina n\u00e3o viu...\u201d [Carolina - Chico\u2026","rel":"","context":"Post similar","img":{"alt_text":"","src":"","width":0,"height":0},"classes":[]},{"id":1882,"url":"http:\/\/www.soniamoura.com.br\/?p=1882","url_meta":{"origin":137,"position":5},"title":"CURVAS DE NIEMEYER","date":"6 dezembro 2012","format":false,"excerpt":"CURVAS DE NIEMEYER Todas as curvas do mundo lembram Niemeyer: as curvas das praias, das estradas e das montanhas do Rio de Janeiro [ali\u00e1s, onde mais ele poderia ter nascido?], as curvas das pra\u00e7as e avenidas do mundo, as curvas de igrejas, de museus, de pal\u00e1cios, de escolas que ele\u2026","rel":"","context":"Em &quot;Mensagens&quot;","img":{"alt_text":"","src":"","width":0,"height":0},"classes":[]}],"_links":{"self":[{"href":"http:\/\/www.soniamoura.com.br\/index.php?rest_route=\/wp\/v2\/posts\/137"}],"collection":[{"href":"http:\/\/www.soniamoura.com.br\/index.php?rest_route=\/wp\/v2\/posts"}],"about":[{"href":"http:\/\/www.soniamoura.com.br\/index.php?rest_route=\/wp\/v2\/types\/post"}],"author":[{"embeddable":true,"href":"http:\/\/www.soniamoura.com.br\/index.php?rest_route=\/wp\/v2\/users\/1"}],"replies":[{"embeddable":true,"href":"http:\/\/www.soniamoura.com.br\/index.php?rest_route=%2Fwp%2Fv2%2Fcomments&post=137"}],"version-history":[{"count":0,"href":"http:\/\/www.soniamoura.com.br\/index.php?rest_route=\/wp\/v2\/posts\/137\/revisions"}],"wp:attachment":[{"href":"http:\/\/www.soniamoura.com.br\/index.php?rest_route=%2Fwp%2Fv2%2Fmedia&parent=137"}],"wp:term":[{"taxonomy":"category","embeddable":true,"href":"http:\/\/www.soniamoura.com.br\/index.php?rest_route=%2Fwp%2Fv2%2Fcategories&post=137"},{"taxonomy":"post_tag","embeddable":true,"href":"http:\/\/www.soniamoura.com.br\/index.php?rest_route=%2Fwp%2Fv2%2Ftags&post=137"}],"curies":[{"name":"wp","href":"https:\/\/api.w.org\/{rel}","templated":true}]}}