{"id":136,"date":"2008-02-11T19:30:18","date_gmt":"2008-02-11T23:30:18","guid":{"rendered":"http:\/\/www.soniamoura.com.br\/?p=136"},"modified":"2008-02-14T14:54:03","modified_gmt":"2008-02-14T18:54:03","slug":"cenas-de-um-casamento","status":"publish","type":"post","link":"http:\/\/www.soniamoura.com.br\/?p=136","title":{"rendered":"CENAS DE UM CASAMENTO"},"content":{"rendered":"<p><a TITLE=\"casamento1.jpg\" HREF=\"http:\/\/www.soniamoura.com.br\/wp-content\/uploads\/2008\/02\/casamento1.jpg\"><img ALT=\"casamento1.jpg\" SRC=\"http:\/\/www.soniamoura.com.br\/wp-content\/uploads\/2008\/02\/casamento1.jpg\" \/><\/a><\/p>\n<p>Enla\u00e7ando o social, o econ\u00f4mico e o religioso, um dos mais  conhecidos rituais-<strong> o casamento\u00a0<\/strong>&#8211;\u00a0 \u00e9 a representa\u00e7\u00e3o do novo e do velho no ciclo repetitivo da vida e das condi\u00e7\u00f5es superficiais e tamb\u00e9m profundas das rela\u00e7\u00f5es familiares.<\/p>\n<p>Para dar a impress\u00e3o an\u00e1loga da viv\u00eancia participativa da vida familiar, atrav\u00e9s de configura\u00e7\u00f5es\u00a0significativas  presentes em qualquer ritual, os elementos colocados em cena \u2013personagens (noivos, padrinhos, convidados, sacerdote), m\u00fasica, figurinos, risos, l\u00e1grimas, flores, igreja e f\u00e9- nos transportam para a simboliza\u00e7\u00e3o emocional, exprimindo alegria, ansiedade, medo, d\u00favida, desejo, raz\u00e3o, moral e tradi\u00e7\u00e3o, s\u00edmbolos desse rito de passagem.<\/p>\n<p>Por sua din\u00e2mica imag\u00edstica, a representa\u00e7\u00e3o desse jogo social se   manifesta em   express\u00f5es,  que se mostram ou se escondem, \u00a0para,\u00a0como\u00a0num\u00a0espelho,\u00a0   mostrarem o reflexo do que vai nas mentes prenhes de emo\u00e7\u00f5es, ainda que estas estejam em desalinho. Personagens s\u00e3o colocados lado a lado, assim,  a distribui\u00e7\u00e3o espacial representa as estreitezas sociais, conceitos e preconceitos que se esbarram no palco da vida, a todo  momento.<\/p>\n<p>Tudo no cen\u00e1rio de um casamento aponta para as marcas das velhas- novas rela\u00e7\u00f5es matrimonias, o que ir\u00e1 se reprisar em cada nova cerim\u00f4nia, em cada novo casamento.<\/p>\n<p>O espa\u00e7o tem\u00e1tico \u00e9 estimulado pelo embate entre o  branco (vestido da noiva), o negro (o terno do noivo) e o colorido do vestu\u00e1rio de padrinhos e convidados, pois a mistura de cores ratifica a intensidade dos desejos que parecem mover-se tamb\u00e9m em campos estreitos, limitados, por\u00e9m muito bem determinados, ratificando os pap\u00e9is sociais estabelecidos, a partir do \u201cunidos para sempre\u201d.<\/p>\n<p>Quando todos os olhares se voltam para a noiva, \u00e9 a imagem dela que traz \u00e0 tona esperan\u00e7as, desejos, sedu\u00e7\u00f5es, dessa forma,  um especial universo\u00a0dos\u00a0sonhos\u00a0 se sobressai, marcado pela preval\u00eancia das vozes e pela presen\u00e7a em destaque da noiva e de outras personagens femininas em cena.<\/p>\n<p>Nessa cerim\u00f4nia, s\u00edmbolo de candura e pureza, a cor branca camufla a sensualidade e a sexualidade, que estar\u00e3o escondidas nas fendas das falas do reverendo, nos gestos contidos da plat\u00e9ia, na entrega da filha ao noivo, feita pelo pai ou no modo como o marido levanta o v\u00e9u para dar \u201co primeiro beijo\u201d em sua mulher, logo ap\u00f3s, \u201cunidos para sempre\u201d.<\/p>\n<p>Adentrando igrejas, cora\u00e7\u00f5es e mentes, o ritual do casamento perpetua-se figurativamente como imagem de\u00a0poss\u00edveis\u00a0realiza\u00e7\u00f5es, enquanto a sutileza da fantasia dissimula os la\u00e7os e os n\u00f3s das rela\u00e7\u00f5es familiares que existem e as que est\u00e3o por vir, para que possamos visitar ou revisitar, a magia  de nossas vidas, de nossas ilus\u00f5es, de  nossos sentimentos e desejos.<\/p>\n","protected":false},"excerpt":{"rendered":"<p>Enla\u00e7ando o social, o econ\u00f4mico e o religioso, um dos mais conhecidos rituais- o casamento\u00a0&#8211;\u00a0 \u00e9 a representa\u00e7\u00e3o do novo e do velho no ciclo repetitivo da vida e das condi\u00e7\u00f5es superficiais e tamb\u00e9m profundas das rela\u00e7\u00f5es familiares. Para dar a impress\u00e3o an\u00e1loga da viv\u00eancia participativa da vida familiar, atrav\u00e9s de configura\u00e7\u00f5es\u00a0significativas presentes em qualquer [&hellip;]<\/p>\n","protected":false},"author":1,"featured_media":0,"comment_status":"open","ping_status":"open","sticky":false,"template":"","format":"standard","meta":{"spay_email":"","jetpack_publicize_message":"","jetpack_is_tweetstorm":false},"categories":[6],"tags":[],"jetpack_featured_media_url":"","jetpack_publicize_connections":[],"jetpack_sharing_enabled":true,"jetpack_shortlink":"https:\/\/wp.me\/pmZuW-2c","jetpack-related-posts":[{"id":891,"url":"http:\/\/www.soniamoura.com.br\/?p=891","url_meta":{"origin":136,"position":0},"title":"REAL FICCIONALIZADO","date":"14 setembro 2009","format":false,"excerpt":"REAL FICCIONALIZADO (Autoria: S\u00d4NIA MOURA) Na acep\u00e7\u00e3o cl\u00e1ssica da palavra, os sentidos e formas de representa\u00e7\u00e3o ou de reapresenta\u00e7\u00e3o do real exibem-se de modo bem variado: como escola liter\u00e1ria, como concep\u00e7\u00e3o global de vida e literatura; como representa\u00e7\u00e3o horizontal e vertical do mundo; como representa\u00e7\u00e3o social, abarcando o verdadeiro e\u2026","rel":"","context":"Em &quot;Ensaios&quot;","img":{"alt_text":"","src":"","width":0,"height":0},"classes":[]},{"id":324,"url":"http:\/\/www.soniamoura.com.br\/?p=324","url_meta":{"origin":136,"position":1},"title":"DUAS FAM\u00cdLIAS EM \"A  CAVERNA\" DE SARAMAGO","date":"20 agosto 2008","format":false,"excerpt":"\u00a0 \u00a0 \u00a0 \u00a0 \u00a0 \u00a0 \u00a0 \u00a0 \u00a0 \u00a0 \u00a0 \u00a0 \u00a0 \u00a0 \u00a0 \u00a0 \u00a0\u00a0 DUAS FAM\u00cdLIAS NA CAVERNA\u00a0 Um breve estudo sobre a fam\u00edlia de A Caverna, de Jos\u00e9 Saramago - [Autoria: S\u00d4NIA MOURA] Em A Caverna, Saramago nos traz o modelo da fam\u00edlia portuguesa do s\u00e9c.\u2026","rel":"","context":"Em &quot;Ensaios&quot;","img":{"alt_text":"","src":"","width":0,"height":0},"classes":[]},{"id":146,"url":"http:\/\/www.soniamoura.com.br\/?p=146","url_meta":{"origin":136,"position":2},"title":"Prospectores","date":"5 mar\u00e7o 2008","format":false,"excerpt":"Al\u00e9m do que j\u00e1 falei sobre o filme \"Sangue Negro\", no artigo intitulado \"Sangrando\" , h\u00e1 mais dois detalhes que merecem destaque e um estudo mais abrangente, s\u00e3o eles: Os nomes de alguns personagens* e a representa\u00e7\u00e3o simb\u00f3lica do jogo social. I - NOMES Daniel - o ca\u00e7ador de petr\u00f3leo,\u2026","rel":"","context":"Post similar","img":{"alt_text":"","src":"","width":0,"height":0},"classes":[]},{"id":154,"url":"http:\/\/www.soniamoura.com.br\/?p=154","url_meta":{"origin":136,"position":3},"title":"\"PRA N\u00c3O DIZER QUE N\u00c3O FALEI DE FLORES...\"","date":"7 mar\u00e7o 2008","format":false,"excerpt":"Ah! Que saudades dos tempos de outrora em que as flores enfeitavam a vida e amenizavam a morte. Nos dias de hoje, at\u00e9 elas, t\u00e3o singelas, perfumadas, serenas v\u00e3o parar nos tribunais, nas cortes, logo elas que s\u00e3o usadas para se fazer a corte!. Tempos! Oh! Tempos! I - Corte\u2026","rel":"","context":"Com 2 coment\u00e1rios","img":{"alt_text":"","src":"","width":0,"height":0},"classes":[]},{"id":963,"url":"http:\/\/www.soniamoura.com.br\/?p=963","url_meta":{"origin":136,"position":4},"title":"A LINGUAGEM E O ENSINO","date":"25 outubro 2009","format":false,"excerpt":"A LINGUAGEM E O ENSINO (Autoria:S\u00d4NIA MOURA) \u00a0 \u00a0\u00a0\u00a0\u00a0\u00a0\u00a0\u00a0\u00a0\u00a0\u00a0 Tomando como as principais correntes dos estudos ling\u00fc\u00edsticos,\u00a0 a gram\u00e1tica tradicional, o estruturalismo e a ling\u00fc\u00edstica da enuncia\u00e7\u00e3o, podemos\u00a0 definir a linguagem como express\u00e3o de pensamento, instrumento de comunica\u00e7\u00e3o, modo de intera\u00e7\u00e3o e\/ou representa\u00e7\u00e3o art\u00edstica, sem perder de vista o sujeito\u2026","rel":"","context":"Em &quot;Ensaios&quot;","img":{"alt_text":"","src":"","width":0,"height":0},"classes":[]},{"id":1319,"url":"http:\/\/www.soniamoura.com.br\/?p=1319","url_meta":{"origin":136,"position":5},"title":"EROS E TANATOS \u2013 haver\u00e1 um vencedor?","date":"9 agosto 2010","format":false,"excerpt":"\u00a0 \u00a0 \u00a0 EROS E TANATOS \u2013 haver\u00e1 um vencedor? \u00a0\u00a0(por S\u00d4NIA MOURA) \u00a0 O romance Adeus a Aleto de Roberto Muniz Dias nos traz a leitura poliss\u00eamica das sensa\u00e7\u00f5es, suscita o reexame da for\u00e7a dos sentidos, do que \u00e9 er\u00f3tico (e n\u00e3o pornogr\u00e1fico), do que \u00e9 desejo (e n\u00e3o\u2026","rel":"","context":"Em &quot;Livros&quot;","img":{"alt_text":"","src":"","width":0,"height":0},"classes":[]}],"_links":{"self":[{"href":"http:\/\/www.soniamoura.com.br\/index.php?rest_route=\/wp\/v2\/posts\/136"}],"collection":[{"href":"http:\/\/www.soniamoura.com.br\/index.php?rest_route=\/wp\/v2\/posts"}],"about":[{"href":"http:\/\/www.soniamoura.com.br\/index.php?rest_route=\/wp\/v2\/types\/post"}],"author":[{"embeddable":true,"href":"http:\/\/www.soniamoura.com.br\/index.php?rest_route=\/wp\/v2\/users\/1"}],"replies":[{"embeddable":true,"href":"http:\/\/www.soniamoura.com.br\/index.php?rest_route=%2Fwp%2Fv2%2Fcomments&post=136"}],"version-history":[{"count":0,"href":"http:\/\/www.soniamoura.com.br\/index.php?rest_route=\/wp\/v2\/posts\/136\/revisions"}],"wp:attachment":[{"href":"http:\/\/www.soniamoura.com.br\/index.php?rest_route=%2Fwp%2Fv2%2Fmedia&parent=136"}],"wp:term":[{"taxonomy":"category","embeddable":true,"href":"http:\/\/www.soniamoura.com.br\/index.php?rest_route=%2Fwp%2Fv2%2Fcategories&post=136"},{"taxonomy":"post_tag","embeddable":true,"href":"http:\/\/www.soniamoura.com.br\/index.php?rest_route=%2Fwp%2Fv2%2Ftags&post=136"}],"curies":[{"name":"wp","href":"https:\/\/api.w.org\/{rel}","templated":true}]}}