{"id":133,"date":"2008-02-07T13:41:33","date_gmt":"2008-02-07T17:41:33","guid":{"rendered":"http:\/\/www.soniamoura.com.br\/?p=133"},"modified":"2008-02-09T17:45:49","modified_gmt":"2008-02-09T21:45:49","slug":"non-je-me-regrette-rien-je-me-fous-du-passe%e2%80%9d","status":"publish","type":"post","link":"http:\/\/www.soniamoura.com.br\/?p=133","title":{"rendered":"Non, Je me regrette rien\/ Je me fous du passe\u201d"},"content":{"rendered":"<p>\u00a0\u00a0\u00a0<a TITLE=\"Piaf\" HREF=\"http:\/\/www.soniamoura.com.br\/wp-content\/uploads\/2008\/02\/piaf.jpg\"><img ALT=\"Piaf\" SRC=\"http:\/\/www.soniamoura.com.br\/wp-content\/uploads\/2008\/02\/piaf.jpg\" \/><\/a><\/p>\n<p ALIGN=\"justify\">&nbsp;<\/p>\n<p ALIGN=\"justify\">\u00a0Na 4a. Feira de Cinzas (algu\u00e9m ainda se lembra dessa nomenclatura?), fui ao cinema, \u00a0assistir \u201cLa M\u00f4me\u201d ou \u201cPiaf \u2013 Um Hino ao Amor\u201d , filme que reproduz a vida triste, louca,\u00a0linda e conturbada de uma das mais belas vozes do s\u00e9culo XX \u2013 a\u00a0vida\u00a0da\u00a0cantora Edith Piaf (1915-1963), brilhantemente interpretada pela francesa\u00a0 Marion\u00a0Cotillard.<\/p>\n<p>Tudo arrepia.<\/p>\n<p ALIGN=\"justify\">A hist\u00f3ria de Edith comove a tal ponto que, at\u00e9 mesmo a mais insens\u00edvel criatura n\u00e3o conseguir\u00e1 ficar\u00a0 indiferente.<\/p>\n<p>Na inf\u00e2ncia, a menina Edith foi abandonada pela m\u00e3e, que, como sonhava ser cantora, foi \u00e0 luta, deixando a fr\u00e1gil menina entregue a pr\u00f3pria sorte. Por sua vez, o pai, um artista circense, tamb\u00e9m pouco respons\u00e1vel, deixa-a aos cuidados da av\u00f3 paterna, num prost\u00edbulo, e vai para a guerra e ao retornar, ambos, pai e filha v\u00e3o se apresentar nas ruas de Paris, como artistas mambembes. A m\u00e3e e o pai vivem vidas loucas, livres e soltas. Edith seguir\u00e1 por estas sendas.<\/p>\n<p>Um empres\u00e1rio a descobre, ela alcan\u00e7a sucesso e depois tudo est\u00e1 perdido, at\u00e9 a pr\u00f3xima cena (no cinema e na vida), quando \u00e9 resgatada do fundo do po\u00e7o\u00a0para\u00a0a\u00a0arte\u00a0e\u00a0por\u00a0um\u00a0amor avassalador\u00a0que ir\u00e1 faz\u00ea-la feliz, como nunca, por algum tempo. O tempo deu e o tempo tirou-\u00a0 Marcel morre num desastre a\u00e9reo.<\/p>\n<p>Assim segue a incr\u00edvel vida desta incompar\u00e1vel artista, no vai e vem inconstante do mundo.<\/p>\n<p>Hoje na mis\u00e9ria, amanh\u00e3 no apogeu, e vice e versa. Ama, perde, ganha, chora, ri!<\/p>\n<p>Edith vive a eterna solid\u00e3o que acompanha os que foram rejeitados e abandonados na inf\u00e2ncia. N\u00e3o tem jeito, quem tem uma inf\u00e2ncia de desamor e abandono, morre lentamente e sempre estar\u00e1 preso \u00e0s garras da solid\u00e3o.<br \/>\nPor isso \u00e9 dif\u00edcil para quem n\u00e3o viveu esta dor, entender Piaf, sempre em busca do amor, em busca de ser amada e de amar.<\/p>\n<p>Alguns cr\u00edticos disseram que o filme peca pelo excesso de vai e vem na narrativa. Ora, senhores, n\u00e3o entenderam que a narrativa estava seguindo o ritmo da vida narrada?<\/p>\n<p>\u201cLa M\u00f4me\u201d ou \u201cPiaf \u2013 Um Hino ao Amor\u201d me fez chorar e penetrar no mundo das paix\u00f5es e das dores reclusas, num mundo do amor que \u00e9 ceifado desde cedo desse p\u00e1ssaro em forma de mulher.<\/p>\n<p>Confesso, quando as luzes se acenderam ao final da proje\u00e7\u00e3o de \u201cLa M\u00f4me\u201d, meus olhos estavam marejados, j\u00e1 que as l\u00e1grimas rolaram abundantemente ao som de can\u00e7\u00f5es como \u201cLa Vie en Rose\u201d, \u201cNon, Je ne Regrette Rien\u201d, \u201cPadam Padam\u201d, \u201cL&#8217;Hymne \u00e0 l&#8217;amour&#8221; e, convenhamos, a hist\u00f3ria dessa artista j\u00e1 d\u00e1 para encher baldes de l\u00e1grimas.<\/p>\n<p>Embora esses versos de um dos maiores sucessos de Edith digam: <em>Non. Je me regrette rien\/ Je me fous du passe\u201d (&#8220;N\u00e3o me lamento de nada\/ Eu me lixo para o passado&#8221;),<\/em> creiam-me, isto fica bem s\u00f3 nos versos das can\u00e7\u00f5es, uma vez que isso \u00e9 apenas catarse, nada mais!<\/p>\n","protected":false},"excerpt":{"rendered":"<p>\u00a0\u00a0\u00a0 &nbsp; \u00a0Na 4a. Feira de Cinzas (algu\u00e9m ainda se lembra dessa nomenclatura?), fui ao cinema, \u00a0assistir \u201cLa M\u00f4me\u201d ou \u201cPiaf \u2013 Um Hino ao Amor\u201d , filme que reproduz a vida triste, louca,\u00a0linda e conturbada de uma das mais belas vozes do s\u00e9culo XX \u2013 a\u00a0vida\u00a0da\u00a0cantora Edith Piaf (1915-1963), brilhantemente interpretada pela francesa\u00a0 Marion\u00a0Cotillard. [&hellip;]<\/p>\n","protected":false},"author":1,"featured_media":0,"comment_status":"open","ping_status":"open","sticky":false,"template":"","format":"standard","meta":{"spay_email":"","jetpack_publicize_message":"","jetpack_is_tweetstorm":false},"categories":[5],"tags":[],"jetpack_featured_media_url":"","jetpack_publicize_connections":[],"jetpack_sharing_enabled":true,"jetpack_shortlink":"https:\/\/wp.me\/pmZuW-29","jetpack-related-posts":[{"id":1621,"url":"http:\/\/www.soniamoura.com.br\/?p=1621","url_meta":{"origin":133,"position":0},"title":"\u00c0 AMY WINEHOUSE","date":"26 julho 2011","format":false,"excerpt":"\u00a0 Em julho de 2008, publiquei esta mensagem, falando da minha tristeza ao saber como estava levando a vida a bel\u00edssima artista Amy Winehouse. Agora, com a partida da talentosa cantora, resolvi reedit\u00e1-la: http:\/\/ultimosegundo.ig.com.br VIA - www.niu.com.br \"Amy Winehouse recebeu hoje alta do University College Hospital, em Londres, um dia\u2026","rel":"","context":"Em &quot;Blogroll&quot;","img":{"alt_text":"","src":"","width":0,"height":0},"classes":[]},{"id":299,"url":"http:\/\/www.soniamoura.com.br\/?p=299","url_meta":{"origin":133,"position":1},"title":"\u00c0 Amy e outros mais","date":"29 julho 2008","format":false,"excerpt":"http:\/\/ultimosegundo.ig.com.br VIA \u2013 www.niu.com.br \u201cAmy Winehouse recebeu hoje alta do University College Hospital, em Londres, um dia depois de ser internada por causa de uma rea\u00e7\u00e3o adversa a um medicamento, informou o porta-voz da cantora, Chris Goodman. Segundo Goodman, a artista deixou a cl\u00ednica depois de passar uma noite em\u2026","rel":"","context":"Em &quot;Mensagens&quot;","img":{"alt_text":"","src":"","width":0,"height":0},"classes":[]},{"id":311,"url":"http:\/\/www.soniamoura.com.br\/?p=311","url_meta":{"origin":133,"position":2},"title":"DECLARA\u00c7\u00c3O DE AMOR","date":"9 agosto 2008","format":false,"excerpt":"\u00a0 \u00a0 \u00a0 \u00a0 \u00a0 \u00a0 \u00a0 \u00a0 \u00a0 \u00a0 \u00a0 \u00a0 \u00a0 \u00a0 \u00a0 \u00a0 \u00a0 \u00a0 \u00a0 \u00a0 \u00a0 Declara\u00e7\u00e3o de Amor (Autoria:S\u00f4nia Moura) Pai, no seu dia eu vou-lhe dizer: AMO VOC\u00ca, pai! AMO VOC\u00ca! Embora muito ausente, (Esta dor em mim n\u00e3o me desmente) Mesmo assim,\u2026","rel":"","context":"Em &quot;Poesias&quot;","img":{"alt_text":"","src":"","width":0,"height":0},"classes":[]},{"id":326,"url":"http:\/\/www.soniamoura.com.br\/?p=326","url_meta":{"origin":133,"position":3},"title":"BOLAS COLORIDAS","date":"21 agosto 2008","format":false,"excerpt":"Bolas coloridas (por S\u00d4NIA MOURA) M\u00e3e e padrasto s\u00e3o suspeitos de torturar menina de 3 anos em SP A m\u00e3e e o padrasto de uma menina de 3 anos foram indiciados em Tabo\u00e3o da Serra, na Grande S\u00e3o Paulo, suspeitos de torturarem a crian\u00e7a. Os dois foram denunciados pela av\u00f3\u2026","rel":"","context":"Em &quot;Mensagens&quot;","img":{"alt_text":"","src":"","width":0,"height":0},"classes":[]},{"id":1076,"url":"http:\/\/www.soniamoura.com.br\/?p=1076","url_meta":{"origin":133,"position":4},"title":"O EF\u00caMERO E O ETERNO","date":"27 dezembro 2009","format":false,"excerpt":"\u00a0 \u00a0 \u00a0 \u00a0 \u00a0 \u00a0 \u00a0 \u00a0 \u00a0 \u00a0 \u00a0 \u00a0 \u00a0 \u00a0 \u00a0 \u00a0 \u00a0 \u00a0 \u00a0 \u00a0 \u00a0 \u00a0 \u00a0 \u00a0 \u00a0 O EF\u00caMERO E O ETERNO\u00a0 (Autoria: S\u00f4nia Moura) \u00a0 \u00a0 \u00b7\u00a0\u00a0\u00a0\u00a0\u00a0\u00a0\u00a0 \u00b7\u00a0\u00a0\u00a0\u00a0\u00a0\u00a0\u00a0 Ef\u00eamero foi aquele beijo que a menina-mo\u00e7a trocou no baile h\u00e1 tanto tempo.\u2026","rel":"","context":"Em &quot;Blogroll&quot;","img":{"alt_text":"","src":"","width":0,"height":0},"classes":[]},{"id":286,"url":"http:\/\/www.soniamoura.com.br\/?p=286","url_meta":{"origin":133,"position":5},"title":"SALVEMOS NOSSAS CRIAN\u00c7AS!","date":"22 julho 2008","format":false,"excerpt":"\u00a0 \u00a0 \u00a0 Salvemos nossas crian\u00e7as! \u201cM\u00e3e esfaqueia filha depois de surto psic\u00f3tico em MGPlant\u00e3o | Publicada em 22\/07\/2008 \u00e0s 10h58m - CBN Minas BELO HORIZONTE - Permanece internada no CTI do Pronto Socorro Jo\u00e3o XXIII a menina de tr\u00eas anos que foi esfaqueada, na segunda-feira em Nova Lima, na\u2026","rel":"","context":"Com 1 coment\u00e1rio","img":{"alt_text":"","src":"","width":0,"height":0},"classes":[]}],"_links":{"self":[{"href":"http:\/\/www.soniamoura.com.br\/index.php?rest_route=\/wp\/v2\/posts\/133"}],"collection":[{"href":"http:\/\/www.soniamoura.com.br\/index.php?rest_route=\/wp\/v2\/posts"}],"about":[{"href":"http:\/\/www.soniamoura.com.br\/index.php?rest_route=\/wp\/v2\/types\/post"}],"author":[{"embeddable":true,"href":"http:\/\/www.soniamoura.com.br\/index.php?rest_route=\/wp\/v2\/users\/1"}],"replies":[{"embeddable":true,"href":"http:\/\/www.soniamoura.com.br\/index.php?rest_route=%2Fwp%2Fv2%2Fcomments&post=133"}],"version-history":[{"count":0,"href":"http:\/\/www.soniamoura.com.br\/index.php?rest_route=\/wp\/v2\/posts\/133\/revisions"}],"wp:attachment":[{"href":"http:\/\/www.soniamoura.com.br\/index.php?rest_route=%2Fwp%2Fv2%2Fmedia&parent=133"}],"wp:term":[{"taxonomy":"category","embeddable":true,"href":"http:\/\/www.soniamoura.com.br\/index.php?rest_route=%2Fwp%2Fv2%2Fcategories&post=133"},{"taxonomy":"post_tag","embeddable":true,"href":"http:\/\/www.soniamoura.com.br\/index.php?rest_route=%2Fwp%2Fv2%2Ftags&post=133"}],"curies":[{"name":"wp","href":"https:\/\/api.w.org\/{rel}","templated":true}]}}