{"id":1250,"date":"2010-05-27T09:19:02","date_gmt":"2010-05-27T13:19:02","guid":{"rendered":"http:\/\/www.soniamoura.com.br\/?p=1250"},"modified":"2010-05-27T15:47:57","modified_gmt":"2010-05-27T19:47:57","slug":"autor-leitor-palavras-e-cumplicidades","status":"publish","type":"post","link":"http:\/\/www.soniamoura.com.br\/?p=1250","title":{"rendered":"AUTOR \/LEITOR- PALAVRAS E CUMPLICIDADES"},"content":{"rendered":"<p>\u00a0<a title=\"AUTOR \/LEITOR- PALAVRAS E CUMPLICIDADES\" href=\"http:\/\/www.soniamoura.com.br\/wp-content\/uploads\/2010\/05\/leitura.JPG\"><img alt=\"AUTOR \/LEITOR- PALAVRAS E CUMPLICIDADES\" src=\"http:\/\/www.soniamoura.com.br\/wp-content\/uploads\/2010\/05\/leitura.JPG\" \/><\/a><\/p>\n<p style=\"margin-right: 2.85pt; text-align: justify; line-height: 150%\" class=\"MsoNormal\">AUTOR \/LEITOR- PALAVRAS E CUMPLICIDADES <span style=\"font-size: 10.0pt\"><span>\u00a0<\/span>(Autoria: S\u00f4nia  Moura)<\/span><\/p>\n<p style=\"margin-right: 2.85pt; text-align: justify; line-height: 150%\" class=\"MsoNormal\">\u00a0<span style=\"font-style: normal\">A  base de nossa percep\u00e7\u00e3o do mundo d\u00e1 \u2013 se pela palavra,<span>\u00a0 <\/span>oral ou escrita, \u00e9 atrav\u00e9s dela que as  representa\u00e7\u00f5es culturais de um povo se perpetuam, se multiplicam, se modificam  e \u00e9, pela falta da palavra, que h\u00e1bitos e costumes podem sucumbir<\/span>.<\/p>\n<p style=\"margin-top: 0cm; margin-right: 2.85pt; margin-bottom: .0001pt; margin-left: 2.85pt; text-align: justify; line-height: 150%\" class=\"MsoNormal\">Transformam-se os modos de narrar contaminados pelas mudan\u00e7as sociais ou  por estarem atrelados aos meios de comunica\u00e7\u00e3o, por\u00e9m, a narrativa n\u00e3o morre;  modifica-se, cede espa\u00e7o ou lugar a novas formas de contar hist\u00f3rias, mas n\u00e3o  morre.<\/p>\n<p style=\"margin-top: 0cm; margin-right: 2.85pt; margin-bottom: .0001pt; margin-left: 2.85pt; text-align: justify; line-height: 150%\" class=\"MsoNormal\">As experi\u00eancias individuais ou coletivas transmutadas em narrativas,  refor\u00e7am conceitos, ideologias, den\u00fancias, circulam de boca em boca, de texto  em texto, consagram mitos e ritos, contaminam, ensinam, registram, agitam,  metamorfoseiam \u2013 se em arte, uma das mais eloquentes e inquietantes produ\u00e7\u00f5es  do homem, transformando coisas e id\u00e9ias.<\/p>\n<p style=\"margin-top: 0cm; margin-right: 2.85pt; margin-bottom: .0001pt; margin-left: 2.85pt; text-align: justify; line-height: 150%\" class=\"MsoNormal\">O artista, atrav\u00e9s de sua arte, interfere, modifica ou (re)forma o meio  em que vive, d\u00e1 \u2013lhe novos formatos, novas interpreta\u00e7\u00f5es e significados, este  \u00e9 o principal sentido da obra de arte \u2013 sua interven\u00e7\u00e3o no processo hist\u00f3rico  social e na pr\u00f3pria arte, assim, a intera\u00e7\u00e3o entre o autor e o leitor permitir\u00e1  a educa\u00e7\u00e3o para a percep\u00e7\u00e3o art\u00edstica e estimular\u00e1 a explora\u00e7\u00e3o dos meandros da  mente, pois:<em> \u201cCompreender a obra de arte  significa conhecer seus autores<span>\u00a0  <\/span>(artistas, produtores) e apreend\u00ea-la em seu movimento mais amplo, isto  \u00e9, no contato com o p\u00fablico, onde o ato criador se completa.\u201d<\/em><span style=\"font-size: 8pt; font-family: 'Monotype Corsiva'\">  (FUSARI, Maria Felismina de Rezende e FERRAZ, Maria Helo\u00edsa Corr\u00eaa de Toledo. <u>A  Arte na Educa\u00e7\u00e3o Escolar.<\/u> S\u00e3o Paulo: Cortez, 1993.)<\/span><\/p>\n<p style=\"margin-top: 0cm; margin-right: 2.85pt; margin-bottom: .0001pt; margin-left: 2.85pt; text-align: justify; line-height: 150%\" class=\"MsoNormal\"><em><span>\u00a0<\/span><\/em>A literatura \u00e9 uma arte e, como todo processo de cria\u00e7\u00e3o, ao  ser recebida,<span>\u00a0 <\/span>\u00e9 recriada, uma vez que  novos sentidos lhe s\u00e3o atribu\u00eddos. Ao ler um texto manifestamo-nos, expressamo  \u2013 nos pelos saberes incrustados em pedras culturais, pelas influ\u00eancias que  permeiam o nosso ambiente e por normas ditadas em um determinado tempo.<\/p>\n<p class=\"MsoBlockText\">No momento em que os leitores entram em contato com o  artista (autor), atrav\u00e9s de<span>\u00a0 <\/span>sua obra,  tornaram-se c\u00famplices, parceiros, acontece a troca de experi\u00eancias, porque a  arte desperta no indiv\u00edduo o seu pr\u00f3prio processo de sentir, de agilizar a  mente, de ampliar a imagina\u00e7\u00e3o, rompendo<span>\u00a0  <\/span>limites impostos. E \u00e9 deste ato de rebeldia, a proposta do novo, que se  vale a cria\u00e7\u00e3o textual, para fomentar a intera\u00e7\u00e3o dial\u00e9tica entre literatura e  sociedade, e do qual nos valemos para que o leitor, por suas (re)leituras, introjete  novos c\u00f3digos que imprimimam caracter\u00edsticas espec\u00edficas em rela\u00e7\u00e3o ao texto  lido.<\/p>\n<p style=\"margin-right: 2.85pt; text-align: justify; line-height: 150%\" class=\"MsoNormal\"><span style=\"font-size: 10.0pt\">(AUTORIA: <strong>S\u00f4nia  Moura \u2013 UFF- 2008<\/strong>)<\/span><\/p>\n<p style=\"margin-right: 2.85pt; text-align: justify; line-height: 150%\" class=\"MsoNormal\"><a href=\"http:\/\/www.soniamoura.com.br\/wp-content\/uploads\/2010\/05\/ler1.jpg\" title=\"AUTOR \/LEITOR- PALAVRAS E CUMPLICIDADES\"><img src=\"http:\/\/www.soniamoura.com.br\/wp-content\/uploads\/2010\/05\/ler1.jpg\" alt=\"AUTOR \/LEITOR- PALAVRAS E CUMPLICIDADES\" \/><\/a><\/p>\n","protected":false},"excerpt":{"rendered":"<p>\u00a0 AUTOR \/LEITOR- PALAVRAS E CUMPLICIDADES \u00a0(Autoria: S\u00f4nia Moura) \u00a0A base de nossa percep\u00e7\u00e3o do mundo d\u00e1 \u2013 se pela palavra,\u00a0 oral ou escrita, \u00e9 atrav\u00e9s dela que as representa\u00e7\u00f5es culturais de um povo se perpetuam, se multiplicam, se modificam e \u00e9, pela falta da palavra, que h\u00e1bitos e costumes podem sucumbir. Transformam-se os modos [&hellip;]<\/p>\n","protected":false},"author":1,"featured_media":0,"comment_status":"open","ping_status":"open","sticky":false,"template":"","format":"standard","meta":{"spay_email":"","jetpack_publicize_message":"","jetpack_is_tweetstorm":false},"categories":[6],"tags":[],"jetpack_featured_media_url":"","jetpack_publicize_connections":[],"jetpack_sharing_enabled":true,"jetpack_shortlink":"https:\/\/wp.me\/pmZuW-ka","jetpack-related-posts":[{"id":389,"url":"http:\/\/www.soniamoura.com.br\/?p=389","url_meta":{"origin":1250,"position":0},"title":"UM DISCURSO SEDUTOR - artista, p\u00fablico e arte [Parte I]","date":"5 outubro 2008","format":false,"excerpt":"UM DISCURSO SEDUTOR -\u00a0 artista, p\u00fablico e arte [Parte I] \u00a0 [AUTORIA: SONIA MOURA] A arte exibida em pra\u00e7a p\u00fablica ou na rua \u00e9 uma\u00a0 forma de comunica\u00e7\u00e3o, que funciona como uma ponte de convencimento sobre a qual transitam sujeitos(artista\/p\u00fablico) e um objeto(arte), onde acontece a comunh\u00e3o que promove as\u2026","rel":"","context":"Em &quot;Ensaios&quot;","img":{"alt_text":"","src":"","width":0,"height":0},"classes":[]},{"id":1210,"url":"http:\/\/www.soniamoura.com.br\/?p=1210","url_meta":{"origin":1250,"position":1},"title":"POEMA P\u00d3S-TUDO \u2013 AUGUSTO DE CAMPOS \u2013 PARTE V","date":"20 abril 2010","format":false,"excerpt":"\u00a0 POEMA P\u00d3S-TUDO \u2013 AUGUSTO DE CAMPOS \u2013 PARTE V (Autoria: S\u00d4NIA MOURA) \u00a0 Concluindo... \u00a0 O poema\u00a0 P\u00d3STUDO\u00a0 de Augusto de Campos traz a marca da modernidade\u00a0 quando faz a m\u00edmese\u00a0 da\u00a0 linguagem pela desarticula\u00e7\u00e3o da palavra, a qual deixa de ser\u00a0 fundamental e o que prevalece \u00e9 a\u2026","rel":"","context":"Em &quot;Ensaios&quot;","img":{"alt_text":"","src":"","width":0,"height":0},"classes":[]},{"id":1239,"url":"http:\/\/www.soniamoura.com.br\/?p=1239","url_meta":{"origin":1250,"position":2},"title":"CURVAS NA SEARA DE VENTO","date":"18 maio 2010","format":false,"excerpt":"\u00a0 CURVAS NA SEARA DE VENTO\u00a0 (Autoria: S\u00f4nia Moura) (UFF \u2013 Semin\u00e1rio \u2013 2008) Em Seara de Vento de Manuel da Fonseca, o verbo curvar-se e seus sin\u00f4nimos se apresentam como met\u00e1foras- s\u00edntese do romance, dando a estas palavras mobilidades significativas capazes de mostrar os m\u00faltiplos aspectos de uma realidade\u2026","rel":"","context":"Em &quot;Ensaios&quot;","img":{"alt_text":"","src":"","width":0,"height":0},"classes":[]},{"id":540,"url":"http:\/\/www.soniamoura.com.br\/?p=540","url_meta":{"origin":1250,"position":3},"title":"O ESPET\u00c1CULO DA PALAVRA","date":"9 dezembro 2008","format":false,"excerpt":"\u00a0 \u00a0 \u00a0 \u00a0 \u00a0 \u00a0 \u00a0 \u00a0 \u00a0 \u00a0 \u00a0 \u00a0 \u00a0 \u00a0 \u00a0 \u00a0 \u00a0 \u00a0 \u00a0 \u00a0 \u00a0 \u00a0 \u00a0 \u00a0 \u00a0 \u00a0 \u00a0 \u00a0 \u00a0 \u00a0 \u00a0 \u00a0 \u00a0 \u00a0 \u00a0 \u00a0 \u00a0 \u00a0 \u00a0 \u00a0\u00a0 O ESPET\u00c1CULO DA PALAVRA [Autoria: S\u00f4nia Moura] A palavra texto\u2026","rel":"","context":"Em &quot;Ensaios&quot;","img":{"alt_text":"","src":"","width":0,"height":0},"classes":[]},{"id":544,"url":"http:\/\/www.soniamoura.com.br\/?p=544","url_meta":{"origin":1250,"position":4},"title":"FIOS DA MESMA MEADA","date":"12 dezembro 2008","format":false,"excerpt":"FIOS DA MESMA MEADA \u00a0 \u00a0 \u00a0 (Autoria: S\u00d4NIA MOURA) Sabendo-se que um texto nunca est\u00e1 pronto, conclu\u00eddo, para prosseguir fomentando a gera\u00e7\u00e3o de outros textos, a efetiva\u00e7\u00e3o do di\u00e1logo entre autor\/leitor constitui um modo de dilu\u00edrem-se as m\u00e1scaras entre estes e entre a leitura e a escrita, quando tudo\u2026","rel":"","context":"Em &quot;Ensaios&quot;","img":{"alt_text":"","src":"","width":0,"height":0},"classes":[]},{"id":2253,"url":"http:\/\/www.soniamoura.com.br\/?p=2253","url_meta":{"origin":1250,"position":5},"title":"Do folhetim ao folhetim- Entretenimento \u2013 educa\u00e7\u00e3o- ideologia","date":"3 maio 2015","format":false,"excerpt":"Do folhetim ao folhetim- Entretenimento \u2013 educa\u00e7\u00e3o- ideologia (S\u00f4nia Moura \u2013 UFF) \u00a0\u00a0\u00a0\u00a0 PARTE I - \u00a0INTRODU\u00c7\u00c3O Nosso trabalho tem como objetivo principal a instaura\u00e7\u00e3o do alargamento da quest\u00e3o do nacional, destacando \u2013 se a vis\u00e3o dos movimentos art\u00edsticos decisivos e fundamentais para a dissemina\u00e7\u00e3o e afirma\u00e7\u00e3o do nacionalismo brasileiro:\u2026","rel":"","context":"Em &quot;ensaios&quot;","img":{"alt_text":"","src":"","width":0,"height":0},"classes":[]}],"_links":{"self":[{"href":"http:\/\/www.soniamoura.com.br\/index.php?rest_route=\/wp\/v2\/posts\/1250"}],"collection":[{"href":"http:\/\/www.soniamoura.com.br\/index.php?rest_route=\/wp\/v2\/posts"}],"about":[{"href":"http:\/\/www.soniamoura.com.br\/index.php?rest_route=\/wp\/v2\/types\/post"}],"author":[{"embeddable":true,"href":"http:\/\/www.soniamoura.com.br\/index.php?rest_route=\/wp\/v2\/users\/1"}],"replies":[{"embeddable":true,"href":"http:\/\/www.soniamoura.com.br\/index.php?rest_route=%2Fwp%2Fv2%2Fcomments&post=1250"}],"version-history":[{"count":0,"href":"http:\/\/www.soniamoura.com.br\/index.php?rest_route=\/wp\/v2\/posts\/1250\/revisions"}],"wp:attachment":[{"href":"http:\/\/www.soniamoura.com.br\/index.php?rest_route=%2Fwp%2Fv2%2Fmedia&parent=1250"}],"wp:term":[{"taxonomy":"category","embeddable":true,"href":"http:\/\/www.soniamoura.com.br\/index.php?rest_route=%2Fwp%2Fv2%2Fcategories&post=1250"},{"taxonomy":"post_tag","embeddable":true,"href":"http:\/\/www.soniamoura.com.br\/index.php?rest_route=%2Fwp%2Fv2%2Ftags&post=1250"}],"curies":[{"name":"wp","href":"https:\/\/api.w.org\/{rel}","templated":true}]}}