{"id":1245,"date":"2010-05-23T17:06:15","date_gmt":"2010-05-23T21:06:15","guid":{"rendered":"http:\/\/www.soniamoura.com.br\/?p=1245"},"modified":"2010-05-23T17:56:15","modified_gmt":"2010-05-23T21:56:15","slug":"saudades-do-verao","status":"publish","type":"post","link":"http:\/\/www.soniamoura.com.br\/?p=1245","title":{"rendered":"SAUDADES DO VER\u00c3O!"},"content":{"rendered":"<p><a href=\"http:\/\/www.soniamoura.com.br\/wp-content\/uploads\/2010\/05\/saudadedoverao.jpg\" title=\"SAUDADES DO VER\u00c3O!\"><img src=\"http:\/\/www.soniamoura.com.br\/wp-content\/uploads\/2010\/05\/saudadedoverao.jpg\" alt=\"SAUDADES DO VER\u00c3O!\" \/><\/a><\/p>\n<p>Olho para o rel\u00f3gio, ele marca 17h 38min e j\u00e1 est\u00e1 escurecendo.<\/p>\n<p>Paro, vasculho o tempo, sinto o frio e penso:<\/p>\n<p>-Para quem mora numa cidade luminosa e iluminada como o meu Rio de Janeiro, como \u00e9 triste ver a noite chegar t\u00e3o cedo!<\/p>\n<p>SAUDADES DO VER\u00c3O!<\/p>\n<p><a title=\"SAUDADES DO VER\u00c3O!\" href=\"http:\/\/www.soniamoura.com.br\/wp-content\/uploads\/2010\/05\/azulzinho.jpg\"><img alt=\"SAUDADES DO VER\u00c3O!\" src=\"http:\/\/www.soniamoura.com.br\/wp-content\/uploads\/2010\/05\/azulzinho.jpg\" \/><\/a><\/p>\n","protected":false},"excerpt":{"rendered":"<p>Olho para o rel\u00f3gio, ele marca 17h 38min e j\u00e1 est\u00e1 escurecendo. Paro, vasculho o tempo, sinto o frio e penso: -Para quem mora numa cidade luminosa e iluminada como o meu Rio de Janeiro, como \u00e9 triste ver a noite chegar t\u00e3o cedo! SAUDADES DO VER\u00c3O!<\/p>\n","protected":false},"author":1,"featured_media":0,"comment_status":"open","ping_status":"open","sticky":false,"template":"","format":"standard","meta":{"spay_email":"","jetpack_publicize_message":"","jetpack_is_tweetstorm":false},"categories":[8],"tags":[],"jetpack_featured_media_url":"","jetpack_publicize_connections":[],"jetpack_sharing_enabled":true,"jetpack_shortlink":"https:\/\/wp.me\/pmZuW-k5","jetpack-related-posts":[{"id":472,"url":"http:\/\/www.soniamoura.com.br\/?p=472","url_meta":{"origin":1245,"position":0},"title":"ESTALAR DE SONHOS","date":"15 novembro 2008","format":false,"excerpt":"ESTALAR DE SONHOS (Autoria: S\u00f4nia Moura) A tinta vermelha contrasta com a tristeza E eu me pergunto: Por onde andar\u00e3o meus sonhos, Nesta sexta-feira noite- solid\u00e3o? Por onde andar\u00e3o meus sonhos, Perdidos, molhados pela chuva p\u00f3s \u2013 ver\u00e3o, Pendurados nas l\u00e1grimas da verdade Ou estar\u00e3o guardados no cofre de idade-ilus\u00e3o?\u2026","rel":"","context":"Em &quot;Poesias&quot;","img":{"alt_text":"","src":"","width":0,"height":0},"classes":[]},{"id":941,"url":"http:\/\/www.soniamoura.com.br\/?p=941","url_meta":{"origin":1245,"position":1},"title":"HOR\u00c1RIO DE VER\u00c3O","date":"18 outubro 2009","format":false,"excerpt":"\u00a0 \u00a0 \u00a0 \u00a0 \u00a0 \u00a0 \u00a0 \u00a0 \u00a0 \u00a0 \u00a0 \u00a0 \u00a0 \u00a0 \u00a0 \u00a0 \u00a0 \u00a0 \u00a0 \u00a0 \u00a0 \u00a0 \u00a0 \u00a0 HOR\u00c1RIO DE VER\u00c3O \u00a0 Come\u00e7ou o odiado- amado hor\u00e1rio de ver\u00e3o. \u00a0 A partir de amanh\u00e3, segunda-feira [19\/10\/2009], em muitos pontos das cidades atingidas por esta\u2026","rel":"","context":"Em &quot;Blogroll&quot;","img":{"alt_text":"","src":"","width":0,"height":0},"classes":[]},{"id":1383,"url":"http:\/\/www.soniamoura.com.br\/?p=1383","url_meta":{"origin":1245,"position":2},"title":"HOR\u00c1RIO DE VER\u00c3O","date":"18 outubro 2010","format":false,"excerpt":"\u00a0 \u00a0HOR\u00c1RIO DE VER\u00c3O (2) \u00a0 \u00a0 \u00a0 \u00a0 \u00a0 \u00a0 \u00a0 \u00a0 \u00a0 \u00a0 \u00a0 \u00a0 \u00a0 \u201cOs deuses instalaram ansiedade no primeiro homem que \u00a0 \u00a0 \u00a0 \u00a0 \u00a0 \u00a0 \u00a0 \u00a0 \u00a0 \u00a0 descobriu como distinguir\u00a0as horas\u201d. \u00a0 \u00a0 \u00a0 \u00a0 \u00a0 \u00a0 \u00a0 \u00a0 \u00a0 \u00a0\u2026","rel":"","context":"Em &quot;Blogroll&quot;","img":{"alt_text":"","src":"","width":0,"height":0},"classes":[]},{"id":961,"url":"http:\/\/www.soniamoura.com.br\/?p=961","url_meta":{"origin":1245,"position":3},"title":"COR DA SAUDADE","date":"24 outubro 2009","format":false,"excerpt":"\u00a0 \u00a0 Cor da Saudade\u00a0 (Autoria: S\u00d4NIA MOURA) \u00a0\u00a0 Ontem, sonhei que est\u00e1vamos \u00e0 beira-mar Sorvendo o melhor do luar Enquanto nos beij\u00e1vamos A lua veio tamb\u00e9m nos beijar E chegou t\u00e3o perto, t\u00e3o perto Que chegamos nela tocar \u00a0 \u00a0 O dia n\u00e3o amanheceu Eu amanheci E em meus\u2026","rel":"","context":"Em &quot;Poesias&quot;","img":{"alt_text":"","src":"","width":0,"height":0},"classes":[]},{"id":732,"url":"http:\/\/www.soniamoura.com.br\/?p=732","url_meta":{"origin":1245,"position":4},"title":"M\u00c3E- HIST\u00d3RIA VERDADEIRA","date":"9 maio 2009","format":false,"excerpt":"\u00a0 \u00a0 \u00a0 \u00a0 \u00a0 \u00a0 \u00a0 \u00a0 \u00a0 \u00a0 \u00a0 \u00a0 \u00a0 \u00a0 \u00a0 \u00a0 \u00a0 \u00a0 \u00a0 \u00a0 \u00a0 \u00a0 \u00a0 \u00a0 \u00a0 \u00a0 \u00a0 \u00a0 \u00a0\u00a0 M\u00c3E \u2013 HIST\u00d3RIA VERDADEIRA!(Autoria: S\u00d4NIA MOURA) Sentada em sua cadeira de balan\u00e7o, naquele canto da sala, onde o sol bate todas\u2026","rel":"","context":"Em &quot;Mensagens&quot;","img":{"alt_text":"","src":"","width":0,"height":0},"classes":[]},{"id":1610,"url":"http:\/\/www.soniamoura.com.br\/?p=1610","url_meta":{"origin":1245,"position":5},"title":"INUTILMENTE","date":"8 julho 2011","format":false,"excerpt":"\u00a0 INUTIlMENTE (S\u00f4nia Moura) No retrato da sala revejo O sorriso de outrora Os l\u00e1bios S\u00e3o p\u00e9talas de rosa Que se abrem Para a primavera Enquanto o cora\u00e7\u00e3o Pelo ver\u00e3o espera, Os olhos cantam Um canto puro E, com a cor do outono, Exila a tristeza E a vida encanta\u2026","rel":"","context":"Em &quot;Livros&quot;","img":{"alt_text":"","src":"","width":0,"height":0},"classes":[]}],"_links":{"self":[{"href":"http:\/\/www.soniamoura.com.br\/index.php?rest_route=\/wp\/v2\/posts\/1245"}],"collection":[{"href":"http:\/\/www.soniamoura.com.br\/index.php?rest_route=\/wp\/v2\/posts"}],"about":[{"href":"http:\/\/www.soniamoura.com.br\/index.php?rest_route=\/wp\/v2\/types\/post"}],"author":[{"embeddable":true,"href":"http:\/\/www.soniamoura.com.br\/index.php?rest_route=\/wp\/v2\/users\/1"}],"replies":[{"embeddable":true,"href":"http:\/\/www.soniamoura.com.br\/index.php?rest_route=%2Fwp%2Fv2%2Fcomments&post=1245"}],"version-history":[{"count":0,"href":"http:\/\/www.soniamoura.com.br\/index.php?rest_route=\/wp\/v2\/posts\/1245\/revisions"}],"wp:attachment":[{"href":"http:\/\/www.soniamoura.com.br\/index.php?rest_route=%2Fwp%2Fv2%2Fmedia&parent=1245"}],"wp:term":[{"taxonomy":"category","embeddable":true,"href":"http:\/\/www.soniamoura.com.br\/index.php?rest_route=%2Fwp%2Fv2%2Fcategories&post=1245"},{"taxonomy":"post_tag","embeddable":true,"href":"http:\/\/www.soniamoura.com.br\/index.php?rest_route=%2Fwp%2Fv2%2Ftags&post=1245"}],"curies":[{"name":"wp","href":"https:\/\/api.w.org\/{rel}","templated":true}]}}