{"id":117,"date":"2008-01-27T11:53:57","date_gmt":"2008-01-27T15:53:57","guid":{"rendered":"http:\/\/www.soniamoura.com.br\/?p=117"},"modified":"2008-01-27T18:24:33","modified_gmt":"2008-01-27T22:24:33","slug":"a-vida-e-a-arte-ii","status":"publish","type":"post","link":"http:\/\/www.soniamoura.com.br\/?p=117","title":{"rendered":"A Vida e a Arte II"},"content":{"rendered":"<p> <img loading=\"lazy\" src=\"http:\/\/www.soniamoura.com.br\/wp-content\/uploads\/2008\/01\/vidar-te.jpg\" alt=\"Irm\u00e3s se reencontram.\" align=\"left\" height=\"86\" width=\"120\" \/><\/p>\n<p>Segundo o jornal chileno<strong> Di\u00e1rio Renascer de Arauco<\/strong>:<em><a href=\"http:\/\/noticias.terra.com.br\/popular\/interna\/0,,OI2278191-EI1141,00.html\"> \u201cIvette Fabiola Hern\u00e1ndez S\u00e1ez, 25 anos, descobriu da noite para o dia que sua melhor amiga, Elcira Sof\u00eda Araneda S\u00e1ez, eram filhas da mesma m\u00e3e.\u201d<\/a><\/em><\/p>\n<p><strong>Amigas descobrem que s\u00e3o irm\u00e3s depois de 8 anos<\/strong>: daria uma bela novela ou um belo romance, certo?<\/p>\n<p>Mas, a bem da verdade, esta \u00e9 uma hist\u00f3ria real, o que nos mostra, mais uma vez,  que a vida e arte se locupletam.<\/p>\n","protected":false},"excerpt":{"rendered":"<p>Segundo o jornal chileno Di\u00e1rio Renascer de Arauco: \u201cIvette Fabiola Hern\u00e1ndez S\u00e1ez, 25 anos, descobriu da noite para o dia que sua melhor amiga, Elcira Sof\u00eda Araneda S\u00e1ez, eram filhas da mesma m\u00e3e.\u201d Amigas descobrem que s\u00e3o irm\u00e3s depois de 8 anos: daria uma bela novela ou um belo romance, certo? Mas, a bem da [&hellip;]<\/p>\n","protected":false},"author":1,"featured_media":0,"comment_status":"open","ping_status":"open","sticky":false,"template":"","format":"standard","meta":{"spay_email":"","jetpack_publicize_message":"","jetpack_is_tweetstorm":false},"categories":[1],"tags":[],"jetpack_featured_media_url":"","jetpack_publicize_connections":[],"jetpack_sharing_enabled":true,"jetpack_shortlink":"https:\/\/wp.me\/pmZuW-1T","jetpack-related-posts":[{"id":886,"url":"http:\/\/www.soniamoura.com.br\/?p=886","url_meta":{"origin":117,"position":0},"title":"ARTE e FATOS - componentes narrativos","date":"6 setembro 2009","format":false,"excerpt":"\u00a0 ARTE e FATOS - COMPONENTES NARRATIVOS (Autoria: S\u00d4NIA MOURA) \u00a0 Apesar de somente \u00e0 Literatura ser atribu\u00eddo o poder \u201cdivino\u201d da arte, e, no dizer de Umberto Eco, ser a Literatura quase uma religi\u00e3o, enquanto para Paul Ricoeur \u00e0 Hist\u00f3ria caiba o papel de conferir uma ordem ao passado,\u2026","rel":"","context":"Em &quot;Ensaios&quot;","img":{"alt_text":"","src":"","width":0,"height":0},"classes":[]},{"id":83,"url":"http:\/\/www.soniamoura.com.br\/?p=83","url_meta":{"origin":117,"position":1},"title":"VERS\u00d5ES E SUBVERS\u00d5ES ART\u00cdSTICAS","date":"9 dezembro 2007","format":false,"excerpt":"Sendo a arte o reposit\u00f3rio de informa\u00e7\u00f5es culturais de uma \u00e9poca e o artista, aquele que trabalha a realidade, o sonho e a utopia, abordar a concep\u00e7\u00e3o art\u00edstica, compreendida na defini\u00e7\u00e3o do fen\u00f4meno tr\u00e1gico \u00e9, de certo modo, reafirmar que \u201ca perda da Trag\u00e9dia leva o homem \u00e0 perda da\u2026","rel":"","context":"Em &quot;Ensaios&quot;","img":{"alt_text":"","src":"","width":0,"height":0},"classes":[]},{"id":1631,"url":"http:\/\/www.soniamoura.com.br\/?p=1631","url_meta":{"origin":117,"position":2},"title":"CONTANDO HIST\u00d3RIAS por meio de linguagens variadas","date":"18 agosto 2011","format":false,"excerpt":"\u00a0 CONTANDO HIST\u00d3RIAS por meio de linguagens variadas O homem sempre gostou de contar suas hist\u00f3rias e, \u00e9 atrav\u00e9s da oralidade, do desenho, da m\u00fasica, da dan\u00e7a ou da representa\u00e7\u00e3o teatral, entre outros modos de express\u00e3o, que a hist\u00f3ria da humanidade se perpetua. Assim, valendo-se das mais diversas formas de\u2026","rel":"","context":"Em &quot;Ensaios&quot;","img":{"alt_text":"","src":"","width":0,"height":0},"classes":[]},{"id":1653,"url":"http:\/\/www.soniamoura.com.br\/?p=1653","url_meta":{"origin":117,"position":3},"title":"PEDRA E PENA","date":"30 setembro 2011","format":false,"excerpt":"\u00a0 PEDRA E PENA \u00a0(Autoria: S\u00f4nia Moura) Dizem por a\u00ed Que o cora\u00e7\u00e3o n\u00e3o pode pesar mais que uma pena Mas uma voz em mim diz que isto \u00e9 Para tornar as coisas do amor mais amenas Jura que isto \u00e9 met\u00e1fora lisonjeira \u00c9 quimera, \u00e9 arte, \u00e9 ast\u00facia, \u00e9\u2026","rel":"","context":"Em &quot;Livros&quot;","img":{"alt_text":"","src":"","width":0,"height":0},"classes":[]},{"id":437,"url":"http:\/\/www.soniamoura.com.br\/?p=437","url_meta":{"origin":117,"position":4},"title":"IMAGEM E MOVIMENTO - uma introdu\u00e7\u00e3o","date":"30 outubro 2008","format":false,"excerpt":"IMAGEM E MOVIMENTO - uma introdu\u00e7\u00e3o (AUTORIA: S\u00d4NIA MOURA) \u00a0 \u00a0\u00a0 \u00a0 \u00a0 \u00a0\u00a0 O homem sempre gostou de contar suas hist\u00f3rias e, \u00e9 atrav\u00e9s da oralidade, do desenho, da m\u00fasica, da dan\u00e7a ou da representa\u00e7\u00e3o teatral, entre outros modos de express\u00e3o, que o percurso hist\u00f3rico\u00a0 da humanidade se perpetua.\u2026","rel":"","context":"Em &quot;Ensaios&quot;","img":{"alt_text":"","src":"","width":0,"height":0},"classes":[]},{"id":241,"url":"http:\/\/www.soniamoura.com.br\/?p=241","url_meta":{"origin":117,"position":5},"title":"O PRESENTE DE L\u00cdGIA","date":"22 junho 2008","format":false,"excerpt":"O PRESENTE DE L\u00cdGIA (Autoria:\u00a0S\u00d4NIA MOURA) Recebo, por e.mail, uma presente da minha amiga L\u00edgia Coelho. Seria somente mais uma mensagem acompanhada de um pps. Todos sabemos que existem centenas deles, no entanto, ao desembrulhar meu presente, quedo-me ante sua singeleza, sou capturada, sinto-me a prisioneira mais liberta e me\u2026","rel":"","context":"Em &quot;Ensaios&quot;","img":{"alt_text":"","src":"","width":0,"height":0},"classes":[]}],"_links":{"self":[{"href":"http:\/\/www.soniamoura.com.br\/index.php?rest_route=\/wp\/v2\/posts\/117"}],"collection":[{"href":"http:\/\/www.soniamoura.com.br\/index.php?rest_route=\/wp\/v2\/posts"}],"about":[{"href":"http:\/\/www.soniamoura.com.br\/index.php?rest_route=\/wp\/v2\/types\/post"}],"author":[{"embeddable":true,"href":"http:\/\/www.soniamoura.com.br\/index.php?rest_route=\/wp\/v2\/users\/1"}],"replies":[{"embeddable":true,"href":"http:\/\/www.soniamoura.com.br\/index.php?rest_route=%2Fwp%2Fv2%2Fcomments&post=117"}],"version-history":[{"count":0,"href":"http:\/\/www.soniamoura.com.br\/index.php?rest_route=\/wp\/v2\/posts\/117\/revisions"}],"wp:attachment":[{"href":"http:\/\/www.soniamoura.com.br\/index.php?rest_route=%2Fwp%2Fv2%2Fmedia&parent=117"}],"wp:term":[{"taxonomy":"category","embeddable":true,"href":"http:\/\/www.soniamoura.com.br\/index.php?rest_route=%2Fwp%2Fv2%2Fcategories&post=117"},{"taxonomy":"post_tag","embeddable":true,"href":"http:\/\/www.soniamoura.com.br\/index.php?rest_route=%2Fwp%2Fv2%2Ftags&post=117"}],"curies":[{"name":"wp","href":"https:\/\/api.w.org\/{rel}","templated":true}]}}