{"id":116,"date":"2008-01-27T11:36:36","date_gmt":"2008-01-27T15:36:36","guid":{"rendered":"http:\/\/www.soniamoura.com.br\/?p=116"},"modified":"2008-01-27T11:40:20","modified_gmt":"2008-01-27T15:40:20","slug":"ladies-and-gentlemen","status":"publish","type":"post","link":"http:\/\/www.soniamoura.com.br\/?p=116","title":{"rendered":"Ladies and gentlemen &#8230;"},"content":{"rendered":"<p> Acabo de ler a seguinte not\u00edcia:<strong><a HREF=\"http:\/\/www1.folha.uol.com.br\/folha\/brasil\/ult96u367282.shtml\"> \u201cGoulart foi morto a pedido do Brasil<\/a>, diz ex-agente uruguaio\u201d(&#8230;)<\/strong> e o texto<strong> <\/strong>prossegue: \u201c<strong>Barreiro, que est\u00e1 preso desde 2003 na Penitenci\u00e1ria de Alta Seguran\u00e7a de Charqueadas (RS), deu detalhes da opera\u00e7\u00e3o Escorpi\u00e3o, que teria sido acompanhada e financiada pela CIA (ag\u00eancia de intelig\u00eancia americana) para matar Jango.\u201d<\/strong><br \/>\nAinda que, minimamente, a pessoa conhe\u00e7a a hist\u00f3ria do Brasil durante o per\u00edodo ditatorial e conhe\u00e7a tamb\u00e9m um pouquinho da hist\u00f3ria do pa\u00eds financiador deste assassinato, segundo declara\u00e7\u00f5es do<strong> \u201cex-agente do servi\u00e7o de intelig\u00eancia do governo uruguaio Mario Neira Barreiro, 54\u201d,<\/strong> fica no ar a pergunta:<em> Haver\u00e1 alguma raz\u00e3o para se duvidar das declara\u00e7\u00f5es do ex-agente?<\/em><\/p>\n","protected":false},"excerpt":{"rendered":"<p>Acabo de ler a seguinte not\u00edcia: \u201cGoulart foi morto a pedido do Brasil, diz ex-agente uruguaio\u201d(&#8230;) e o texto prossegue: \u201cBarreiro, que est\u00e1 preso desde 2003 na Penitenci\u00e1ria de Alta Seguran\u00e7a de Charqueadas (RS), deu detalhes da opera\u00e7\u00e3o Escorpi\u00e3o, que teria sido acompanhada e financiada pela CIA (ag\u00eancia de intelig\u00eancia americana) para matar Jango.\u201d Ainda [&hellip;]<\/p>\n","protected":false},"author":1,"featured_media":0,"comment_status":"open","ping_status":"open","sticky":false,"template":"","format":"standard","meta":{"spay_email":"","jetpack_publicize_message":"","jetpack_is_tweetstorm":false},"categories":[1],"tags":[],"jetpack_featured_media_url":"","jetpack_publicize_connections":[],"jetpack_sharing_enabled":true,"jetpack_shortlink":"https:\/\/wp.me\/pmZuW-1S","jetpack-related-posts":[{"id":279,"url":"http:\/\/www.soniamoura.com.br\/?p=279","url_meta":{"origin":116,"position":0},"title":"Todos s\u00e3o iguais perante a Lei!!???","date":"15 julho 2008","format":false,"excerpt":"http:\/\/jbonline.terra.com.br\/extra\/2008\/07\/15\/e150715659.html [via www.niu.com.br] Ag\u00eancia Brasil Satiagraha: exposi\u00e7\u00e3o de presos foi erro, diz Tarso \u00a0 \u00a0 A respeito da reuni\u00e3o com o presidente Lula, o ministro afirmou que \"o presidente disse que a conveni\u00eancia de us\u00e1-las (algemas) ou n\u00e3o, de acordo com a lei, \u00e9 do pr\u00f3prio agente. E que o\u2026","rel":"","context":"Em &quot;Mensagens&quot;","img":{"alt_text":"","src":"","width":0,"height":0},"classes":[]},{"id":212,"url":"http:\/\/www.soniamoura.com.br\/?p=212","url_meta":{"origin":116,"position":1},"title":"CARGA PESADA","date":"23 maio 2008","format":false,"excerpt":"CARGA PESADA CARGA PESADA Acad\u00eamico ingl\u00eas\u00a0diz que os ricos t\u00eam QI mais alto. Classe social influenciaria no QI, diz o acad\u00eamico A pequena propor\u00e7\u00e3o de estudantes de classe m\u00e9dia baixa em universidades renomadas \u00e9 o \"resultado natural de uma diferen\u00e7a de QI entre classes sociais\", afirma o acad\u00eamico ingl\u00eas Bruce\u2026","rel":"","context":"Post similar","img":{"alt_text":"","src":"","width":0,"height":0},"classes":[]},{"id":432,"url":"http:\/\/www.soniamoura.com.br\/?p=432","url_meta":{"origin":116,"position":2},"title":"HODIERNO","date":"28 outubro 2008","format":false,"excerpt":"HODIERNO Leiam com muita aten\u00e7\u00e3o: \u201c WASHINGTON (AFP) - Dois jovens neonazistas foram presos no Tennessee (sul dos Estados Unidos) por terem proferido amea\u00e7as de morte contra o candidato democrata \u00e0 Casa Branca, Barack Obama, segundo documentos da Justi\u00e7a dos quais a AFP obteve uma c\u00f3pia nesta segunda-feira.De acordo com\u2026","rel":"","context":"Post similar","img":{"alt_text":"","src":"","width":0,"height":0},"classes":[]},{"id":1346,"url":"http:\/\/www.soniamoura.com.br\/?p=1346","url_meta":{"origin":116,"position":3},"title":"CONVERSA FIADA","date":"5 setembro 2010","format":false,"excerpt":"\u00a0 CONVERSA FIADA (por S\u00f4nia Moura) \u00a0 No Brasil, durante o per\u00edodo que antecede \u00e0s elei\u00e7\u00f5es, o disse-me-disse e as bomb\u00e1sticas declara\u00e7\u00f5es incriminadoras em rela\u00e7\u00e3o a este ou \u00e0quele candidato s\u00e3o fartamente explorados pela m\u00eddia, e, cada uma a seu modo, tenta fazer m\u00e9dia com o candidato para o qual\u2026","rel":"","context":"Em &quot;R\u00e1pidas&quot;","img":{"alt_text":"","src":"","width":0,"height":0},"classes":[]},{"id":1757,"url":"http:\/\/www.soniamoura.com.br\/?p=1757","url_meta":{"origin":116,"position":4},"title":"PALAVRAS INDIZ\u00cdVEIS","date":"11 mar\u00e7o 2012","format":false,"excerpt":"\u00a0 PALAVRAS INDIZ\u00cdVEIS\u00a0 (Autoria: S\u00d4NIA MOURA) Em certos instantes da vida, h\u00e1 coisas que se tornam indiz\u00edveis. N\u00e3o que sejam feias ou pecaminosas, n\u00e3o, apenas nos quedamos ante a impossibilidade do dizer, do falar, do escrever as coisas que sentimos, pois, nestes momentos, n\u00e3o sabemos enfeitar as palavras a serem\u2026","rel":"","context":"Em &quot;Livros&quot;","img":{"alt_text":"","src":"","width":0,"height":0},"classes":[]},{"id":2388,"url":"http:\/\/www.soniamoura.com.br\/?p=2388","url_meta":{"origin":116,"position":5},"title":"As contas de um desencanto","date":"27 abril 2016","format":false,"excerpt":"Os vendedores j\u00e1 a conheciam. Mais uma vez, comprou um livro no sebo, gostava disso. Livros antigos, j\u00e1 manuseados por outros. O que teriam achado da hist\u00f3ria? Leram por prazer ou por obriga\u00e7\u00e3o? Comprava, lia e passava adiante. Dizia sempre que livro foi feito para trocar de dono e que\u2026","rel":"","context":"Em &quot;Contos&quot;","img":{"alt_text":"","src":"https:\/\/i2.wp.com\/www.soniamoura.com.br\/wp-content\/uploads\/2016\/04\/FotoRasgada2-300x290.gif?resize=350%2C200","width":350,"height":200},"classes":[]}],"_links":{"self":[{"href":"http:\/\/www.soniamoura.com.br\/index.php?rest_route=\/wp\/v2\/posts\/116"}],"collection":[{"href":"http:\/\/www.soniamoura.com.br\/index.php?rest_route=\/wp\/v2\/posts"}],"about":[{"href":"http:\/\/www.soniamoura.com.br\/index.php?rest_route=\/wp\/v2\/types\/post"}],"author":[{"embeddable":true,"href":"http:\/\/www.soniamoura.com.br\/index.php?rest_route=\/wp\/v2\/users\/1"}],"replies":[{"embeddable":true,"href":"http:\/\/www.soniamoura.com.br\/index.php?rest_route=%2Fwp%2Fv2%2Fcomments&post=116"}],"version-history":[{"count":0,"href":"http:\/\/www.soniamoura.com.br\/index.php?rest_route=\/wp\/v2\/posts\/116\/revisions"}],"wp:attachment":[{"href":"http:\/\/www.soniamoura.com.br\/index.php?rest_route=%2Fwp%2Fv2%2Fmedia&parent=116"}],"wp:term":[{"taxonomy":"category","embeddable":true,"href":"http:\/\/www.soniamoura.com.br\/index.php?rest_route=%2Fwp%2Fv2%2Fcategories&post=116"},{"taxonomy":"post_tag","embeddable":true,"href":"http:\/\/www.soniamoura.com.br\/index.php?rest_route=%2Fwp%2Fv2%2Ftags&post=116"}],"curies":[{"name":"wp","href":"https:\/\/api.w.org\/{rel}","templated":true}]}}