{"id":114,"date":"2008-01-23T12:03:51","date_gmt":"2008-01-23T16:03:51","guid":{"rendered":"http:\/\/www.soniamoura.com.br\/?p=114"},"modified":"2008-01-23T12:06:48","modified_gmt":"2008-01-23T16:06:48","slug":"a-vida-e-a-arte","status":"publish","type":"post","link":"http:\/\/www.soniamoura.com.br\/?p=114","title":{"rendered":"A Vida e a Arte"},"content":{"rendered":"<p><a HREF=\"http:\/\/www.soniamoura.com.br\/wp-content\/uploads\/2008\/01\/20080123120149empregada203.jpg\" TITLE=\"Pai e filha\"><img SRC=\"http:\/\/www.soniamoura.com.br\/wp-content\/uploads\/2008\/01\/20080123120149empregada203.jpg\" ALT=\"Pai e filha\" \/><\/a><\/p>\n<p>A vida e a arte<\/p>\n<p>Leiam este artigo: <strong>\u201cEmpregada descobre que patr\u00e3o era o<a HREF=\"http:\/\/www.bbc.co.uk\/portuguese\/reporterbbc\/story\/2008\/01\/080123_mulherachapai_ba.shtml\"> pai desaparecido<\/a>\u201d<\/strong>  e comprovem que nem sempre o ficcionista \u201cinventa\u201d, como geralmente se sup\u00f5e, mas, certamente ele aproveita o que a vida tem de melhor ou de pior, para  recriar. Recolhe os dados, rearruma os fatos, p\u00f5e alguns adere\u00e7os na hist\u00f3ria, subtrai, acrescenta e, por que n\u00e3o? inventa e devolve a todos o que j\u00e1 existe no mundo.<\/p>\n","protected":false},"excerpt":{"rendered":"<p>A vida e a arte Leiam este artigo: \u201cEmpregada descobre que patr\u00e3o era o pai desaparecido\u201d e comprovem que nem sempre o ficcionista \u201cinventa\u201d, como geralmente se sup\u00f5e, mas, certamente ele aproveita o que a vida tem de melhor ou de pior, para recriar. Recolhe os dados, rearruma os fatos, p\u00f5e alguns adere\u00e7os na hist\u00f3ria, [&hellip;]<\/p>\n","protected":false},"author":1,"featured_media":0,"comment_status":"open","ping_status":"open","sticky":false,"template":"","format":"standard","meta":{"spay_email":"","jetpack_publicize_message":"","jetpack_is_tweetstorm":false},"categories":[1],"tags":[],"jetpack_featured_media_url":"","jetpack_publicize_connections":[],"jetpack_sharing_enabled":true,"jetpack_shortlink":"https:\/\/wp.me\/pmZuW-1Q","jetpack-related-posts":[{"id":117,"url":"http:\/\/www.soniamoura.com.br\/?p=117","url_meta":{"origin":114,"position":0},"title":"A Vida e a Arte II","date":"27 janeiro 2008","format":false,"excerpt":"Segundo o jornal chileno Di\u00e1rio Renascer de Arauco: \u201cIvette Fabiola Hern\u00e1ndez S\u00e1ez, 25 anos, descobriu da noite para o dia que sua melhor amiga, Elcira Sof\u00eda Araneda S\u00e1ez, eram filhas da mesma m\u00e3e.\u201d Amigas descobrem que s\u00e3o irm\u00e3s depois de 8 anos: daria uma bela novela ou um belo romance,\u2026","rel":"","context":"Post similar","img":{"alt_text":"","src":"","width":0,"height":0},"classes":[]},{"id":2256,"url":"http:\/\/www.soniamoura.com.br\/?p=2256","url_meta":{"origin":114,"position":1},"title":"Do folhetim ao folhetim-  Entretenimento \u2013 educa\u00e7\u00e3o- ideologia (Parte III)","date":"8 maio 2015","format":false,"excerpt":"Do folhetim ao folhetim (S\u00f4nia Moura \u2013 UFF) \u00a0 Parte III \u00a0 II - LI\u00c7\u00d5ES DE MESTRES (escritores e cineasta) \u00a0 \u00a0 Assim, chegamos a Humberto Mauro e \u00e0 sua cria\u00e7\u00e3o ARGILA, filme que tem a forte marca do nacionalismo \u2013 redesenhado pelo prisma pol\u00edtico da era Vargas e pelo\u2026","rel":"","context":"Em &quot;ensaios&quot;","img":{"alt_text":"","src":"https:\/\/i1.wp.com\/www.soniamoura.com.br\/wp-content\/uploads\/2015\/05\/brasilll-300x236.jpg?resize=350%2C200","width":350,"height":200},"classes":[]},{"id":83,"url":"http:\/\/www.soniamoura.com.br\/?p=83","url_meta":{"origin":114,"position":2},"title":"VERS\u00d5ES E SUBVERS\u00d5ES ART\u00cdSTICAS","date":"9 dezembro 2007","format":false,"excerpt":"Sendo a arte o reposit\u00f3rio de informa\u00e7\u00f5es culturais de uma \u00e9poca e o artista, aquele que trabalha a realidade, o sonho e a utopia, abordar a concep\u00e7\u00e3o art\u00edstica, compreendida na defini\u00e7\u00e3o do fen\u00f4meno tr\u00e1gico \u00e9, de certo modo, reafirmar que \u201ca perda da Trag\u00e9dia leva o homem \u00e0 perda da\u2026","rel":"","context":"Em &quot;Ensaios&quot;","img":{"alt_text":"","src":"","width":0,"height":0},"classes":[]},{"id":886,"url":"http:\/\/www.soniamoura.com.br\/?p=886","url_meta":{"origin":114,"position":3},"title":"ARTE e FATOS - componentes narrativos","date":"6 setembro 2009","format":false,"excerpt":"\u00a0 ARTE e FATOS - COMPONENTES NARRATIVOS (Autoria: S\u00d4NIA MOURA) \u00a0 Apesar de somente \u00e0 Literatura ser atribu\u00eddo o poder \u201cdivino\u201d da arte, e, no dizer de Umberto Eco, ser a Literatura quase uma religi\u00e3o, enquanto para Paul Ricoeur \u00e0 Hist\u00f3ria caiba o papel de conferir uma ordem ao passado,\u2026","rel":"","context":"Em &quot;Ensaios&quot;","img":{"alt_text":"","src":"","width":0,"height":0},"classes":[]},{"id":241,"url":"http:\/\/www.soniamoura.com.br\/?p=241","url_meta":{"origin":114,"position":4},"title":"O PRESENTE DE L\u00cdGIA","date":"22 junho 2008","format":false,"excerpt":"O PRESENTE DE L\u00cdGIA (Autoria:\u00a0S\u00d4NIA MOURA) Recebo, por e.mail, uma presente da minha amiga L\u00edgia Coelho. Seria somente mais uma mensagem acompanhada de um pps. Todos sabemos que existem centenas deles, no entanto, ao desembrulhar meu presente, quedo-me ante sua singeleza, sou capturada, sinto-me a prisioneira mais liberta e me\u2026","rel":"","context":"Em &quot;Ensaios&quot;","img":{"alt_text":"","src":"","width":0,"height":0},"classes":[]},{"id":1206,"url":"http:\/\/www.soniamoura.com.br\/?p=1206","url_meta":{"origin":114,"position":5},"title":"POEMA P\u00d3S-TUDO de AUGUSTO DE CAMPOS \u2013 parte III","date":"18 abril 2010","format":false,"excerpt":"POEMA P\u00d3S-TUDO de AUGUSTO DE CAMPOS \u2013 parte III (Autoria: S\u00f4nia Moura) \u00a0 \u00a0\u00a0\u00a0 Modernismo x P\u00f3s \u2013 Moderno\u00a0 \u00a0 \u00a0 \u00a0 \u00a0 \u00a0 \u00a0 Enquanto os modernistas eram a imagem da EXALTA\u00c7\u00c3O, os p\u00f3s \u2013 modernos s\u00e3o a pr\u00f3pria EXAUST\u00c3O. \u00a0\u00a0\u00a0\u00a0\u00a0\u00a0\u00a0\u00a0\u00a0 A arte Moderna tem total liberdade criadora, \u00e9\u2026","rel":"","context":"Em &quot;Ensaios&quot;","img":{"alt_text":"","src":"","width":0,"height":0},"classes":[]}],"_links":{"self":[{"href":"http:\/\/www.soniamoura.com.br\/index.php?rest_route=\/wp\/v2\/posts\/114"}],"collection":[{"href":"http:\/\/www.soniamoura.com.br\/index.php?rest_route=\/wp\/v2\/posts"}],"about":[{"href":"http:\/\/www.soniamoura.com.br\/index.php?rest_route=\/wp\/v2\/types\/post"}],"author":[{"embeddable":true,"href":"http:\/\/www.soniamoura.com.br\/index.php?rest_route=\/wp\/v2\/users\/1"}],"replies":[{"embeddable":true,"href":"http:\/\/www.soniamoura.com.br\/index.php?rest_route=%2Fwp%2Fv2%2Fcomments&post=114"}],"version-history":[{"count":0,"href":"http:\/\/www.soniamoura.com.br\/index.php?rest_route=\/wp\/v2\/posts\/114\/revisions"}],"wp:attachment":[{"href":"http:\/\/www.soniamoura.com.br\/index.php?rest_route=%2Fwp%2Fv2%2Fmedia&parent=114"}],"wp:term":[{"taxonomy":"category","embeddable":true,"href":"http:\/\/www.soniamoura.com.br\/index.php?rest_route=%2Fwp%2Fv2%2Fcategories&post=114"},{"taxonomy":"post_tag","embeddable":true,"href":"http:\/\/www.soniamoura.com.br\/index.php?rest_route=%2Fwp%2Fv2%2Ftags&post=114"}],"curies":[{"name":"wp","href":"https:\/\/api.w.org\/{rel}","templated":true}]}}